{"id":36753,"date":"2025-05-10T11:00:16","date_gmt":"2025-05-10T11:00:16","guid":{"rendered":"https:\/\/ikimisli.tr\/?p=36753"},"modified":"2025-05-10T11:00:16","modified_gmt":"2025-05-10T11:00:16","slug":"turkiyede-cok-sevilen-otomobil-markasi-kuculmeye-karar-verdi-binlerce-kisiyi-isten-atiyor","status":"publish","type":"post","link":"https:\/\/ikimisli.tr\/index.php\/2025\/05\/10\/turkiyede-cok-sevilen-otomobil-markasi-kuculmeye-karar-verdi-binlerce-kisiyi-isten-atiyor\/","title":{"rendered":"T\u00fcrkiye&#8217;de \u00e7ok sevilen otomobil markas\u0131 k\u00fc\u00e7\u00fclmeye karar verdi binlerce ki\u015fiyi i\u015ften at\u0131yor"},"content":{"rendered":"<p>Porsche&#8217;den Yeni \u0130\u015ften \u00c7\u0131karma Dalgas\u0131: 1.900 \u00c7al\u0131\u015fan Daha \u0130\u015fsiz Kalacak!<\/p>\n<p>D\u00fcnyan\u0131n \u00f6nde gelen spor araba \u00fcreticisi Porsche, mali yap\u0131s\u0131n\u0131 g\u00fc\u00e7lendirmek gayesiyle i\u015f g\u00fcc\u00fcnde k\u0131ymetli bir kesintiye gitmeye haz\u0131rlan\u0131yor. \u015eirket s\u00f6zc\u00fcs\u00fc, Reuters\u2019e yapt\u0131\u011f\u0131 a\u00e7\u0131klamada, mevcut tasarruf program\u0131n\u0131n k\u00e2fi olmad\u0131\u011f\u0131na dikkat \u00e7ekerek, \u00f6n\u00fcm\u00fczdeki d\u00f6rt y\u0131l i\u00e7inde 1.900 \u00e7al\u0131\u015fan\u0131n daha i\u015fine son verilece\u011fini duyurdu.<\/p>\n<p><b>Volkswagen Grubu\u2019nda \u0130\u015ften \u00c7\u0131karmalar S\u00fcrat Kesmeden Devam Ediyor<\/b><\/p>\n<p>Almanya\u2019n\u0131n en b\u00fcy\u00fck otomotiv devlerinden Volkswagen K\u00fcmesi, 2024 y\u0131l\u0131 boyunca b\u00fcy\u00fck \u00e7apl\u0131 i\u015ften \u00e7\u0131karmalarla g\u00fcndeme gelmi\u015fti. 10 bin \u00e7al\u0131\u015fanla ba\u015flat\u0131lan i\u015ften \u00e7\u0131karma s\u00fcreci, 30 bin \u015fahsa kadar geni\u015fletilece\u011fi a\u00e7\u0131klan\u0131rken, VW\u2019nin k\u00fcme \u015firketleri ortas\u0131nda yer alan Audi ve Porsche \u00fczere markalar da bu dalgadan etkilendi.<\/p>\n<p>Audi\u2019nin Br\u00fcksel\u2019de bulunan \u00fcretim tesisini devre d\u0131\u015f\u0131 b\u0131rakmas\u0131n\u0131n akabinde misal bir ad\u0131m Porsche taraf\u0131ndan geldi. \u015eirket, 2029 y\u0131l\u0131na kadar Almanya\u2019daki ana \u00fcretim merkezi olan Stuttgart-Zuffenhausen ve Weissach\u2019ta \u00e7al\u0131\u015fan say\u0131s\u0131n\u0131 y\u00fczde 15 oran\u0131nda azaltmay\u0131 planlad\u0131\u011f\u0131n\u0131 duyurdu.<\/p>\n<p><b>Porsche\u2019de \u0130\u015ften \u00c7\u0131karmalar Artarak Devam Ediyor<\/b><\/p>\n<p>\u015eirket s\u00f6zc\u00fcs\u00fc, 2024 y\u0131l\u0131 prestijiyle 1.500 \u00e7al\u0131\u015fan\u0131n mukavelelerinin yenilenmedi\u011fini ve 500 ki\u015finin daha yak\u0131n vakitte i\u015ften \u00e7\u0131kar\u0131ld\u0131\u011f\u0131n\u0131 a\u00e7\u0131klad\u0131. Ancak Porsche y\u00f6netim kurulu ve \u00e7al\u0131\u015fma kurulu, mevcut say\u0131lar\u0131 yetersiz buldu ve \u00f6n\u00fcm\u00fczdeki y\u0131llarda ek olarak 1.900 ki\u015finin daha i\u015ften \u00e7\u0131kar\u0131lmas\u0131na karar verdi.<\/p>\n<p><b>Toplam 4 Bin \u00c7al\u0131\u015fan Etkilenecek!<\/b><\/p>\n<p>Bu i\u015ften \u00e7\u0131karma dalgas\u0131yla birlikte \u015fu ana kadar toplam 4 bin Porsche \u00e7al\u0131\u015fan\u0131 i\u015fini kaybetmi\u015f olacak. Ayr\u0131yeten, \u015firketin bo\u015f durumlar\u0131 doldurma ve yeni i\u015fe al\u0131m konusunda k\u0131s\u0131tlay\u0131c\u0131 bir siyaset izleyece\u011fi belirtildi. \u015eirketin s\u00f6zc\u00fcs\u00fc, Porsche\u2019nin \u015fu an i\u00e7in mali yap\u0131s\u0131n\u0131 korudu\u011funu, fakat kuvvetli ekonomik ve jeopolitik \u015fartlar nedeniyle b\u00fcy\u00fck p\u00fcr\u00fczlerle kar\u015f\u0131 kar\u015f\u0131ya oldu\u011funu vurgulad\u0131.<\/p>\n<p><b>Sat\u0131\u015flar \u00dc\u00e7 Kat\u0131na \u00c7\u0131ksa da \u0130\u015ften \u00c7\u0131karmalar Ka\u00e7\u0131n\u0131lmaz<\/b><\/p>\n<p>Her ne kadar Porsche, ge\u00e7ti\u011fimiz y\u0131l sat\u0131\u015f say\u0131lar\u0131n\u0131 bir evvelki y\u0131la k\u0131yasla neredeyse \u00fc\u00e7 kat\u0131na \u00e7\u0131karm\u0131\u015f olsa da, bu b\u00fcy\u00fcmenin b\u00fcy\u00fck \u00f6l\u00e7\u00fcde Almanya pazar\u0131nda ger\u00e7ekle\u015fti\u011fi ve \u00f6b\u00fcr k\u0131ymetli pazarlarda sat\u0131\u015flar\u0131n stabil kald\u0131\u011f\u0131 s\u00f6z edildi. ABD, \u00c7in ve Avrupa\u2019n\u0131n geri kalan\u0131ndaki sat\u0131\u015f adetlerinde kayda bedel bir art\u0131\u015f ya\u015fanmazken, \u015firketin \u00fcretim, hammadde ve personellik maliyetleri nedeniyle i\u015ften \u00e7\u0131karma karar\u0131n\u0131n ka\u00e7\u0131n\u0131lmaz oldu\u011fu lisana getirildi.<\/p>\n","protected":false},"excerpt":{"rendered":"<p>Almanya&#8217;n\u0131n i\u00e7inde bulundu\u011fu ekonomik krizden etkilenenler ortas\u0131na T\u00fcrkiye&#8217;nin b\u00fcy\u00fck kentlerinde yollarda s\u0131k\u00e7a rastlad\u0131\u011f\u0131m\u0131z l\u00fcks araba markas\u0131 Porsche de kat\u0131ld\u0131. Porsche ekonomik durumunu dengelemek i\u00e7in 1900 ki\u015fiyi i\u015ften \u00e7\u0131kartmay\u0131 planl\u0131yor<\/p>\n","protected":false},"author":1,"featured_media":36754,"comment_status":"open","ping_status":"open","sticky":false,"template":"","format":"standard","meta":{"footnotes":""},"categories":[24],"tags":[594,524,5821,5754,402],"class_list":["post-36753","post","type-post","status-publish","format-standard","has-post-thumbnail","hentry","category-ekonomi","tag-calisan","tag-is","tag-isten-cikarma","tag-porsche","tag-sirket"],"_links":{"self":[{"href":"https:\/\/ikimisli.tr\/index.php\/wp-json\/wp\/v2\/posts\/36753","targetHints":{"allow":["GET"]}}],"collection":[{"href":"https:\/\/ikimisli.tr\/index.php\/wp-json\/wp\/v2\/posts"}],"about":[{"href":"https:\/\/ikimisli.tr\/index.php\/wp-json\/wp\/v2\/types\/post"}],"author":[{"embeddable":true,"href":"https:\/\/ikimisli.tr\/index.php\/wp-json\/wp\/v2\/users\/1"}],"replies":[{"embeddable":true,"href":"https:\/\/ikimisli.tr\/index.php\/wp-json\/wp\/v2\/comments?post=36753"}],"version-history":[{"count":1,"href":"https:\/\/ikimisli.tr\/index.php\/wp-json\/wp\/v2\/posts\/36753\/revisions"}],"predecessor-version":[{"id":36755,"href":"https:\/\/ikimisli.tr\/index.php\/wp-json\/wp\/v2\/posts\/36753\/revisions\/36755"}],"wp:featuredmedia":[{"embeddable":true,"href":"https:\/\/ikimisli.tr\/index.php\/wp-json\/wp\/v2\/media\/36754"}],"wp:attachment":[{"href":"https:\/\/ikimisli.tr\/index.php\/wp-json\/wp\/v2\/media?parent=36753"}],"wp:term":[{"taxonomy":"category","embeddable":true,"href":"https:\/\/ikimisli.tr\/index.php\/wp-json\/wp\/v2\/categories?post=36753"},{"taxonomy":"post_tag","embeddable":true,"href":"https:\/\/ikimisli.tr\/index.php\/wp-json\/wp\/v2\/tags?post=36753"}],"curies":[{"name":"wp","href":"https:\/\/api.w.org\/{rel}","templated":true}]}}