{"id":36756,"date":"2025-05-10T11:12:15","date_gmt":"2025-05-10T11:12:15","guid":{"rendered":"https:\/\/ikimisli.tr\/?p=36756"},"modified":"2025-05-10T11:12:15","modified_gmt":"2025-05-10T11:12:15","slug":"ingiltereden-flas-aciklama-ukrayna-natoya-giriyor-mu","status":"publish","type":"post","link":"https:\/\/ikimisli.tr\/index.php\/2025\/05\/10\/ingiltereden-flas-aciklama-ukrayna-natoya-giriyor-mu\/","title":{"rendered":"\u0130ngiltere&#8217;den fla\u015f a\u00e7\u0131klama: Ukrayna NATO&#8217;ya giriyor mu?"},"content":{"rendered":"<p>\u0130ngiltere Ba\u015fbakan\u0131 Keir Starmer, Ukrayna&#8217;n\u0131n NATO&#8217;ya i\u015ftirakinde d\u00f6n\u00fclmez bir yolda ilerledi\u011fini ve \u0130ngiltere&#8217;nin bu bahiste verdi\u011fi taahh\u00fcde s\u0131k\u0131 bir halde ba\u011fl\u0131 olduklar\u0131n\u0131 vurgulad\u0131. Ba\u015fbakanl\u0131k Ofisi 10 Numara&#8217;dan yap\u0131lan a\u00e7\u0131klamaya nazaran, Starmer sabah saatlerinde Ukrayna Devlet Ba\u015fkan\u0131 Volodimir Zelenskiy ile telefon g\u00f6r\u00fc\u015fmesi ger\u00e7ekle\u015ftirdi.<\/p>\n<p>G\u00f6r\u00fc\u015fmede, \u0130ngiltere&#8217;nin Ukrayna&#8217;ya gereksinim duydu\u011fu s\u00fcrece somut dayanak sa\u011flamaya devam edece\u011fini belirten Starmer, Ukrayna&#8217;n\u0131n NATO \u00fcyeli\u011fi olmadan rastgele bir m\u00fczakere yap\u0131lmas\u0131n\u0131n m\u00fcmk\u00fcn olmayaca\u011f\u0131n\u0131 tabir etti. Ayr\u0131yeten, Ukrayna&#8217;n\u0131n g\u00fc\u00e7l\u00fc g\u00fcvenlik garantilerine, ek askeri yard\u0131mlara ve h\u00e2kim bir gelece\u011fe gereksinim duydu\u011funa dikkat \u00e7ekti.<\/p>\n<p>Ba\u015fbakan, ge\u00e7ti\u011fimiz y\u0131l Washington&#8217;da yap\u0131lan NATO Doru\u011fu&#8217;nda m\u00fcttefikler taraf\u0131ndan kabul edilen &#8220;Ukrayna&#8217;n\u0131n NATO&#8217;ya i\u015ftirakte d\u00f6n\u00fc\u015f\u00fc olmayan bir yolda ilerlemesi&#8221; taahh\u00fcd\u00fcne sad\u0131k kalacaklar\u0131n\u0131 yineledi. Starmer, bu taahh\u00fcd\u00fcn milletleraras\u0131 takviyesi ve Ukrayna&#8217;n\u0131n g\u00fcvenli\u011fini peki\u015ftirmek ismine k\u0131ymet ta\u015f\u0131d\u0131\u011f\u0131n\u0131 belirtti.<\/p>\n<p>G\u00f6r\u00fc\u015fmede ayr\u0131yeten, Starmer&#8217;\u0131n ge\u00e7en ay Kiev\u2019i ziyaret etmesi ve bu ziyaretteki temaslar\u0131 da g\u00fcndeme geldi. Zelenskiy, M\u00fcnih G\u00fcvenlik Konferans\u0131\u2019na ait planlar\u0131 hakk\u0131nda Starmer\u2019a bilgi vererek, iki ba\u015fkan aras\u0131nda yak\u0131n i\u015f birli\u011fi i\u00e7in mutab\u0131k kal\u0131nd\u0131.<\/p>\n<p>Bu a\u00e7\u0131klamalar, Rusya-Ukrayna Sava\u015f\u0131&#8217;n\u0131n 3. y\u0131l\u0131na yakla\u015f\u0131rken, memleketler aras\u0131 toplumun Ukrayna&#8217;ya takviyesini s\u00fcrd\u00fcrme kararl\u0131l\u0131\u011f\u0131n\u0131 bir defa daha g\u00f6zler \u00f6n\u00fcne serdi.<\/p>\n","protected":false},"excerpt":{"rendered":"<p>\u0130ngiltere Ba\u015fbakan\u0131 Keir Starmer, Ukrayna&#8217;n\u0131n NATO&#8217;ya i\u015ftirakte d\u00f6n\u00fclmez bir yolda ilerledi\u011fini a\u00e7\u0131klad\u0131<\/p>\n","protected":false},"author":1,"featured_media":36757,"comment_status":"open","ping_status":"open","sticky":false,"template":"","format":"standard","meta":{"footnotes":""},"categories":[43],"tags":[1302,5767],"class_list":["post-36756","post","type-post","status-publish","format-standard","has-post-thumbnail","hentry","category-dunya","tag-starmer","tag-ukraynanin"],"_links":{"self":[{"href":"https:\/\/ikimisli.tr\/index.php\/wp-json\/wp\/v2\/posts\/36756","targetHints":{"allow":["GET"]}}],"collection":[{"href":"https:\/\/ikimisli.tr\/index.php\/wp-json\/wp\/v2\/posts"}],"about":[{"href":"https:\/\/ikimisli.tr\/index.php\/wp-json\/wp\/v2\/types\/post"}],"author":[{"embeddable":true,"href":"https:\/\/ikimisli.tr\/index.php\/wp-json\/wp\/v2\/users\/1"}],"replies":[{"embeddable":true,"href":"https:\/\/ikimisli.tr\/index.php\/wp-json\/wp\/v2\/comments?post=36756"}],"version-history":[{"count":1,"href":"https:\/\/ikimisli.tr\/index.php\/wp-json\/wp\/v2\/posts\/36756\/revisions"}],"predecessor-version":[{"id":36758,"href":"https:\/\/ikimisli.tr\/index.php\/wp-json\/wp\/v2\/posts\/36756\/revisions\/36758"}],"wp:featuredmedia":[{"embeddable":true,"href":"https:\/\/ikimisli.tr\/index.php\/wp-json\/wp\/v2\/media\/36757"}],"wp:attachment":[{"href":"https:\/\/ikimisli.tr\/index.php\/wp-json\/wp\/v2\/media?parent=36756"}],"wp:term":[{"taxonomy":"category","embeddable":true,"href":"https:\/\/ikimisli.tr\/index.php\/wp-json\/wp\/v2\/categories?post=36756"},{"taxonomy":"post_tag","embeddable":true,"href":"https:\/\/ikimisli.tr\/index.php\/wp-json\/wp\/v2\/tags?post=36756"}],"curies":[{"name":"wp","href":"https:\/\/api.w.org\/{rel}","templated":true}]}}