{"id":36766,"date":"2025-05-10T12:00:35","date_gmt":"2025-05-10T12:00:35","guid":{"rendered":"https:\/\/ikimisli.tr\/?p=36766"},"modified":"2025-05-10T12:00:35","modified_gmt":"2025-05-10T12:00:35","slug":"sehit-uzman-cavus-osman-oktay-son-yolculuguna-ugurlandi","status":"publish","type":"post","link":"https:\/\/ikimisli.tr\/index.php\/2025\/05\/10\/sehit-uzman-cavus-osman-oktay-son-yolculuguna-ugurlandi\/","title":{"rendered":"\u015eehit Uzman \u00c7avu\u015f Osman Oktay son yolculu\u011funa u\u011furland\u0131"},"content":{"rendered":"<p>Suriye\u2019nin kuzeyinde ter\u00f6ristlerin a\u00e7t\u0131\u011f\u0131 taciz ate\u015fi sonucu yaralanan ve tedavi g\u00f6rd\u00fc\u011f\u00fc hastanede alt\u0131 g\u00fcn sonra \u015fehit olan Piyade Uzman \u00c7avu\u015f Osman Oktay(26)&#8217;\u0131n naa\u015f\u0131 Gaziantep\u2019te d\u00fczenlenen merasimin akabinde \u00f6\u011flen saatlerinde askeri u\u00e7akla \u0130zmir\u2019e getirildi. \u015eehidin naa\u015f\u0131 Adnan Menderes Havaliman\u0131\u2019ndaki askeri b\u00f6lgede d\u00fczenlenen merasimle kar\u015f\u0131land\u0131. \u015eehit Piyade Uzman \u00c7avu\u015f Oktay&#8217;\u0131n T\u00fcrk bayra\u011f\u0131na sar\u0131l\u0131 tabutu, u\u00e7aktan merasim k\u0131tas\u0131 taraf\u0131ndan indirilerek cenaze arac\u0131na ta\u015f\u0131nd\u0131.<\/p>\n<p><img decoding=\"async\" src=\"https:\/\/ikimisli.tr\/wp-content\/uploads\/2025\/05\/sehit-uzman-cavus-osman-oktay-son-yolculuguna-ugurlandi-0-jemsGir1.jpeg\"\/><\/p>\n<p>\u015eehit Osman Oktay i\u00e7in Gaziemir\u2019deki 15 Temmuz \u015eehitler Camii\u2019nde ikindi namaz\u0131n\u0131 m\u00fcteakip cenaze merasimi d\u00fczenlendi. Burada d\u00fczenlenen merasime \u0130zmir Valisi S\u00fcleyman Elban, Ege Ordu ve Garnizon Kumandan\u0131 \u0130rfan \u00d6zsert, \u0130ZBB Ba\u015fkan\u0131 Cemil Tugay, \u00c7al\u0131\u015fma ve Toplumsal G\u00fcvenlik Bakan Yard\u0131mc\u0131s\u0131 Adnan Ertem, CHP \u0130\u00e7i\u015fleri Siyasetlerinden Sorumlu Genel Lider Yard\u0131mc\u0131s\u0131 Murat Bakan, \u0130zmir Milletvekilleri, siyasi parti vilayet liderleri, vilayet protokol\u00fc \u00fcyeleri, askeri erkan, \u015fehidin annesi Hori Oktay ve karde\u015fleri ile vatanda\u015flar kat\u0131ld\u0131.<\/p>\n<p>\u015eehit Piyade Uzman \u00c7avu\u015f Oktay&#8217;\u0131n naa\u015f\u0131 \u0130zmir Vilayet M\u00fcft\u00fcs\u00fc Sinan \u00c7\u0131kar\u0131&#8217;n\u0131n k\u0131ld\u0131rd\u0131\u011f\u0131 cenaze namaz\u0131n\u0131n akabinde askerlerin omuzlar\u0131nda top otomobiline ta\u015f\u0131nd\u0131.<\/p>\n<p>\u015eehidin cenazesi, vasiyeti \u00fczerine Kaynaklar Mezarl\u0131\u011f\u0131\u2019na g\u00f6t\u00fcr\u00fclerek babas\u0131n\u0131n yan\u0131nda topra\u011fa verildi.<\/p>\n","protected":false},"excerpt":{"rendered":"<p>Suriye\u2019nin kuzeyinde ter\u00f6ristlerin a\u00e7t\u0131\u011f\u0131 ate\u015f sonucu yaralanan ve hastanede \u015fehit olan Piyade Uzman \u00c7avu\u015f Osman Oktay, \u0130zmir\u2019de son seyahatine u\u011furland\u0131<\/p>\n","protected":false},"author":1,"featured_media":36767,"comment_status":"open","ping_status":"open","sticky":false,"template":"","format":"standard","meta":{"footnotes":""},"categories":[25],"tags":[5822,164,1155],"class_list":["post-36766","post","type-post","status-publish","format-standard","has-post-thumbnail","hentry","category-gundem","tag-oktay","tag-sehit","tag-toren"],"_links":{"self":[{"href":"https:\/\/ikimisli.tr\/index.php\/wp-json\/wp\/v2\/posts\/36766","targetHints":{"allow":["GET"]}}],"collection":[{"href":"https:\/\/ikimisli.tr\/index.php\/wp-json\/wp\/v2\/posts"}],"about":[{"href":"https:\/\/ikimisli.tr\/index.php\/wp-json\/wp\/v2\/types\/post"}],"author":[{"embeddable":true,"href":"https:\/\/ikimisli.tr\/index.php\/wp-json\/wp\/v2\/users\/1"}],"replies":[{"embeddable":true,"href":"https:\/\/ikimisli.tr\/index.php\/wp-json\/wp\/v2\/comments?post=36766"}],"version-history":[{"count":1,"href":"https:\/\/ikimisli.tr\/index.php\/wp-json\/wp\/v2\/posts\/36766\/revisions"}],"predecessor-version":[{"id":36769,"href":"https:\/\/ikimisli.tr\/index.php\/wp-json\/wp\/v2\/posts\/36766\/revisions\/36769"}],"wp:featuredmedia":[{"embeddable":true,"href":"https:\/\/ikimisli.tr\/index.php\/wp-json\/wp\/v2\/media\/36767"}],"wp:attachment":[{"href":"https:\/\/ikimisli.tr\/index.php\/wp-json\/wp\/v2\/media?parent=36766"}],"wp:term":[{"taxonomy":"category","embeddable":true,"href":"https:\/\/ikimisli.tr\/index.php\/wp-json\/wp\/v2\/categories?post=36766"},{"taxonomy":"post_tag","embeddable":true,"href":"https:\/\/ikimisli.tr\/index.php\/wp-json\/wp\/v2\/tags?post=36766"}],"curies":[{"name":"wp","href":"https:\/\/api.w.org\/{rel}","templated":true}]}}