{"id":36841,"date":"2025-05-10T17:00:26","date_gmt":"2025-05-10T17:00:26","guid":{"rendered":"https:\/\/ikimisli.tr\/?p=36841"},"modified":"2025-05-10T17:00:26","modified_gmt":"2025-05-10T17:00:26","slug":"bu-ilcede-oturanlar-yasadi-emlak-fiyatlari-firlayacak","status":"publish","type":"post","link":"https:\/\/ikimisli.tr\/index.php\/2025\/05\/10\/bu-ilcede-oturanlar-yasadi-emlak-fiyatlari-firlayacak\/","title":{"rendered":"Bu il\u00e7ede oturanlar ya\u015fad\u0131! Emlak fiyatlar\u0131 f\u0131rlayacak"},"content":{"rendered":"<p>Son periyotta, Ba\u015f\u015fehir Ankara\u2019da emlak piyasas\u0131nda dikkat \u00e7eken bir hareketlilik ya\u015fan\u0131yor. Geli\u015fen konut projeleri ve artan yat\u0131r\u0131m potansiyeli, bir\u00e7ok insan\u0131 cezbetmeye devam ederken, bilhassa birtak\u0131m il\u00e7eler \u00f6n plana \u00e7\u0131k\u0131yor. Kentteki de\u011fi\u015fen \u00f6m\u00fcr usulleri ve artan talep ile birlikte, emlak fiyatlar\u0131n\u0131n y\u00fckseldi\u011fi b\u00f6lgeler yat\u0131r\u0131mc\u0131lar i\u00e7in f\u0131rsatlar sunuyor.<\/p>\n<p><strong>\u0130\u015fte Ankara\u2019da emlak piyasas\u0131n\u0131n y\u00fckseli\u015fte oldu\u011fu ve ya\u015famak i\u00e7in \u00fclk\u00fc il\u00e7eler!<\/strong><\/p>\n<p><b>\u00c7ANKAYA: \u0130tibar\u0131n ve L\u00fcks\u00fcn Merkezi<\/b><\/p>\n<p>Ankara\u2019n\u0131n merkez il\u00e7elerinden biri olan \u00c7ankaya, kentin toplumsal ve idari hayat\u0131n\u0131n kalbinde yer al\u0131yor. Bakanl\u0131klar, b\u00fcy\u00fckel\u00e7ilikler ve \u00fcniversiteler \u00fczere k\u0131ymetli kurumlar\u0131n bulundu\u011fu bu il\u00e7e, l\u00fcks \u00f6m\u00fcr alanlar\u0131yla dikkat \u00e7ekiyor. \u00c7ankaya\u2019daki Ayranc\u0131, Oran \u00fczere semtlerde \u00e7a\u011fda\u015f konut projeleri s\u00fcratle artarken, emlak fiyatlar\u0131 da \u00f6nemli bir formda y\u00fckseliyor. Bilhassa bu b\u00f6lgelerde yap\u0131lan yat\u0131r\u0131mlar, k\u0131sa vadede b\u00fcy\u00fck \u00e7\u0131karlar sa\u011flayabilecek nitelikte.<\/p>\n<p><img decoding=\"async\" src=\"https:\/\/ikimisli.tr\/wp-content\/uploads\/2025\/05\/bu-ilcede-oturanlar-yasadi-emlak-fiyatlari-firlayacak-0-2BjmG6Rx.jpg\"\/><\/p>\n<p><b>KE\u00c7\u0130\u00d6REN: Uygun Fiyatlarla Y\u00fckselen De\u011fer<\/b><\/p>\n<p>Ba\u015fkent\u2019in en a\u011f\u0131r n\u00fcfuslu il\u00e7elerinden biri olan Ke\u00e7i\u00f6ren, uygun fiyatl\u0131 konut se\u00e7enekleriyle biliniyor. Bilhassa \u00f6\u011frenciler ve yeni evli \u00e7iftlerin tercih etti\u011fi Ke\u00e7i\u00f6ren, s\u00fcratle bedel kazanan bir b\u00f6lge haline geliyor. Karakaya ve Hisar mahallelerinde geni\u015f konut projelerinin yan\u0131 s\u0131ra, Etlik ve Ayval\u0131 \u00fczere merkezi semtlerdeki ula\u015f\u0131m projeleri, bu il\u00e7enin emlak piyasas\u0131nda daha fazla ilgi g\u00f6rmesini sa\u011fl\u0131yor. Uzmanlar, Ke\u00e7i\u00f6ren\u2019deki fiyatlar\u0131n \u00f6n\u00fcm\u00fczdeki y\u0131llarda \u00f6nemli bir art\u0131\u015f g\u00f6sterece\u011fini \u00f6ng\u00f6r\u00fcyor.<\/p>\n<p><img decoding=\"async\" src=\"https:\/\/ikimisli.tr\/wp-content\/uploads\/2025\/05\/bu-ilcede-oturanlar-yasadi-emlak-fiyatlari-firlayacak-1-NHXOHMFK.jpg\"\/><\/p>\n<p><b>G\u00d6LBA\u015eI: Tabiat ile \u0130\u00e7 \u0130\u00e7e Yat\u0131r\u0131m F\u0131rsatlar\u0131<\/b><\/p>\n<p>Do\u011fan\u0131n i\u00e7inde sakin bir hayat isteyenler i\u00e7in G\u00f6lba\u015f\u0131, cazip bir se\u00e7enek sunuyor. Mogan ve Eymir g\u00f6llerinin etraf\u0131nda y\u00fckselen \u00e7a\u011fda\u015f konut projeleri, b\u00f6lgenin yat\u0131r\u0131m pahas\u0131n\u0131 art\u0131r\u0131yor. G\u00f6lba\u015f\u0131\u2019nda \u0130ncek ve K\u0131z\u0131lca\u015far mahallelerinde yap\u0131lan projeler, hem tabiatla i\u00e7 i\u00e7e bir hayat arayanlar hem de yat\u0131r\u0131mc\u0131lar i\u00e7in b\u00fcy\u00fck f\u0131rsatlar sunuyor. Emlak uzmanlar\u0131, G\u00f6lba\u015f\u0131\u2019nda arazi ve konut fiyatlar\u0131n\u0131n yak\u0131n gelecekte daha da pahalanaca\u011f\u0131n\u0131 belirtiyor.<\/p>\n<p><img decoding=\"async\" src=\"https:\/\/ikimisli.tr\/wp-content\/uploads\/2025\/05\/bu-ilcede-oturanlar-yasadi-emlak-fiyatlari-firlayacak-2-WmThSlTU.jpg\"\/><\/p>\n<p><b>ET\u0130MESGUT: Geni\u015f Ye\u015fil Alanlar ve Y\u00fcksek Yat\u0131r\u0131m Potansiyeli<\/b><\/p>\n<p>Ankara\u2019n\u0131n s\u00fcratle geli\u015fen ve \u00e7a\u011fda\u015f \u00f6m\u00fcr alanlar\u0131yla dikkat \u00e7eken il\u00e7elerinden biri olan Etimesgut, b\u00fcy\u00fck bir yat\u0131r\u0131m potansiyeline sahip. Yaprac\u0131k \u00fczere yeni yerle\u015fim alanlar\u0131, aileler ve yat\u0131r\u0131mc\u0131lar i\u00e7in cazip se\u00e7enekler sunuyor. Az katl\u0131 binalar ve geni\u015f ye\u015fil alanlar, Etimesgut\u2019u konforlu bir \u00f6m\u00fcr arayanlar i\u00e7in \u00fclk\u00fc hale getiriyor. Emlak uzmanlar\u0131, Etimesgut\u2019taki konut fiyatlar\u0131n\u0131n yak\u0131n periyotta s\u00fcratle artaca\u011f\u0131n\u0131 ve bilhassa Yaprac\u0131k b\u00f6lgesinde b\u00fcy\u00fck karlar\u0131n ya\u015fanabilece\u011fini vurguluyor.<\/p>\n<p><img decoding=\"async\" src=\"https:\/\/ikimisli.tr\/wp-content\/uploads\/2025\/05\/bu-ilcede-oturanlar-yasadi-emlak-fiyatlari-firlayacak-3-KmBIjQ7u.jpg\"\/><\/p>\n<p><b>Ankara\u2019da Yat\u0131r\u0131m \u0130\u00e7in Yanl\u0131\u015fs\u0131z Zaman!<\/b><\/p>\n<p>Ankara, son y\u0131llarda y\u00fckselen konut projeleri ve artan yat\u0131r\u0131m bedelleri ile dikkat \u00e7ekerken, yat\u0131r\u0131m yapmay\u0131 d\u00fc\u015f\u00fcnenler i\u00e7in f\u0131rsatlar sunmaya devam ediyor. \u00c7ankaya\u2019dan G\u00f6lba\u015f\u0131\u2019na, Ke\u00e7i\u00f6ren\u2019den Etimesgut\u2019a kadar bir\u00e7ok il\u00e7ede emlak fiyatlar\u0131n\u0131n artmas\u0131 bekleniyor.<\/p>\n","protected":false},"excerpt":{"rendered":"<p>Ba\u015f\u015fehir Ankara&#8217;n\u0131n o il\u00e7esinde oturan vatanda\u015flar\u0131n talihi d\u00f6n\u00fcyor. Emlak fiyatlar\u0131n\u0131n tavan yapt\u0131\u011f\u0131 o il\u00e7ede konutu yeri bulunanlar paraya doyacak<\/p>\n","protected":false},"author":1,"featured_media":36842,"comment_status":"open","ping_status":"open","sticky":false,"template":"","format":"standard","meta":{"footnotes":""},"categories":[25],"tags":[111,2674,388,1008,360],"class_list":["post-36841","post","type-post","status-publish","format-standard","has-post-thumbnail","hentry","category-gundem","tag-alanlar","tag-emlak","tag-fiyatlari","tag-yasam","tag-yatirim"],"_links":{"self":[{"href":"https:\/\/ikimisli.tr\/index.php\/wp-json\/wp\/v2\/posts\/36841","targetHints":{"allow":["GET"]}}],"collection":[{"href":"https:\/\/ikimisli.tr\/index.php\/wp-json\/wp\/v2\/posts"}],"about":[{"href":"https:\/\/ikimisli.tr\/index.php\/wp-json\/wp\/v2\/types\/post"}],"author":[{"embeddable":true,"href":"https:\/\/ikimisli.tr\/index.php\/wp-json\/wp\/v2\/users\/1"}],"replies":[{"embeddable":true,"href":"https:\/\/ikimisli.tr\/index.php\/wp-json\/wp\/v2\/comments?post=36841"}],"version-history":[{"count":1,"href":"https:\/\/ikimisli.tr\/index.php\/wp-json\/wp\/v2\/posts\/36841\/revisions"}],"predecessor-version":[{"id":36847,"href":"https:\/\/ikimisli.tr\/index.php\/wp-json\/wp\/v2\/posts\/36841\/revisions\/36847"}],"wp:featuredmedia":[{"embeddable":true,"href":"https:\/\/ikimisli.tr\/index.php\/wp-json\/wp\/v2\/media\/36842"}],"wp:attachment":[{"href":"https:\/\/ikimisli.tr\/index.php\/wp-json\/wp\/v2\/media?parent=36841"}],"wp:term":[{"taxonomy":"category","embeddable":true,"href":"https:\/\/ikimisli.tr\/index.php\/wp-json\/wp\/v2\/categories?post=36841"},{"taxonomy":"post_tag","embeddable":true,"href":"https:\/\/ikimisli.tr\/index.php\/wp-json\/wp\/v2\/tags?post=36841"}],"curies":[{"name":"wp","href":"https:\/\/api.w.org\/{rel}","templated":true}]}}