{"id":36872,"date":"2025-05-10T18:36:24","date_gmt":"2025-05-10T18:36:24","guid":{"rendered":"https:\/\/ikimisli.tr\/?p=36872"},"modified":"2025-05-10T18:36:24","modified_gmt":"2025-05-10T18:36:24","slug":"chp-lideri-ozgur-ozel-atasehir-belediyesi-genclik-senfoni-orkestrasi-konserine-katildi","status":"publish","type":"post","link":"https:\/\/ikimisli.tr\/index.php\/2025\/05\/10\/chp-lideri-ozgur-ozel-atasehir-belediyesi-genclik-senfoni-orkestrasi-konserine-katildi\/","title":{"rendered":"CHP lideri \u00d6zg\u00fcr \u00d6zel Ata\u015fehir Belediyesi Gen\u00e7lik Senfoni Orkestras\u0131 konserine kat\u0131ld\u0131"},"content":{"rendered":"<p>Manisa B\u00fcy\u00fck\u015fehir Belediyesi taraf\u0131ndan d\u00fczenlenen Ata\u015fehir Belediyesi Gen\u00e7lik Senfoni Orkestras\u0131 konserine kat\u0131lan CHP Genel Ba\u015fkan\u0131 \u00d6zg\u00fcr \u00d6zel, m\u00fczi\u011fin ve sanat\u0131n her tipini sahiplenmeye devam ettiklerini belirtti. Manisa&#8217;da e\u015fi Didem \u00d6zel ile birlikte konseri izleyen \u00d6zel, &#8220;Manisa&#8217;m\u0131z\u0131n \u00e7ok \u00f6zledi\u011fi ve \u00e7ok hak etti\u011fi bu t\u00fcrl\u00fc bir senfoni orkestras\u0131 konserinde gen\u00e7 arkada\u015flarla birlikte oldu\u011fumuz i\u00e7in \u00e7ok mutluyuz&#8221; dedi.<\/p>\n<p>\u015eehzadeler il\u00e7esindeki K\u00fclt\u00fcr Sitesi Lale Salonu&#8217;nda d\u00fczenlenen aktiflikte, Ata\u015fehir Belediyesi Gen\u00e7lik Senfoni Orkestras\u0131, \u015fef Utku Bar\u0131\u015f Anda\u00e7 idaresinde klasik m\u00fczi\u011fin se\u00e7kin yap\u0131tlar\u0131n\u0131 seslendirdi. Orkestra, Sarabande Vivaldi &#8211; Largo, In The Hall of the Mountain King, Telli Turna, Ah Bir Ata\u015f Ver, G\u00fclnihal, Sen Misin \u0130lac\u0131m ve \u0130zmir Mar\u015f\u0131 \u00fczere yap\u0131tlar\u0131 dinleyicilere sundu. Konser, m\u00fczikseverler taraf\u0131ndan b\u00fcy\u00fck ilgiyle izlendi.<\/p>\n<p><img decoding=\"async\" src=\"https:\/\/ikimisli.tr\/wp-content\/uploads\/2025\/05\/chp-lideri-ozgur-ozel-atasehir-belediyesi-genclik-senfoni-orkestrasi-konserine-katildi-0-XKVdBCCF.jpg\"\/><\/p>\n<p><strong>\u00d6zel: &#8220;M\u00fczi\u011fin, sanat\u0131n her tipini sahipleniyoruz&#8221;<\/strong><\/p>\n<p>Konserin sonunda Ata\u015fehir Belediyesi Gen\u00e7lik Senfoni Orkestras\u0131&#8217;n\u0131 \u00e7ok yak\u0131ndan takip etti\u011fini belirten CHP Genel Ba\u015fkan\u0131 \u00d6zg\u00fcr \u00d6zel, &#8220;Onursal Ad\u0131g\u00fczel gen\u00e7 liderimizden Manisa&#8217;da bu t\u00fcrl\u00fc bir konseri istemi\u015ftik. Sa\u011folsun \u015fefimiz k\u0131rmad\u0131. \u0130stanbul&#8217;dan buraya kalkt\u0131lar geldiler. Bu ho\u015f gecede bizlerle birlikte oldular. Biz bu sahnede b\u00fcy\u00fcd\u00fck, siyasete bu sahnede ba\u015flad\u0131k, ilerledik. 2004 y\u0131l\u0131nda y\u00fczde 6 oy ald\u0131\u011f\u0131m\u0131z Manisa&#8217;da 2024 y\u0131l\u0131nda buralarda y\u00fczde 60 oyla Ferdi(Zeyrek) ba\u015fkan\u0131 se\u00e7tik. M\u00fczi\u011fin, sanat\u0131n her cinsini sahipleniyoruz. Manisa&#8217;m\u0131z\u0131n \u00e7ok \u00f6zledi\u011fi ve \u00e7ok hak etti\u011fi bu t\u00fcrl\u00fc bir senfoni orkestras\u0131 konserinde gen\u00e7 arkada\u015flarla birlikte oldu\u011fumuz i\u00e7in \u00e7ok memnunuz. Buna katk\u0131 sa\u011flayan iki gen\u00e7 lidere, hem Onursal hem Ferdi lidere hem de k\u0131ymetli orkestraya beni k\u0131rmad\u0131klar\u0131 i\u00e7in \u00e7ok te\u015fekk\u00fcr ediyorum. Lakin orkestran\u0131n \u015fefinden evvel Manisa&#8217;n\u0131n \u015fefinden bir \u015fey istememiz laz\u0131m. G\u00f6r\u00fcl\u00fcyor ki bu t\u00fcrl\u00fc b\u00f6yle bir orkestras\u0131y\u0131 a\u011f\u0131rlamak i\u00e7in bize ne bu salon, ne bu sahne yetmiyor. Bu eksi\u011fi l\u00fctfen giderelim&#8221; dedi.<\/p>\n<p><strong>Zeyrek: &#8220;Bizleri hi\u00e7 yaln\u0131z b\u0131rakmad\u0131n\u0131z&#8221;<\/strong><\/p>\n<p>Manisa B\u00fcy\u00fck\u015fehir Belediye Lideri Ferdi Zeyrek de CHP Lideri \u00d6zg\u00fcr \u00d6zel ve e\u015fi Didem \u00d6zel&#8217;e aktifli\u011fe i\u015ftirakleri i\u00e7in te\u015fekk\u00fcr ederek &#8220;Sizler bizleri hi\u00e7 yaln\u0131z b\u0131rakmad\u0131n\u0131z. Evet, Manisa&#8217;m\u0131z\u0131n bu t\u00fcrl\u00fc bir salona gereksinimi var. En yak\u0131n vakitte in\u015fallah yapmak da bizlere nasip olacak. Ben bu ho\u015f g\u00fcnde kulaklar\u0131m\u0131z\u0131n pas\u0131n\u0131 silen Manisa&#8217;m\u0131za bu t\u00fcrl\u00fc pahalar katan t\u00fcm arkada\u015flar\u0131ma \u00e7ok te\u015fekk\u00fcr ediyorum&#8221; tabirlerini kulland\u0131.<\/p>\n","protected":false},"excerpt":{"rendered":"<p>Manisa B\u00fcy\u00fck\u015fehir Belediyesi taraf\u0131ndan d\u00fczenlenen Ata\u015fehir Belediyesi Gen\u00e7lik Senfoni Orkestras\u0131 konserine kat\u0131lan CHP Genel Ba\u015fkan\u0131 \u00d6zg\u00fcr \u00d6zel, &#8220;M\u00fczi\u011fin, sanat\u0131n her cinsini sahipleniyoruz. Manisa&#8217;m\u0131z\u0131n \u00e7ok \u00f6zledi\u011fi ve \u00e7ok hak etti\u011fi bu t\u00fcrl\u00fc bir senfoni orkestras\u0131 konserinde gen\u00e7 arkada\u015flarla birlikte oldu\u011fumuz i\u00e7in \u00e7ok mutluyuz&#8221; dedi<\/p>\n","protected":false},"author":1,"featured_media":36873,"comment_status":"open","ping_status":"open","sticky":false,"template":"","format":"standard","meta":{"footnotes":""},"categories":[25],"tags":[39,40,1424,5836,4982],"class_list":["post-36872","post","type-post","status-publish","format-standard","has-post-thumbnail","hentry","category-gundem","tag-baskani","tag-belediye","tag-genc","tag-konseri","tag-manisa"],"_links":{"self":[{"href":"https:\/\/ikimisli.tr\/index.php\/wp-json\/wp\/v2\/posts\/36872","targetHints":{"allow":["GET"]}}],"collection":[{"href":"https:\/\/ikimisli.tr\/index.php\/wp-json\/wp\/v2\/posts"}],"about":[{"href":"https:\/\/ikimisli.tr\/index.php\/wp-json\/wp\/v2\/types\/post"}],"author":[{"embeddable":true,"href":"https:\/\/ikimisli.tr\/index.php\/wp-json\/wp\/v2\/users\/1"}],"replies":[{"embeddable":true,"href":"https:\/\/ikimisli.tr\/index.php\/wp-json\/wp\/v2\/comments?post=36872"}],"version-history":[{"count":1,"href":"https:\/\/ikimisli.tr\/index.php\/wp-json\/wp\/v2\/posts\/36872\/revisions"}],"predecessor-version":[{"id":36875,"href":"https:\/\/ikimisli.tr\/index.php\/wp-json\/wp\/v2\/posts\/36872\/revisions\/36875"}],"wp:featuredmedia":[{"embeddable":true,"href":"https:\/\/ikimisli.tr\/index.php\/wp-json\/wp\/v2\/media\/36873"}],"wp:attachment":[{"href":"https:\/\/ikimisli.tr\/index.php\/wp-json\/wp\/v2\/media?parent=36872"}],"wp:term":[{"taxonomy":"category","embeddable":true,"href":"https:\/\/ikimisli.tr\/index.php\/wp-json\/wp\/v2\/categories?post=36872"},{"taxonomy":"post_tag","embeddable":true,"href":"https:\/\/ikimisli.tr\/index.php\/wp-json\/wp\/v2\/tags?post=36872"}],"curies":[{"name":"wp","href":"https:\/\/api.w.org\/{rel}","templated":true}]}}