{"id":36970,"date":"2025-05-10T23:48:34","date_gmt":"2025-05-10T23:48:34","guid":{"rendered":"https:\/\/ikimisli.tr\/?p=36970"},"modified":"2025-05-10T23:48:34","modified_gmt":"2025-05-10T23:48:34","slug":"istanbula-yeniden-kar-geliyor-3-gun-surecek","status":"publish","type":"post","link":"https:\/\/ikimisli.tr\/index.php\/2025\/05\/10\/istanbula-yeniden-kar-geliyor-3-gun-surecek\/","title":{"rendered":"\u0130stanbul&#8217;a yeniden kar geliyor! 3 g\u00fcn s\u00fcrecek"},"content":{"rendered":"<p>Ge\u00e7ti\u011fimiz g\u00fcnlerde \u0130stanbul&#8217;da tesirli olan kar ya\u011f\u0131\u015f\u0131, bilhassa kentin y\u00fcksek k\u0131s\u0131mlar\u0131nda beyaza b\u00fcr\u00fcd\u00fc. Fakat kar ya\u011f\u0131\u015f\u0131n\u0131n akabinde hava g\u00fcne\u015fli bir hale b\u00fcr\u00fcnd\u00fc. K\u0131\u015f mevsiminin bitmesine \u015fimdi vakit oldu\u011funu belirten meteorologlar, \u0130stanbullular\u0131 yeni bir kar ya\u011f\u0131\u015f\u0131 ihtar\u0131nda bulundu.<\/p>\n<p><b>3 G\u00dcN BOYUNCA KAR YA\u011eACAK\u00a0<\/b><\/p>\n<p>\u00a0\u0130stanbul&#8217;a \u00f6n\u00fcm\u00fczdeki hafta 3 g\u00fcn s\u00fcrecek tesirli bir kar ya\u011f\u0131\u015f\u0131 bekleniyor. Ya\u011f\u0131\u015f\u0131n bu defa yollar\u0131n kapanmas\u0131na yol a\u00e7abilece\u011fi tabir ediliyor. \u0130stanbullular, kente bir defa daha kar ya\u011faca\u011f\u0131n\u0131 merak ederken, meteorolojik bilgiler bu durumu do\u011fruluyor.<\/p>\n<p>Meteoroloji Genel M\u00fcd\u00fcrl\u00fc\u011f\u00fc, \u0130stanbul&#8217;da \u00f6n\u00fcm\u00fczdeki hafta \u00e7ar\u015famba g\u00fcn\u00fc prestijiyle kar ya\u011f\u0131\u015f\u0131n\u0131n tesirli olaca\u011f\u0131n\u0131 duyurdu. Kar ya\u011f\u0131\u015f\u0131, 3 g\u00fcn boyunca devam edecek.<\/p>\n<p><b>YOLLAR KAPANAB\u0130L\u0130R\u00a0<\/b><\/p>\n<p>Bu sefer kar ya\u011f\u0131\u015f\u0131n\u0131n s\u0131rf y\u00fcksek k\u0131s\u0131mlarla hudutlu kalmayaca\u011f\u0131, kent merkezini de tesiri alt\u0131na alaca\u011f\u0131 belirtiliyor. Kar\u0131n, bilhassa a\u011f\u0131r olaca\u011f\u0131 ve yollar\u0131n kapanmas\u0131na neden olabilece\u011fi tabir ediliyor. \u0130stanbullular, bu yeni ya\u011f\u0131\u015f\u0131n haz\u0131rl\u0131klar\u0131 i\u00e7in uyar\u0131ld\u0131.<\/p>\n","protected":false},"excerpt":{"rendered":"<p>\u0130stanbul&#8217;da tesirli olacak kar ya\u011f\u0131\u015f\u0131 i\u00e7in tarih verildi. \u0130stanbul&#8217;da ya\u015fayanlar\u0131 yollar\u0131 kapatacak kal\u0131nl\u0131kta kar ya\u011f\u0131\u015f\u0131 bekliyor. meteoroloji, kar ya\u011f\u0131\u015f\u0131 i\u00e7in tarih verdi vatanda\u015flar\u0131 uyard\u0131&#8230;<\/p>\n","protected":false},"author":1,"featured_media":36971,"comment_status":"open","ping_status":"open","sticky":false,"template":"","format":"standard","meta":{"footnotes":""},"categories":[25],"tags":[89,281],"class_list":["post-36970","post","type-post","status-publish","format-standard","has-post-thumbnail","hentry","category-gundem","tag-gun","tag-kar-yagisi"],"_links":{"self":[{"href":"https:\/\/ikimisli.tr\/index.php\/wp-json\/wp\/v2\/posts\/36970","targetHints":{"allow":["GET"]}}],"collection":[{"href":"https:\/\/ikimisli.tr\/index.php\/wp-json\/wp\/v2\/posts"}],"about":[{"href":"https:\/\/ikimisli.tr\/index.php\/wp-json\/wp\/v2\/types\/post"}],"author":[{"embeddable":true,"href":"https:\/\/ikimisli.tr\/index.php\/wp-json\/wp\/v2\/users\/1"}],"replies":[{"embeddable":true,"href":"https:\/\/ikimisli.tr\/index.php\/wp-json\/wp\/v2\/comments?post=36970"}],"version-history":[{"count":1,"href":"https:\/\/ikimisli.tr\/index.php\/wp-json\/wp\/v2\/posts\/36970\/revisions"}],"predecessor-version":[{"id":36972,"href":"https:\/\/ikimisli.tr\/index.php\/wp-json\/wp\/v2\/posts\/36970\/revisions\/36972"}],"wp:featuredmedia":[{"embeddable":true,"href":"https:\/\/ikimisli.tr\/index.php\/wp-json\/wp\/v2\/media\/36971"}],"wp:attachment":[{"href":"https:\/\/ikimisli.tr\/index.php\/wp-json\/wp\/v2\/media?parent=36970"}],"wp:term":[{"taxonomy":"category","embeddable":true,"href":"https:\/\/ikimisli.tr\/index.php\/wp-json\/wp\/v2\/categories?post=36970"},{"taxonomy":"post_tag","embeddable":true,"href":"https:\/\/ikimisli.tr\/index.php\/wp-json\/wp\/v2\/tags?post=36970"}],"curies":[{"name":"wp","href":"https:\/\/api.w.org\/{rel}","templated":true}]}}