{"id":36990,"date":"2025-05-11T01:00:30","date_gmt":"2025-05-11T01:00:30","guid":{"rendered":"https:\/\/ikimisli.tr\/?p=36990"},"modified":"2025-05-11T01:00:30","modified_gmt":"2025-05-11T01:00:30","slug":"devrim-ozkan-lucas-torreirayi-cabuk-unuttu-iste-yeni-aski","status":"publish","type":"post","link":"https:\/\/ikimisli.tr\/index.php\/2025\/05\/11\/devrim-ozkan-lucas-torreirayi-cabuk-unuttu-iste-yeni-aski\/","title":{"rendered":"Devrim \u00d6zkan, Lucas Torreira&#8217;y\u0131 \u00e7abuk unuttu! \u0130\u015fte yeni a\u015fk\u0131"},"content":{"rendered":"<p>Galatasaray&#8217;da forma giyen Lucas Torreira ve oyuncu \u0130htilal \u00d6zkan, ge\u00e7en y\u0131l a\u015fk tezleriyle g\u00fcndeme geldi. \u00d6zkan, &#8220;Hayat\u0131mdaki tek \u015fey i\u015fimdir&#8221; diyerek savlar\u0131 yalanlasa da bir m\u00fchlet sonra \u00fcnl\u00fc \u00e7iftten ilan-\u0131 a\u015fk geldi. \u00c7ift 2024 y\u0131l\u0131n\u0131n ba\u015flar\u0131nda ise yollar\u0131n\u0131 ay\u0131rd\u0131. Fakat ayr\u0131l\u0131\u011fa fazla dayanamad\u0131lar ve a\u011fustosta m\u00fcnasebetlerine ikinci bir baht daha verdiler.<\/p>\n<p><img decoding=\"async\" src=\"https:\/\/ikimisli.tr\/wp-content\/uploads\/2025\/05\/devrim-ozkan-lucas-torreirayi-cabuk-unuttu-iste-yeni-aski-0-fOzLdD6l.jpeg\"\/><\/p>\n<p>Ge\u00e7en kas\u0131m ay\u0131nda  Urguay&#8217;a giden ve Lucas Torreira&#8217;n\u0131n do\u011fup b\u00fcy\u00fcd\u00fc\u011f\u00fc yeri ziyaret eden ikili hakk\u0131nda evlilik arg\u00fcmanlar\u0131 ortaya at\u0131ld\u0131. Ama \u00fcnl\u00fc \u00e7iftin hayranlar\u0131 keyifli son beklerken ikiliden ge\u00e7en ay \u015fa\u015f\u0131rtan atak geldi. Lucas Torreira ile \u0130htilal \u00d6zkan toplumsal medya hesaplar\u0131ndan birbirlerini takip etmeyi b\u0131rak\u0131p birlikte \u00e7ekildikleri foto\u011fraflar\u0131 sildi.<\/p>\n<p><img decoding=\"async\" src=\"https:\/\/ikimisli.tr\/wp-content\/uploads\/2025\/05\/devrim-ozkan-lucas-torreirayi-cabuk-unuttu-iste-yeni-aski-1-cjm5HH6m.jpeg\"\/><\/p>\n<p>Ge\u00e7en g\u00fcnlerde konuk oldu\u011fu bir YouTube program\u0131nda &#8220;Son ait, sana ne \u00f6\u011fretti?&#8221; sorusuna &#8220;Hayat\u0131nda ne kadar \u00e7ok seversen sev ne d\u00fczeyde seversen sev, o durumun, o ki\u015finin, o ba\u011flant\u0131n\u0131n, senin hayallerinden vazge\u00e7ecek d\u00fczeye gelme haddini kimseye verme&#8217; derdim. O haddi birine verecek kadar sevgini g\u00f6sterme. Sevebilirsin fakat o ya\u015fanmas\u0131n&#8221; diyen \u0130htilal \u00d6zkan yeni bir a\u015fka yelken a\u00e7t\u0131.<\/p>\n<p><img decoding=\"async\" src=\"https:\/\/ikimisli.tr\/wp-content\/uploads\/2025\/05\/devrim-ozkan-lucas-torreirayi-cabuk-unuttu-iste-yeni-aski-2-CZOdbUn4.jpg\"\/><\/p>\n<p>\u00dcnl\u00fc oyuncunun, g\u00f6nl\u00fcn\u00fc Dar\u00fc\u015f\u015fafaka basketbol kadrosunda forma giyen Luka Brajkovic&#8217;e kapt\u0131rd\u0131\u011f\u0131 konu\u015fuluyor.<\/p>\n<p><img decoding=\"async\" src=\"https:\/\/ikimisli.tr\/wp-content\/uploads\/2025\/05\/devrim-ozkan-lucas-torreirayi-cabuk-unuttu-iste-yeni-aski-3-vFj8d6WG.jpg\"\/><\/p>\n<p>Brajkovic, Sevgililer G\u00fcn\u00fc&#8217;nde \u00d6zkan&#8217;a bir buket g\u00fcl yollad\u0131. \u00d6zkan da bu \u00e7i\u00e7ekleri Instagram hesab\u0131ndan payla\u015ft\u0131.<\/p>\n<p><img decoding=\"async\" src=\"https:\/\/ikimisli.tr\/wp-content\/uploads\/2025\/05\/devrim-ozkan-lucas-torreirayi-cabuk-unuttu-iste-yeni-aski-4-2P9VuPda.jpeg\"\/><\/p>\n","protected":false},"excerpt":{"rendered":"<p>Galatasaray&#8217;\u0131n y\u0131ld\u0131z futbolcusu Lucas Torreira&#8217;dan ge\u00e7en ay ayr\u0131lan oyuncu \u0130htilal \u00d6zkan, yeni bir a\u015fka yelken a\u00e7t\u0131.<\/p>\n","protected":false},"author":1,"featured_media":36991,"comment_status":"open","ping_status":"open","sticky":false,"template":"","format":"standard","meta":{"footnotes":""},"categories":[27],"tags":[1154,1153],"class_list":["post-36990","post","type-post","status-publish","format-standard","has-post-thumbnail","hentry","category-magazin","tag-ozkan","tag-sev"],"_links":{"self":[{"href":"https:\/\/ikimisli.tr\/index.php\/wp-json\/wp\/v2\/posts\/36990","targetHints":{"allow":["GET"]}}],"collection":[{"href":"https:\/\/ikimisli.tr\/index.php\/wp-json\/wp\/v2\/posts"}],"about":[{"href":"https:\/\/ikimisli.tr\/index.php\/wp-json\/wp\/v2\/types\/post"}],"author":[{"embeddable":true,"href":"https:\/\/ikimisli.tr\/index.php\/wp-json\/wp\/v2\/users\/1"}],"replies":[{"embeddable":true,"href":"https:\/\/ikimisli.tr\/index.php\/wp-json\/wp\/v2\/comments?post=36990"}],"version-history":[{"count":1,"href":"https:\/\/ikimisli.tr\/index.php\/wp-json\/wp\/v2\/posts\/36990\/revisions"}],"predecessor-version":[{"id":36997,"href":"https:\/\/ikimisli.tr\/index.php\/wp-json\/wp\/v2\/posts\/36990\/revisions\/36997"}],"wp:featuredmedia":[{"embeddable":true,"href":"https:\/\/ikimisli.tr\/index.php\/wp-json\/wp\/v2\/media\/36991"}],"wp:attachment":[{"href":"https:\/\/ikimisli.tr\/index.php\/wp-json\/wp\/v2\/media?parent=36990"}],"wp:term":[{"taxonomy":"category","embeddable":true,"href":"https:\/\/ikimisli.tr\/index.php\/wp-json\/wp\/v2\/categories?post=36990"},{"taxonomy":"post_tag","embeddable":true,"href":"https:\/\/ikimisli.tr\/index.php\/wp-json\/wp\/v2\/tags?post=36990"}],"curies":[{"name":"wp","href":"https:\/\/api.w.org\/{rel}","templated":true}]}}