{"id":37014,"date":"2025-05-11T02:24:20","date_gmt":"2025-05-11T02:24:20","guid":{"rendered":"https:\/\/ikimisli.tr\/?p=37014"},"modified":"2025-05-11T02:24:20","modified_gmt":"2025-05-11T02:24:20","slug":"abd-baskan-yardimcisinin-sozleri-nato-ittifakini-derinden-sarsti","status":"publish","type":"post","link":"https:\/\/ikimisli.tr\/index.php\/2025\/05\/11\/abd-baskan-yardimcisinin-sozleri-nato-ittifakini-derinden-sarsti\/","title":{"rendered":"ABD Ba\u015fkan yard\u0131mc\u0131s\u0131n\u0131n s\u00f6zleri, NATO ittifak\u0131n\u0131 derinden sarst\u0131"},"content":{"rendered":"<p>ABD Lider Yard\u0131mc\u0131s\u0131 JD Vance, Avrupa\u2019n\u0131n kar\u015f\u0131 kar\u015f\u0131ya oldu\u011fu en b\u00fcy\u00fck tehdidin Rusya ya da \u00c7in de\u011fil, k\u0131tan\u0131n kendi i\u00e7inden geldi\u011fini s\u00f6yledi.<\/p>\n<p>M\u00fcnih G\u00fcvenlik Konferans\u0131\u2019nda yapt\u0131\u011f\u0131 konu\u015fmada, Avrupa\u2019daki s\u00f6z \u00f6zg\u00fcrl\u00fc\u011f\u00fcn\u00fcn azald\u0131\u011f\u0131n\u0131 ve &#8220;Avrupa h\u00fck\u00fcmetlerinin kendi halklar\u0131ndan korktu\u011funu&#8221; s\u00f6yledi.<\/p>\n<p>Romanya\u2019da iptal edilen se\u00e7im, Birle\u015fik Krall\u0131k\u2019ta bir k\u00fcrtaj z\u0131dd\u0131 protestocunun yarg\u0131lanmas\u0131 ve Almanya\u2019da \u00e7ok sa\u011f ve \u00e7ok sol siyaset\u00e7ilerin konferansa davet edilmemesi \u00fczere \u00f6rnekleri s\u0131ralad\u0131.<\/p>\n<p>\u201cAvrupa ile ilgili en b\u00fcy\u00fck tasam d\u0131\u015f tehditler de\u011fil,\u201d diyen Vance, \u201cEn \u00e7ok korktu\u011fum \u015fey, Avrupa\u2019n\u0131n temel k\u0131ymetlerinden geri ad\u0131m atmas\u0131\u201d s\u00f6z\u00fcn\u00fc kulland\u0131.<\/p>\n<p><b>T\u00dcM \u0130TT\u0130FAKI YARALAYAN S\u00d6ZLER<\/b><\/p>\n<p>Avrupal\u0131 yetkililer, Vance\u2019in kelamlar\u0131n\u0131, ABD\u2019nin k\u0131taya sa\u011flad\u0131\u011f\u0131 g\u00fcvenlik takviyesini tabir \u00f6zg\u00fcrl\u00fc\u011f\u00fc ve demokrasi bahislerine ba\u011flamaya \u00e7al\u0131\u015fmas\u0131 olarak de\u011ferlendirdi.<\/p>\n<p>Almanya Savunma Bakan\u0131 Boris Pistorius, ABD Lider Yard\u0131mc\u0131s\u0131\u2019n\u0131n tenkitlerini \u201ckabul edilemez\u201d olarak nitelendirerek kar\u015f\u0131l\u0131k verdi.<\/p>\n<p>Pistorius \u201cBug\u00fcn i\u00e7in haz\u0131rlad\u0131\u011f\u0131m bir konu\u015fmam vard\u0131. Avrupa\u2019daki g\u00fcvenlik hakk\u0131nda konu\u015facakt\u0131m. Fakat planlad\u0131\u011f\u0131m \u00fczere ba\u015flayam\u0131yorum\u2026 ABD Lider Yard\u0131mc\u0131s\u0131, bizim demokrasimizi sorgulad\u0131. Avrupa\u2019daki durumu otokrasilerle k\u0131yasl\u0131yor. Bu kabul edilemez\u201d tabirlerini kulland\u0131.<\/p>\n<p>Avrupa Birli\u011fi\u2019nin d\u0131\u015f siyaset \u015fefi Kaja Kallas da Vance\u2019in yakla\u015f\u0131m\u0131na reaksiyon g\u00f6sterdi. \u201cKendi i\u00e7 sorunlar\u0131m\u0131zla ilgilenebilece\u011fimizi d\u00fc\u015f\u00fcn\u00fcyorum,\u201d dedi Kallas.<\/p>\n<p>Almanya\u2019daki Hristiyan Demokrat ba\u015fkan Friedrich Merz ise Trump idaresini se\u00e7imlere a\u00e7\u0131k\u00e7a m\u00fcdahale etmekle su\u00e7lad\u0131.<\/p>\n<p>Deutsche Welle\u2019ye konu\u015fan Merz, Vance\u2019in kelamlar\u0131ndan duydu\u011fu rahats\u0131zl\u0131\u011f\u0131 lisana getirerek, \u201cAmerikan h\u00fck\u00fcmetinin i\u015fi, Almanya\u2019daki demokratik kurumlar\u0131 nas\u0131l koruyaca\u011f\u0131m\u0131z\u0131 bize \u00f6\u011fretmek de\u011fil,\u201d dedi.<\/p>\n<p><b>&#8216;ABD&#8217;N\u0130N S\u0130Z\u0130N \u0130\u00c7\u0130N YAPAB\u0130LECE\u011e\u0130 B\u0130R \u015eEY YOK&#8217;<\/b><\/p>\n<p>M\u00fcnih\u2019teki konferansta onlarca Avrupal\u0131 \u00f6nder ve \u00fcst seviye diplomat, Vance\u2019in Avrupa demokrasisinin tehdit alt\u0131nda oldu\u011funu vurgulayan sert s\u00f6zlerine sert yans\u0131lar g\u00f6sterdi.<\/p>\n<p>Vance, \u201cKendi se\u00e7meninizden korkuyorsan\u0131z, Amerika\u2019n\u0131n sizin i\u00e7in yapabilece\u011fi bir \u015fey yoktur,\u201d diyerek Avrupa se\u00e7kinlerinin halktan kopuk oldu\u011funu savundu.<\/p>\n<p>Konu\u015fmas\u0131nda, Romanya Anayasa Mahkemesi\u2019nin Aral\u0131k ay\u0131nda ald\u0131\u011f\u0131 se\u00e7im iptali karar\u0131na da de\u011findi. Rus yanl\u0131s\u0131 \u00e7ok milliyet\u00e7i aday C\u0103lin Georgescu\u2019nun s\u00fcrpriz zaferinden sonra se\u00e7imlerin iptal edilmesini ele\u015ftirdi.<\/p>\n<p>Yetkililer, Georgescu\u2019nun y\u00fckseli\u015finin Moskova taraf\u0131ndan y\u00f6nlendirildi\u011fini arg\u00fcman etse de, Rusya\u2019n\u0131n yasad\u0131\u015f\u0131 finansman ya da \u00f6teki yollarla se\u00e7ime m\u00fcdahale etti\u011fine dair delil sunmu\u015f de\u011fil. \u00dclkede yeni se\u00e7imlerin May\u0131s ay\u0131nda yap\u0131lmas\u0131 planlan\u0131yor.<\/p>\n<p><b>A\u015eIRI SA\u011e, VANCE&#8217;E TAKV\u0130YE VERD\u0130<\/b><\/p>\n<p>Vance, yakla\u015fan Almanya se\u00e7imleri \u00f6ncesinde Avrupa siyasetinde \u201ckoruma duvarlar\u0131n\u0131n olmamas\u0131 gerekti\u011fini\u201d s\u00f6yledi. Almanya\u2019da \u00e7ok sa\u011fc\u0131 Almanya i\u00e7in Alternatif Partisi\u2019nin (AfD) se\u00e7imde ikinci s\u0131raya yerle\u015fece\u011fi \u00f6ng\u00f6r\u00fcl\u00fcyor.<\/p>\n<p>Vance, AfD\u2019den bahsetmese de, s\u00f6zleri parti taraf\u0131ndan sahiplenildi.  AfD\u2019nin e\u015f ba\u015fkan\u0131 Alice Weidel, \u201cM\u00fckemmel konu\u015fma!\u201d diye yazd\u0131.<\/p>\n<p>Almanya i\u00e7 istihbarat te\u015fkilat\u0131 taraf\u0131ndan \u00e7ok sa\u011fc\u0131 olarak s\u0131n\u0131fland\u0131r\u0131lan AfD, M\u00fcnih\u2019teki konferansa davet edilmemi\u015fti.<\/p>\n<p>Vance, Weidel ile Cuma g\u00fcn\u00fc bir ortaya gelerek, Almanya\u2019daki ana ak\u0131m partilerin ve Bat\u0131l\u0131 m\u00fcttefiklerin \u201czehirli\u201d g\u00f6rd\u00fc\u011f\u00fc bir partiye diplomatik me\u015fruiyet kazand\u0131ran k\u0131ymetli bir ad\u0131m att\u0131.<\/p>\n<p>Vance\u2019in a\u00e7\u0131klamalar\u0131, Avrupa ba\u015fkanlar\u0131n\u0131n Trump idaresinin Ukrayna sava\u015f\u0131n\u0131 sona erdirmek i\u00e7in Rusya ile direkt g\u00f6r\u00fc\u015fmelere ba\u015flayaca\u011f\u0131n\u0131 duyurmas\u0131yla sars\u0131lmas\u0131n\u0131n \u00e7abucak akabinde geldi.<\/p>\n<p><b>ORTAK G\u00dcVENL\u0130K SALLANIYOR<\/b><\/p>\n<p>ABD Lider Yard\u0131mc\u0131s\u0131, i\u015ftirak\u00e7ilere \u201cOrtak g\u00fcvenli\u011fimizin temelinde hangi olumlu vizyon yat\u0131yor?\u201d sorusunu y\u00f6neltti.<\/p>\n<p>Vance, Avrupa\u2019n\u0131n savunma harcamalar\u0131n\u0131 art\u0131rma planlar\u0131n\u0131 kendisine anlataca\u011f\u0131n\u0131 s\u00f6yledi, lakin g\u00fcvenli\u011fin yaln\u0131zca askeri yat\u0131r\u0131mla de\u011fil, toplumsal problemlerle y\u00fczle\u015ferek sa\u011flanabilece\u011fini savundu. <\/p>\n<p>Konu\u015fmas\u0131n\u0131n devam\u0131nda Vance, \u201c\u0130nan\u0131yorum ki, kendi halk\u0131n\u0131z\u0131n sesinden, fikirlerinden ve vicdan\u0131ndan korkuyorsan\u0131z, g\u00fcvenlikten kelam edemezsiniz\u201d s\u00f6zlerini kulland\u0131. <\/p>\n","protected":false},"excerpt":{"rendered":"<p>ABD Lider Yard\u0131mc\u0131s\u0131 JD Vance, Avrupa\u2019n\u0131n en b\u00fcy\u00fck tehdidinin d\u0131\u015f g\u00fc\u00e7ler de\u011fil, k\u0131tan\u0131n kendi i\u00e7indeki demokrasi ve tabir \u00f6zg\u00fcrl\u00fc\u011f\u00fc problemleri oldu\u011funu savundu. Vance, AB&#8217;nin &#8216;kendi se\u00e7meninden korktu\u011funu&#8217; s\u00f6yledi. AB&#8217;li diplomatlar, durumu son derece k\u00fcstah\u00e7a oldu\u011funu lisana getirirken, Alman Savunma Bakan\u0131 Boris Pistorius, konu\u015fmay\u0131 &#8220;kabul edilemez&#8221; olarak tasvir etti.<\/p>\n","protected":false},"author":1,"featured_media":37015,"comment_status":"open","ping_status":"open","sticky":false,"template":"","format":"standard","meta":{"footnotes":""},"categories":[43],"tags":[5848,435,1807,652,5847],"class_list":["post-37014","post","type-post","status-publish","format-standard","has-post-thumbnail","hentry","category-dunya","tag-asiri","tag-avrupa","tag-ifade","tag-secim","tag-vance"],"_links":{"self":[{"href":"https:\/\/ikimisli.tr\/index.php\/wp-json\/wp\/v2\/posts\/37014","targetHints":{"allow":["GET"]}}],"collection":[{"href":"https:\/\/ikimisli.tr\/index.php\/wp-json\/wp\/v2\/posts"}],"about":[{"href":"https:\/\/ikimisli.tr\/index.php\/wp-json\/wp\/v2\/types\/post"}],"author":[{"embeddable":true,"href":"https:\/\/ikimisli.tr\/index.php\/wp-json\/wp\/v2\/users\/1"}],"replies":[{"embeddable":true,"href":"https:\/\/ikimisli.tr\/index.php\/wp-json\/wp\/v2\/comments?post=37014"}],"version-history":[{"count":1,"href":"https:\/\/ikimisli.tr\/index.php\/wp-json\/wp\/v2\/posts\/37014\/revisions"}],"predecessor-version":[{"id":37016,"href":"https:\/\/ikimisli.tr\/index.php\/wp-json\/wp\/v2\/posts\/37014\/revisions\/37016"}],"wp:featuredmedia":[{"embeddable":true,"href":"https:\/\/ikimisli.tr\/index.php\/wp-json\/wp\/v2\/media\/37015"}],"wp:attachment":[{"href":"https:\/\/ikimisli.tr\/index.php\/wp-json\/wp\/v2\/media?parent=37014"}],"wp:term":[{"taxonomy":"category","embeddable":true,"href":"https:\/\/ikimisli.tr\/index.php\/wp-json\/wp\/v2\/categories?post=37014"},{"taxonomy":"post_tag","embeddable":true,"href":"https:\/\/ikimisli.tr\/index.php\/wp-json\/wp\/v2\/tags?post=37014"}],"curies":[{"name":"wp","href":"https:\/\/api.w.org\/{rel}","templated":true}]}}