{"id":37070,"date":"2025-05-11T05:48:21","date_gmt":"2025-05-11T05:48:21","guid":{"rendered":"https:\/\/ikimisli.tr\/?p=37070"},"modified":"2025-05-11T05:48:21","modified_gmt":"2025-05-11T05:48:21","slug":"3-askerin-sehit-oldugu-karakol-patlamasina-9-yil-sonra-beraat-karari","status":"publish","type":"post","link":"https:\/\/ikimisli.tr\/index.php\/2025\/05\/11\/3-askerin-sehit-oldugu-karakol-patlamasina-9-yil-sonra-beraat-karari\/","title":{"rendered":"3 askerin \u015fehit oldu\u011fu karakol patlamas\u0131na 9 y\u0131l sonra beraat karar\u0131"},"content":{"rendered":"<p>Diyarbak\u0131r\u2019daki Mermer Jandarma Karakoluna bomba y\u00fckl\u00fc ara\u00e7la d\u00fczenlenen ak\u0131nda \u00fc\u00e7 asker \u015fehit olmu\u015f, 27 asker yaralanm\u0131\u015f, karakol binas\u0131 a\u011f\u0131r hasarla \u00e7\u00f6km\u00fc\u015ft\u00fc. Olay\u0131 ger\u00e7ekle\u015ftiren ter\u00f6ristler farkl\u0131 tarihlerde g\u00fcvenlik g\u00fc\u00e7leriyle girdikleri \u00e7at\u0131\u015fmalarda \u00f6ld\u00fcr\u00fcl\u00fcrken, cezaevinde isimli c\u00fcr\u00fcmden tutuklu bulunan Vedat \u00d6. vicdan azab\u0131 \u00e7ekti\u011fini belirterek 8 ki\u015finin ismini verdi. Kendisiyle birlikte 9 ki\u015fi hakk\u0131nda dava a\u00e7\u0131ld\u0131. Tezlerin temelsiz oldu\u011fu anla\u015f\u0131l\u0131nca t\u00fcm san\u0131klar hakk\u0131nda 9 y\u0131l sonra beraat karar\u0131 verildi.<\/p>\n<p>Mermer Karakoluna 24 Mart 2016 g\u00fcn\u00fc bomba y\u00fckl\u00fc kamyoneti infilak ettiren ter\u00f6ristler Astsubaylar Halil T\u00fcrko\u011flu, Mustafa G\u00f6l\u00e7e ile Uzman \u00c7avu\u015f Sabri Acem\u2019i \u015fehit etmi\u015f, 27 askeri yaralam\u0131\u015ft\u0131. Patlamada karakol binas\u0131 da kullan\u0131lamaz hale gelmi\u015fti.<\/p>\n<p><img decoding=\"async\" src=\"https:\/\/ikimisli.tr\/wp-content\/uploads\/2025\/05\/3-askerin-sehit-oldugu-karakol-patlamasina-9-yil-sonra-beraat-karari-0-CTOmu791.jpg\"\/><\/p>\n<p>Midyat Cezaevinde tutuklu bulunan Vedat \u00d6. Abd\u00fcrrahim Y.\u2019ye hitaben kaleme ald\u0131\u011f\u0131 mektupta, \u201cSeni son sefer uyar\u0131yorum. \u0130ster tehdit, ister tavsiye olarak g\u00f6r. Evvelki tehditlerinden \u00f6t\u00fcr\u00fc ses \u00e7\u0131karmad\u0131m. T\u00fcm kirli oyunlar\u0131n\u0131 ortaya \u00e7\u0131karaca\u011f\u0131m. Ba\u015fta Mermer karakolunu \u00f6rg\u00fctle bir arada nas\u0131l patlatt\u0131\u011f\u0131n\u0131z\u0131, polis arac\u0131na sabotaj aksiyonunu, \u00f6rg\u00fct ismine nas\u0131l para toplad\u0131\u011f\u0131n\u0131 her \u015feyi apa\u00e7\u0131k biliyorum. Sen kan\u0131tlar\u0131 karartt\u0131\u011f\u0131n\u0131 san\u0131yorsun fakat o denli kolay de\u011fil. Cezam biter bitmez ummad\u0131\u011f\u0131n anda kar\u015f\u0131na \u00e7\u0131kaca\u011f\u0131m\u201d dedi. Cezaevi y\u00f6netimi \u201cG\u00f6r\u00fcld\u00fc\u201d ka\u015fesi vurulan mektubu isimli makamlara bildirilince Diyarbak\u0131r Cumhuriyet Ba\u015fsavc\u0131l\u0131\u011f\u0131nca tabiri al\u0131nan Vedat \u00d6. \u015fu itiraflarda bulundu.<\/p>\n<p><b>&#8220;\u00dcSTE\u011eMEN TAK\u0130PTEY\u0130Z DED\u0130&#8221; \u0130DD\u0130ASI<\/b><\/p>\n<p>\u201cMektup yazd\u0131\u011f\u0131m ki\u015fi beni \u00f6rg\u00fct i\u015flerinde kulland\u0131. Uyu\u015fturucu tarlalar\u0131nda bek\u00e7ilik yapt\u0131rd\u0131. Abdurrahim\u2019in bir yak\u0131n\u0131 ziyaretime gelip, \u2018Aleyhimize bir i\u015f yaparsan, hem sen, hem ailen ziyan g\u00f6r\u00fcr. Bizi ihbar edersen seni ve aileni harcar\u0131z\u2019 dedi. Bomba y\u00fckl\u00fc arac\u0131 Firaz, Reber ve Habip A. haz\u0131rlad\u0131. Abdurrahim ile yak\u0131nlar\u0131 \u00f6rg\u00fcte amonyum nitrat g\u00fcbre temin ediyordu. Bomba nas\u0131l haz\u0131rlan\u0131r, karakola ak\u0131n ve ke\u015fif ne halde olur \u00fczere e\u011fitimler verdiler. Karakolda patlat\u0131lan bomban\u0131n haz\u0131rlan\u0131\u015f\u0131n\u0131 gizlice kameraya kaydettim. Olaydan iki g\u00fcn evvel Abdurrahim beni ald\u0131. Birlikte Mermer K\u00f6y\u00fcne gittik. jelikan bidonlar i\u00e7inde bir meskenden ald\u0131\u011f\u0131m\u0131z patlay\u0131c\u0131lar\u0131 araca y\u00fckledik. Karakola yak\u0131n noktadaki trakt\u00f6r tamircisinin oldu\u011fu noktaya bomba ve silahlar\u0131 gizledik. Abdurrahim, bombay\u0131 patlatacak da\u011f tak\u0131m\u0131ndaki Firaz isimli ter\u00f6risti kast ederek, \u2018Ak\u015fam de\u011ferli konuklar\u0131m\u0131z gelecek. En d\u00fczg\u00fcn bi\u00e7imde kar\u015f\u0131lamal\u0131y\u0131z\u2019 dedi. Ben lavaboya gitme mazeretiyle Batman Vilayet Jandarma \u0130stihbarat Komutanl\u0131\u011f\u0131nda misyonlu Alparslan \u00fcste\u011fmenle g\u00f6r\u00fc\u015ft\u00fcm. Ona h\u00fccum olaca\u011f\u0131n\u0131, fakat tam olarak nereye yap\u0131laca\u011f\u0131n\u0131 bilmedi\u011fimi anlatt\u0131m. Bana nerede oldu\u011fumu sordu. Bulundu\u011fum yeri s\u00f6yleyince takipte olduklar\u0131n\u0131 s\u00f6yledi.\u201d<\/p>\n<p><b>&#8220;BOMBA HAZIRLANI\u015eINI FLA\u015e BELLEKTE TESL\u0130M ETT\u0130M&#8221;<\/b><\/p>\n<p>\u201cBu s\u0131rada Brez kod isimli \u00f6rg\u00fct \u00fcyesi lavaboya girdi ve kiminle konu\u015ftu\u011fumu sorunca bende \u015f\u00fcphelenmesin diye amcamla g\u00f6r\u00fc\u015ft\u00fc\u011f\u00fcm\u00fc s\u00f6yledim. Telefonumu al\u0131p denetim edip geri verdi ve bana \u2018\u00d6rg\u00fct \u015fu an ayakta, bir de \u015fahlan\u0131\u015f\u0131n\u0131 g\u00f6rece\u011fiz. Ses getiren aksiyonlar yapaca\u011f\u0131z\u2019 dedi. Alparslan \u00dcste\u011fmeni Batman cezaevindeyken tan\u0131d\u0131m. Orada tutukluyken irtibata ge\u00e7ip beni \u00f6rg\u00fcte s\u0131zd\u0131rmaya \u00e7al\u0131\u015f\u0131yordu. Olay g\u00fcn\u00fc art koltuklar\u0131 s\u00f6k\u00fclerek i\u00e7ine 4 varil i\u00e7inde patlay\u0131c\u0131 yerle\u015ftirilen ara\u00e7 getirdiler. Bu s\u0131rada Alparslan \u00dcste\u011fmen beni aray\u0131p bilgi istedi. Maksad\u0131m Alparslan \u00dcste\u011fmene bilgi ak\u0131\u015f\u0131 sa\u011flamakt\u0131. Bomba haz\u0131rlan\u0131rken 2 dakika 15 saniyelik g\u00f6r\u00fcnt\u00fc kaydettim. H\u00fccumdan bir g\u00fcn evvel Batman\u2019da \u00c7ar\u015f\u0131 Mahallesi Kilit \u0130rtibat isimli i\u015fyerinin \u00f6n\u00fcnde bulu\u015ftuk. Kendisine bombal\u0131 ak\u0131n yap\u0131laca\u011f\u0131n\u0131 ve bu bireylerin kimler oldu\u011funu tek tek anlatt\u0131m. Bulu\u015ftu\u011fumuz g\u00fcn ve saatte orada MOBESE\u2019de var. Kay\u0131tlar ara\u015ft\u0131r\u0131labilir. Alparslan\u2019a elimdeki bilinmeyen manzaralar\u0131 iki ba\u015fka Flash belle\u011fe kaydetti\u011fimi s\u00f6yledim ve birini kendisine verdim.\u201d<\/p>\n<p><b>&#8220;KEND\u0130M\u0130 SA\u011eLAMA ALMAK \u0130\u00c7\u0130N MEZARLI\u011eA G\u00d6MD\u00dcM&#8221;<\/b><\/p>\n<p>\u201c\u0130kinci Fla\u015f belle\u011fi de y\u00fcz\u00fck kutusu i\u00e7ine koyup karakola bombal\u0131 h\u00fccum olduktan sonra kendimi sa\u011flama almak i\u00e7in mezarl\u0131kta derin bir \u00e7ukur kazarak gizledim. Faal pi\u015fmanl\u0131ktan yararlanmak istiyorum. Vicdan azab\u0131 \u00e7ekti\u011fim i\u00e7in devletime yard\u0131mc\u0131 olmak istiyorum. Yaln\u0131zca Alparslan \u00fcste\u011fmen de\u011fil, Kocak\u00f6y Karakol Kumandan\u0131 Murat Ba\u015f\u00e7avu\u015f, FET\u00d6\u2019den tutuklan\u0131p ihra\u00e7 edilen \u0130l\u00e7e Jandarma Kumandan\u0131, Merkez Karakol Komutanl\u0131\u011f\u0131nda misyonlu Alper Uzman \u00e7avu\u015fla da bu durumu payla\u015ft\u0131m.\u201d<\/p>\n<p><b>&#8220;\u00dcSTE\u011eMEN DARBE G\u00dcN\u00dc KOMUTANIN BA\u015eINA S\u0130LAH DAYAMI\u015e&#8221;<\/b><\/p>\n<p>Vedat \u00d6.\u2019n\u00fcn ismini verdi\u011fi \u00dcste\u011fmenin 15 Temmuz darbe te\u015febb\u00fcs\u00fcnden sonra tutuklan\u0131p ihra\u00e7 edilen Alparslan Tuna oldu\u011fu belirlendi. Tuna\u2019n\u0131n Batman\u2019da Vilayet Jandarma Kumandan\u0131 Kurmay Albay H\u00fcseyin Topuz\u2019u darbeye dayanak vermedi\u011fi i\u00e7in makam\u0131nda ba\u015f\u0131na silah dayayarak 12 saat rehin ald\u0131\u011f\u0131 \u00f6\u011frenildi. Tuna\u2019n\u0131n Batman 2. A\u011f\u0131r Ceza Mahkemesince a\u011f\u0131rla\u015ft\u0131r\u0131lm\u0131\u015f m\u00fcebbet mahpusla cezaland\u0131r\u0131ld\u0131\u011f\u0131 bildirildi.<\/p>\n<p><b>VERD\u0130\u011e\u0130 B\u0130LG\u0130LER DO\u011eRULANAMADI<\/b><\/p>\n<p>Mahkeme, Vedat \u00d6.\u2019n\u00fcn s\u00f6z\u00fcnde; patlamayla ilgili Alparslan \u00dcste\u011fmen\u2019e bilgi verdi\u011fini belirtmi\u015f olsa da, yap\u0131lan ara\u015ft\u0131rmada bu mevzuda bilgi edinilemedi\u011fini, anlat\u0131mlar\u0131n\u0131n do\u011frulanamad\u0131\u011f\u0131n\u0131, bu tarafta bir kayd\u0131n bulunmad\u0131\u011f\u0131n\u0131, s\u00f6z\u00fc al\u0131nan \u00dcste\u011fmen Alparslan Tuna ile \u0130smail Demirbilek\u2019in de bu t\u00fcrl\u00fc bir bilginin kendilerine verilmedi\u011finin tespit edildi\u011fini belirtti. Mahkeme, san\u0131k Vedat \u00d6.\u2019n\u00fcn her ne kadar istihbarat g\u00f6revlilerine bilgi transferinde bulundu\u011fundan bahsetmi\u015f olsa da, toplanan bilgilere nazaran operasyonel yararl\u0131 bilgiler vermedi\u011fine dikkat \u00e7ekti. Alparslan Tuna isimli \u00fcste\u011fmende ele ge\u00e7irilen dijital malzemelerin incelenmesinde de san\u0131k Vedat\u2019\u0131n teslim etti\u011fini arg\u00fcman etti\u011fi bomba haz\u0131rlama manzaralar\u0131na rastlan\u0131lmad\u0131\u011f\u0131 \u00fczere, bu kayd\u0131n bir \u00f6rne\u011fini mezarl\u0131\u011fa g\u00f6md\u00fc\u011f\u00fcne dair yap\u0131lan ara\u015ft\u0131rmada da ger\u00e7ek olmad\u0131\u011f\u0131n\u0131n belirlendi\u011fini belirtti.<\/p>\n<p><b>T\u00dcM\u00dcNE BERAAT KARARI<\/b><\/p>\n<p>Mahkeme, san\u0131k Vedat \u00d6.\u2019n\u00fcn sonradan tabir de\u011fi\u015ftirip g\u00f6rg\u00fcye dayal\u0131 bilgisi olmad\u0131\u011f\u0131n\u0131 belirtmesi \u00fczerine haklar\u0131nda devletin birli\u011fini ve b\u00fct\u00fcnl\u00fc\u011f\u00fcn\u00fc bozmak ve \u00fc\u00e7 askerin \u015fehit edilmesine neden olmaktan 4 kere a\u011f\u0131rla\u015ft\u0131r\u0131lm\u0131\u015f m\u00fcebbet ve 585 y\u0131l mahpus istemiyle dava a\u00e7\u0131lan san\u0131klar aleyhine tek kan\u0131t\u0131n Vedat \u00d6.\u2019n\u00fcn \u00e7eli\u015fen s\u00f6zleri olmas\u0131 nedeniyle kan\u0131t yetersizli\u011finden t\u00fcm san\u0131klar\u0131n ba\u015fka farkl\u0131 beraatlar\u0131na karar verdi. Birtak\u0131m san\u0131klar ruhsats\u0131z silah bulundurmak ve ter\u00f6r \u00f6rg\u00fct\u00fc progandas\u0131 yapmak hatalar\u0131ndan 1 ila 4 y\u0131l ortas\u0131nda de\u011fi\u015fen mahpus cezalar\u0131na \u00e7arpt\u0131r\u0131ld\u0131.<\/p>\n","protected":false},"excerpt":{"rendered":"<p>Diyarbak\u0131r&#8217;da 3 askerin \u015fehit oldu\u011fu 27 askerin yaraland\u0131\u011f\u0131 karakol patlamas\u0131 sald\u0131r\u0131s\u0131na ait davada 9 y\u0131l sonra beraat karar\u0131 verildi.<\/p>\n","protected":false},"author":1,"featured_media":37071,"comment_status":"open","ping_status":"open","sticky":false,"template":"","format":"standard","meta":{"footnotes":""},"categories":[25],"tags":[644,3794,5857,418,5087],"class_list":["post-37070","post","type-post","status-publish","format-standard","has-post-thumbnail","hentry","category-gundem","tag-bilgi","tag-bomba","tag-karakol","tag-orgut","tag-verdi"],"_links":{"self":[{"href":"https:\/\/ikimisli.tr\/index.php\/wp-json\/wp\/v2\/posts\/37070","targetHints":{"allow":["GET"]}}],"collection":[{"href":"https:\/\/ikimisli.tr\/index.php\/wp-json\/wp\/v2\/posts"}],"about":[{"href":"https:\/\/ikimisli.tr\/index.php\/wp-json\/wp\/v2\/types\/post"}],"author":[{"embeddable":true,"href":"https:\/\/ikimisli.tr\/index.php\/wp-json\/wp\/v2\/users\/1"}],"replies":[{"embeddable":true,"href":"https:\/\/ikimisli.tr\/index.php\/wp-json\/wp\/v2\/comments?post=37070"}],"version-history":[{"count":1,"href":"https:\/\/ikimisli.tr\/index.php\/wp-json\/wp\/v2\/posts\/37070\/revisions"}],"predecessor-version":[{"id":37073,"href":"https:\/\/ikimisli.tr\/index.php\/wp-json\/wp\/v2\/posts\/37070\/revisions\/37073"}],"wp:featuredmedia":[{"embeddable":true,"href":"https:\/\/ikimisli.tr\/index.php\/wp-json\/wp\/v2\/media\/37071"}],"wp:attachment":[{"href":"https:\/\/ikimisli.tr\/index.php\/wp-json\/wp\/v2\/media?parent=37070"}],"wp:term":[{"taxonomy":"category","embeddable":true,"href":"https:\/\/ikimisli.tr\/index.php\/wp-json\/wp\/v2\/categories?post=37070"},{"taxonomy":"post_tag","embeddable":true,"href":"https:\/\/ikimisli.tr\/index.php\/wp-json\/wp\/v2\/tags?post=37070"}],"curies":[{"name":"wp","href":"https:\/\/api.w.org\/{rel}","templated":true}]}}