{"id":37163,"date":"2025-05-11T12:24:20","date_gmt":"2025-05-11T12:24:20","guid":{"rendered":"https:\/\/ikimisli.tr\/?p=37163"},"modified":"2025-05-11T12:24:20","modified_gmt":"2025-05-11T12:24:20","slug":"tbmm-baskani-kurtulmus-japonyaya-gidecek","status":"publish","type":"post","link":"https:\/\/ikimisli.tr\/index.php\/2025\/05\/11\/tbmm-baskani-kurtulmus-japonyaya-gidecek\/","title":{"rendered":"TBMM Ba\u015fkan\u0131 Kurtulmu\u015f Japonya&#8217;ya gidecek"},"content":{"rendered":"<p>TBMM Ba\u015fkan\u0131 Numan Kurtulmu\u015f, resmi temaslarda bulunmak \u00fczere 16-20 \u015eubat 2025 tarihlerinde Japonya&#8217;y\u0131 ziyaret edecek. \u00a0<\/p>\n<p>Meclis Ba\u015fkanl\u0131\u011f\u0131 ziyaret ayr\u0131nt\u0131lar\u0131na ait a\u00e7\u0131klama yapt\u0131.<\/p>\n<p>Yap\u0131lan a\u00e7\u0131klamada, &#8220;TBMM Ba\u015fkan\u0131 Numan Kurtulmu\u015f, 16-20 \u015eubat tarihleri ortas\u0131nda Japonya&#8217;ya resmi ziyaret ger\u00e7ekle\u015ftirecek. TBMM Ba\u015fkan\u0131 Kurtulmu\u015f, ba\u015fkent Tokyo&#8217;da Japonya Temsilciler Meclisi Ba\u015fkan\u0131 Fukushiro Nukaga ve Japonya Dan\u0131\u015fma Meclisi Ba\u015fkan\u0131 Masakazu Sekiguchi ile ba\u015f ba\u015fa ve heyetler ortas\u0131 g\u00f6r\u00fc\u015fme yapacak.<\/p>\n<p>Kurtulmu\u015f, ziyareti hasebiyle, T\u00fcrkiye ve Japonya ortas\u0131nda var olan g\u00fc\u00e7l\u00fc i\u015f birli\u011fini ilerletmeye y\u00f6nelik g\u00f6r\u00fc\u015fmeler ger\u00e7ekle\u015ftirecek, parlamentolar ortas\u0131 ilgileri, Gazze ba\u015fta olmak \u00fczere global ve b\u00f6lgesel mevzular\u0131 muhataplar\u0131yla ele alacak&#8221; denildi.<\/p>\n<p>TBMM Ba\u015fkan\u0131 Kurtulmu\u015f&#8217;un, beraberindeki parlamento heyetiyle birlikte Japonya&#8217;da ya\u015fayan T\u00fcrklerle bir ortaya gelece\u011fi belirtilerek, &#8220;T\u00fcrk Yunus Emre Enstit\u00fcs\u00fcn\u00fc ve Tokyo Camii&#8217;ni ziyaret edecek Kurtulmu\u015f, Sasakawa Vakf\u0131&#8217;na ger\u00e7ekle\u015ftirece\u011fi ziyarette de &#8216;Orta Do\u011fu&#8217;da Bar\u0131\u015f Perspektifi ve T\u00fcrkiye&#8217; ba\u015fl\u0131kl\u0131 konferansta hitap edecek. Tama Mezarl\u0131\u011f\u0131&#8217;nda bulunan Abd\u00fcrre\u015fid \u0130brahim Efendi&#8217;nin kabrini ziyaret edecek Kurtulmu\u015f&#8217;un, 6 \u015eubat 2023&#8217;teki Kahramanmara\u015f merkezli zelzelelerin akabinde yard\u0131ma gelen Japonya afet yard\u0131m tak\u0131m\u0131yla de g\u00f6r\u00fc\u015fmesi bekleniyor&#8221; tabirlerine yer verildi.<\/p>\n","protected":false},"excerpt":{"rendered":"<p>TBMM Ba\u015fkan\u0131 Numan Kurtulmu\u015f, 16-20 \u015eubat 2025 tarihlerinde Japonya&#8217;ya resmi bir ziyaret ger\u00e7ekle\u015ftirecek. Ziyaretin, T\u00fcrkiye ile Japonya ortas\u0131ndaki ilgilerin g\u00fc\u00e7lendirilmesi ve \u00e7e\u015fitli alanlarda i\u015fbirli\u011finin derinle\u015ftirilmesi hedefiyle yap\u0131ld\u0131\u011f\u0131 s\u00f6z edildi.<\/p>\n","protected":false},"author":1,"featured_media":37164,"comment_status":"open","ping_status":"open","sticky":false,"template":"","format":"standard","meta":{"footnotes":""},"categories":[25],"tags":[497,39,5595,5866,642],"class_list":["post-37163","post","type-post","status-publish","format-standard","has-post-thumbnail","hentry","category-gundem","tag-bas","tag-baskani","tag-japonya","tag-kurtulmus","tag-ziyaret"],"_links":{"self":[{"href":"https:\/\/ikimisli.tr\/index.php\/wp-json\/wp\/v2\/posts\/37163","targetHints":{"allow":["GET"]}}],"collection":[{"href":"https:\/\/ikimisli.tr\/index.php\/wp-json\/wp\/v2\/posts"}],"about":[{"href":"https:\/\/ikimisli.tr\/index.php\/wp-json\/wp\/v2\/types\/post"}],"author":[{"embeddable":true,"href":"https:\/\/ikimisli.tr\/index.php\/wp-json\/wp\/v2\/users\/1"}],"replies":[{"embeddable":true,"href":"https:\/\/ikimisli.tr\/index.php\/wp-json\/wp\/v2\/comments?post=37163"}],"version-history":[{"count":1,"href":"https:\/\/ikimisli.tr\/index.php\/wp-json\/wp\/v2\/posts\/37163\/revisions"}],"predecessor-version":[{"id":37165,"href":"https:\/\/ikimisli.tr\/index.php\/wp-json\/wp\/v2\/posts\/37163\/revisions\/37165"}],"wp:featuredmedia":[{"embeddable":true,"href":"https:\/\/ikimisli.tr\/index.php\/wp-json\/wp\/v2\/media\/37164"}],"wp:attachment":[{"href":"https:\/\/ikimisli.tr\/index.php\/wp-json\/wp\/v2\/media?parent=37163"}],"wp:term":[{"taxonomy":"category","embeddable":true,"href":"https:\/\/ikimisli.tr\/index.php\/wp-json\/wp\/v2\/categories?post=37163"},{"taxonomy":"post_tag","embeddable":true,"href":"https:\/\/ikimisli.tr\/index.php\/wp-json\/wp\/v2\/tags?post=37163"}],"curies":[{"name":"wp","href":"https:\/\/api.w.org\/{rel}","templated":true}]}}