{"id":37180,"date":"2025-05-11T13:12:14","date_gmt":"2025-05-11T13:12:14","guid":{"rendered":"https:\/\/ikimisli.tr\/?p=37180"},"modified":"2025-05-11T13:12:14","modified_gmt":"2025-05-11T13:12:14","slug":"cinli-otomotiv-sirketinden-turkiyeye-dev-yatirim-fabrika-kuracagi-ili-sanayi-bakani-acikladi","status":"publish","type":"post","link":"https:\/\/ikimisli.tr\/index.php\/2025\/05\/11\/cinli-otomotiv-sirketinden-turkiyeye-dev-yatirim-fabrika-kuracagi-ili-sanayi-bakani-acikladi\/","title":{"rendered":"\u00c7inli otomotiv \u015firketinden T\u00fcrkiye&#8217;ye dev yat\u0131r\u0131m: Fabrika kuraca\u011f\u0131 ili Sanayi Bakan\u0131 a\u00e7\u0131klad\u0131"},"content":{"rendered":"<p>Sanayi ve Teknoloji Bakan\u0131 Mehmet Fatih Kac\u0131r, Chery\u2019nin Samsun yat\u0131r\u0131m\u0131 i\u00e7in \u00f6nemli g\u00f6r\u00fc\u015fmeler yap\u0131ld\u0131\u011f\u0131n\u0131 a\u00e7\u0131klad\u0131. Bakan Kac\u0131r, fabrikan\u0131n kapasitesinin BYD ile birebir d\u00fczeyde olmas\u0131n\u0131 beklediklerini ve yat\u0131r\u0131m fiyat\u0131n\u0131n da BYD\u2019ye yak\u0131n oldu\u011funu belirtti.<\/p>\n<p><b>FARB\u0130KANIN KURULACA\u011eI \u0130L\u0130 A\u00c7IKLADI<\/b><\/p>\n<p>Bakan Kac\u0131r, programda \u015fu a\u00e7\u0131klamalarda bulundu:<\/p>\n<p><em>&#8220;Yat\u0131r\u0131m fiyat\u0131 a\u00e7\u0131s\u0131ndan da BYD&#8217;ye yak\u0131n. Maksad\u0131m\u0131z tamamlad\u0131\u011f\u0131m\u0131zda ikinci yat\u0131r\u0131m\u0131 Samsun&#8217;a kazand\u0131rmak. Chery&#8217;le Samsun konusunda \u00f6nemli diyalog i\u00e7indeyiz. Onlar da \u015funu g\u00f6r\u00fcyor, T\u00fcrkiye planl\u0131 hareket eden bir \u00fclke. Kapasitesinin en az BYD kadar olmas\u0131n\u0131 bekliyoruz. Yat\u0131r\u0131m fiyat\u0131 a\u00e7\u0131s\u0131ndan da BYD&#8217;ye yak\u0131n.&#8221;<\/em><\/p>\n","protected":false},"excerpt":{"rendered":"<p>Sanayi ve Teknoloji Bakan\u0131 Mehmet Fatih Kac\u0131r, kat\u0131ld\u0131\u011f\u0131 televizyon program\u0131nda sorular\u0131 yan\u0131tlad\u0131. Kac\u0131r, \u00c7inli otomotiv devi Chery&#8217;nin de BYD&#8217;ye yak\u0131n bir yat\u0131r\u0131m yapaca\u011f\u0131n\u0131 a\u00e7\u0131klad\u0131. Kac\u0131r, Chery&#8217;nin kuraca\u011f\u0131 fabrikaya dair k\u0131ymetli a\u00e7\u0131klamalarda bulundu.<\/p>\n","protected":false},"author":1,"featured_media":37181,"comment_status":"open","ping_status":"open","sticky":false,"template":"","format":"standard","meta":{"footnotes":""},"categories":[24],"tags":[5633,360],"class_list":["post-37180","post","type-post","status-publish","format-standard","has-post-thumbnail","hentry","category-ekonomi","tag-byd","tag-yatirim"],"_links":{"self":[{"href":"https:\/\/ikimisli.tr\/index.php\/wp-json\/wp\/v2\/posts\/37180","targetHints":{"allow":["GET"]}}],"collection":[{"href":"https:\/\/ikimisli.tr\/index.php\/wp-json\/wp\/v2\/posts"}],"about":[{"href":"https:\/\/ikimisli.tr\/index.php\/wp-json\/wp\/v2\/types\/post"}],"author":[{"embeddable":true,"href":"https:\/\/ikimisli.tr\/index.php\/wp-json\/wp\/v2\/users\/1"}],"replies":[{"embeddable":true,"href":"https:\/\/ikimisli.tr\/index.php\/wp-json\/wp\/v2\/comments?post=37180"}],"version-history":[{"count":1,"href":"https:\/\/ikimisli.tr\/index.php\/wp-json\/wp\/v2\/posts\/37180\/revisions"}],"predecessor-version":[{"id":37182,"href":"https:\/\/ikimisli.tr\/index.php\/wp-json\/wp\/v2\/posts\/37180\/revisions\/37182"}],"wp:featuredmedia":[{"embeddable":true,"href":"https:\/\/ikimisli.tr\/index.php\/wp-json\/wp\/v2\/media\/37181"}],"wp:attachment":[{"href":"https:\/\/ikimisli.tr\/index.php\/wp-json\/wp\/v2\/media?parent=37180"}],"wp:term":[{"taxonomy":"category","embeddable":true,"href":"https:\/\/ikimisli.tr\/index.php\/wp-json\/wp\/v2\/categories?post=37180"},{"taxonomy":"post_tag","embeddable":true,"href":"https:\/\/ikimisli.tr\/index.php\/wp-json\/wp\/v2\/tags?post=37180"}],"curies":[{"name":"wp","href":"https:\/\/api.w.org\/{rel}","templated":true}]}}