{"id":37200,"date":"2025-05-11T14:36:16","date_gmt":"2025-05-11T14:36:16","guid":{"rendered":"https:\/\/ikimisli.tr\/?p=37200"},"modified":"2025-05-11T14:36:16","modified_gmt":"2025-05-11T14:36:16","slug":"dunyanin-duz-oldugunu-kanitlamak-isterken-kesfettigi-sey-bu-oldu","status":"publish","type":"post","link":"https:\/\/ikimisli.tr\/index.php\/2025\/05\/11\/dunyanin-duz-oldugunu-kanitlamak-isterken-kesfettigi-sey-bu-oldu\/","title":{"rendered":"D\u00fcnyan\u0131n d\u00fcz oldu\u011funu kan\u0131tlamak isterken, ke\u015ffetti\u011fi \u015fey bu oldu"},"content":{"rendered":"<p>&#8220;Son Deney&#8221; isimli proje, Colorado&#8217;lu bir papaz olan Will Duffy taraf\u0131ndan tasarland\u0131. Projenin hedefi, &#8220;D\u00fcnya&#8217;n\u0131n hali hakk\u0131ndaki tart\u0131\u015fmaya son vermek&#8221;ti ve bu hedefle Antarktika&#8217;ya bir seyahat d\u00fczenlendi.\u00a0<\/p>\n<p>Fikir, kendi g\u00f6zlerinizle, G\u00fcne\u015f&#8217;in gece yar\u0131s\u0131 buz k\u0131tas\u0131n\u0131n \u00fczerinde nas\u0131l parlad\u0131\u011f\u0131n\u0131 g\u00f6rmekti. Bu fenomen s\u0131rf D\u00fcnya&#8217;n\u0131n yuvarlak olmas\u0131 durumunda m\u00fcmk\u00fcn olabilir. Fakat, d\u00fcnyan\u0131n d\u00fcz oldu\u011funu savunanlar, 1959&#8217;da imzalanan Antarktika Antla\u015fmas\u0131&#8217;n\u0131n asl\u0131nda sivillerin bu ger\u00e7e\u011fi anlamas\u0131n\u0131 engellemek gayesiyle yap\u0131ld\u0131\u011f\u0131n\u0131 \u00f6ne s\u00fcrerler.<\/p>\n<div>\n<p>YouTuber Ke\u015fif grubunun bir \u00fcyesi olan Jeran Capanella, t\u0131pk\u0131 Amerikal\u0131lar\u0131n %16&#8217;s\u0131 \u00fczere, bilimsel ara\u015ft\u0131rmalar\u0131n bilakis D\u00fcnya&#8217;n\u0131n d\u00fcz oldu\u011funa inan\u0131yordu. Fakat yakla\u015f\u0131k 32.000 dolar harcad\u0131ktan sonra, yanl\u0131\u015f\u0131n\u0131 kabul etti. 14 Aral\u0131k Cumartesi g\u00fcn\u00fc YouTube kanal\u0131nda yay\u0131nlanan canl\u0131 yay\u0131nda, &#8220;Antarktika&#8217;da 24 saat g\u00fcne\u015f olmad\u0131\u011f\u0131n\u0131 d\u00fc\u015f\u00fcn\u00fcyordum. Asl\u0131nda buna hayli emindim. Samimiyetle inand\u0131m. Fakat bazen hayat\u0131m\u0131zda yanl\u0131\u015flar yapar\u0131z&#8221; dedi.<\/p>\n<\/p><\/div>\n<p>Gece yar\u0131s\u0131 g\u00fcne\u015finin varl\u0131\u011f\u0131, sahiden de ba\u015f kar\u0131\u015ft\u0131r\u0131c\u0131 bir bahis. Zira en \u0131srarc\u0131 d\u00fcz D\u00fcnya savunucular\u0131n\u0131n bir k\u0131sm\u0131, bu olgunun, t\u00fcm zorluklara kar\u015f\u0131n, d\u00fcz bir D\u00fcnya modelinde bile ger\u00e7ekle\u015febilece\u011fine inan\u0131yor. \u00d6b\u00fcr bir d\u00fcz D\u00fcnya savunucusu ise &#8220;bir \u015fova kat\u0131ld\u0131\u011f\u0131n\u0131&#8221; belirtti ve &#8220;fiziksel olarak bunun i\u015fe yarad\u0131\u011f\u0131n\u0131 g\u00f6sterebilir&#8221; dedi.<\/p>\n","protected":false},"excerpt":{"rendered":"<p>D\u00fcnyan\u0131n d\u00fcz oldu\u011funu savunan bir k\u00fcme, bu g\u00f6r\u00fc\u015f\u00fc d\u00fcnyaya duyurmak istiyordu. Lakin Antarktika&#8217;ya yapt\u0131klar\u0131 seyahat s\u0131ras\u0131nda, d\u00fcnyan\u0131n d\u00fcz oldu\u011funa dair savlar\u0131n\u0131n yanl\u0131\u015f oldu\u011funu fark ettiler.<\/p>\n","protected":false},"author":1,"featured_media":37201,"comment_status":"open","ping_status":"open","sticky":false,"template":"","format":"standard","meta":{"footnotes":""},"categories":[43],"tags":[85,5870],"class_list":["post-37200","post","type-post","status-publish","format-standard","has-post-thumbnail","hentry","category-dunya","tag-dunya","tag-duz"],"_links":{"self":[{"href":"https:\/\/ikimisli.tr\/index.php\/wp-json\/wp\/v2\/posts\/37200","targetHints":{"allow":["GET"]}}],"collection":[{"href":"https:\/\/ikimisli.tr\/index.php\/wp-json\/wp\/v2\/posts"}],"about":[{"href":"https:\/\/ikimisli.tr\/index.php\/wp-json\/wp\/v2\/types\/post"}],"author":[{"embeddable":true,"href":"https:\/\/ikimisli.tr\/index.php\/wp-json\/wp\/v2\/users\/1"}],"replies":[{"embeddable":true,"href":"https:\/\/ikimisli.tr\/index.php\/wp-json\/wp\/v2\/comments?post=37200"}],"version-history":[{"count":1,"href":"https:\/\/ikimisli.tr\/index.php\/wp-json\/wp\/v2\/posts\/37200\/revisions"}],"predecessor-version":[{"id":37202,"href":"https:\/\/ikimisli.tr\/index.php\/wp-json\/wp\/v2\/posts\/37200\/revisions\/37202"}],"wp:featuredmedia":[{"embeddable":true,"href":"https:\/\/ikimisli.tr\/index.php\/wp-json\/wp\/v2\/media\/37201"}],"wp:attachment":[{"href":"https:\/\/ikimisli.tr\/index.php\/wp-json\/wp\/v2\/media?parent=37200"}],"wp:term":[{"taxonomy":"category","embeddable":true,"href":"https:\/\/ikimisli.tr\/index.php\/wp-json\/wp\/v2\/categories?post=37200"},{"taxonomy":"post_tag","embeddable":true,"href":"https:\/\/ikimisli.tr\/index.php\/wp-json\/wp\/v2\/tags?post=37200"}],"curies":[{"name":"wp","href":"https:\/\/api.w.org\/{rel}","templated":true}]}}