{"id":37224,"date":"2025-05-11T16:00:17","date_gmt":"2025-05-11T16:00:17","guid":{"rendered":"https:\/\/ikimisli.tr\/?p=37224"},"modified":"2025-05-11T16:00:17","modified_gmt":"2025-05-11T16:00:17","slug":"abdnin-sirtini-dondugu-avrupaya-cinden-muzakere-destegi","status":"publish","type":"post","link":"https:\/\/ikimisli.tr\/index.php\/2025\/05\/11\/abdnin-sirtini-dondugu-avrupaya-cinden-muzakere-destegi\/","title":{"rendered":"ABD&#8217;nin s\u0131rt\u0131n\u0131 d\u00f6nd\u00fc\u011f\u00fc Avrupa&#8217;ya, \u00c7in&#8217;den m\u00fczakere deste\u011fi"},"content":{"rendered":"<p>\u00c7in D\u0131\u015fi\u015fleri Bakan\u0131 Wang Yi, Rusya-Ukrayna sava\u015f\u0131na dair bar\u0131\u015f g\u00f6r\u00fc\u015fmelerine t\u00fcm taraflar\u0131n kat\u0131lmas\u0131 gerekti\u011fini s\u00f6yledi.<\/p>\n<p>M\u00fcnih G\u00fcvenlik Konferans\u0131\u2019nda konu\u015fan Wang, &#8220;sava\u015f boyunca \u00e7\u0131karlar\u0131 olan t\u00fcm taraflar\u0131n uygun vakitte bar\u0131\u015f g\u00f6r\u00fc\u015fmelerine kat\u0131lmas\u0131n\u0131 umuyoruz&#8221; dedi.<\/p>\n<p>\u00c7in D\u0131\u015fi\u015fleri Bakanl\u0131\u011f\u0131\u2019ndan yap\u0131lan a\u00e7\u0131klamada, Pekin\u2019in bar\u0131\u015fa y\u00f6nelik her t\u00fcrl\u00fc \u00e7abay\u0131 olumlu g\u00f6rd\u00fc\u011f\u00fc ve ABD ile Rusya ortas\u0131nda bu istikamette var\u0131lacak rastgele bir mutabakat\u0131 destekleyece\u011fi belirtildi.<\/p>\n<p><b>AVRUPA&#8217;YA, \u00c7\u0130N DESTE\u011e\u0130<\/b><\/p>\n<p>Wang, sava\u015f\u0131n Avrupa topraklar\u0131nda ya\u015fand\u0131\u011f\u0131n\u0131 hat\u0131rlatarak, k\u0131tan\u0131n bar\u0131\u015f s\u00fcrecinde etkin rol almas\u0131 gerekti\u011fini vurgulad\u0131.<\/p>\n<p>\u00c7inli Bakan, Avrupa Birli\u011fi ile stratejik irtibat\u0131 art\u0131rmaya ve kar\u015f\u0131l\u0131kl\u0131 anlay\u0131\u015f\u0131 g\u00fc\u00e7lendirmeye haz\u0131r olduklar\u0131n\u0131 belirtti. AB\u2019nin d\u0131\u015f siyaset sorumlusu Kaja Kallas ile g\u00f6r\u00fc\u015fen Wang, Pekin\u2019in Avrupa\u2019n\u0131n bar\u0131\u015f s\u00fcrecindeki rol\u00fcn\u00fc destekledi\u011fini s\u00f6yledi.<\/p>\n<p>\u00c7in, Ukrayna\u2019daki krizin tahlili i\u00e7in diyalo\u011fun tek ge\u00e7erli yol oldu\u011fu g\u00f6r\u00fc\u015f\u00fcn\u00fc yineledi. Ge\u00e7ti\u011fimiz y\u0131l Brezilya ile ortakla\u015fa alt\u0131 unsurluk bir bar\u0131\u015f plan\u0131 a\u00e7\u0131klayan Pekin, m\u00fczakerelerin her iki sava\u015fan taraf\u0131 da i\u00e7ermesi gerekti\u011fini savunmu\u015ftu.<\/p>\n<p>Ukrayna Devlet Ba\u015fkan\u0131 Volodimir Zelenski, \u00c7in\u2019in te\u015febb\u00fcs\u00fcn\u00fc Moskova\u2019n\u0131n \u00e7\u0131karlar\u0131na hizmet eden bir plan olarak reddetmi\u015fti.<\/p>\n","protected":false},"excerpt":{"rendered":"<p>\u00c7in, Ukrayna\u2019daki bar\u0131\u015f s\u00fcrecinde Avrupa\u2019n\u0131n daha etkin rol almas\u0131 gerekti\u011fini vurgulad\u0131. D\u0131\u015fi\u015fleri Bakan\u0131 Wang Yi, t\u00fcm ilgili taraflar\u0131n m\u00fczakerelere kat\u0131lmas\u0131 davetinde bulunurken, Pekin\u2019in ABD ve Rusya ortas\u0131nda var\u0131lacak muhtemel bir mutabakat\u0131 destekleyece\u011fini belirtti.<\/p>\n","protected":false},"author":1,"featured_media":37225,"comment_status":"open","ping_status":"open","sticky":false,"template":"","format":"standard","meta":{"footnotes":""},"categories":[43],"tags":[254,771],"class_list":["post-37224","post","type-post","status-publish","format-standard","has-post-thumbnail","hentry","category-dunya","tag-baris","tag-cin"],"_links":{"self":[{"href":"https:\/\/ikimisli.tr\/index.php\/wp-json\/wp\/v2\/posts\/37224","targetHints":{"allow":["GET"]}}],"collection":[{"href":"https:\/\/ikimisli.tr\/index.php\/wp-json\/wp\/v2\/posts"}],"about":[{"href":"https:\/\/ikimisli.tr\/index.php\/wp-json\/wp\/v2\/types\/post"}],"author":[{"embeddable":true,"href":"https:\/\/ikimisli.tr\/index.php\/wp-json\/wp\/v2\/users\/1"}],"replies":[{"embeddable":true,"href":"https:\/\/ikimisli.tr\/index.php\/wp-json\/wp\/v2\/comments?post=37224"}],"version-history":[{"count":1,"href":"https:\/\/ikimisli.tr\/index.php\/wp-json\/wp\/v2\/posts\/37224\/revisions"}],"predecessor-version":[{"id":37226,"href":"https:\/\/ikimisli.tr\/index.php\/wp-json\/wp\/v2\/posts\/37224\/revisions\/37226"}],"wp:featuredmedia":[{"embeddable":true,"href":"https:\/\/ikimisli.tr\/index.php\/wp-json\/wp\/v2\/media\/37225"}],"wp:attachment":[{"href":"https:\/\/ikimisli.tr\/index.php\/wp-json\/wp\/v2\/media?parent=37224"}],"wp:term":[{"taxonomy":"category","embeddable":true,"href":"https:\/\/ikimisli.tr\/index.php\/wp-json\/wp\/v2\/categories?post=37224"},{"taxonomy":"post_tag","embeddable":true,"href":"https:\/\/ikimisli.tr\/index.php\/wp-json\/wp\/v2\/tags?post=37224"}],"curies":[{"name":"wp","href":"https:\/\/api.w.org\/{rel}","templated":true}]}}