{"id":37227,"date":"2025-05-11T16:12:13","date_gmt":"2025-05-11T16:12:13","guid":{"rendered":"https:\/\/ikimisli.tr\/?p=37227"},"modified":"2025-05-11T16:12:13","modified_gmt":"2025-05-11T16:12:13","slug":"kultur-yolu-festivaline-yeni-sehirler-dahil-edilecek","status":"publish","type":"post","link":"https:\/\/ikimisli.tr\/index.php\/2025\/05\/11\/kultur-yolu-festivaline-yeni-sehirler-dahil-edilecek\/","title":{"rendered":"K\u00fclt\u00fcr Yolu Festivali&#8217;ne yeni \u015fehirler dahil edilecek"},"content":{"rendered":"<p>K\u00fclt\u00fcr ve Turizm Bakan\u0131 Mehmet Nuri Ersoy, K\u00fclt\u00fcr Yolu \u015eenli\u011fi projesinin b\u00fcy\u00fck\u015fehirler stat\u00fcs\u00fcnde s\u00fcrd\u00fcr\u00fcld\u00fc\u011f\u00fcn\u00fc belirterek, \u201cB\u00fcy\u00fck\u015fehirler tamamland\u0131ktan sonra \u00f6b\u00fcr kentlerimizi de kademeli dahil edece\u011fiz\u201d dedi.<\/p>\n<p>Ersoy, bir dizi temas ve a\u00e7\u0131l\u0131\u015fta bulunmak \u00fczere Afyonkarahisar\u2019a geldi. Ersoy, \u201cBu projeler biliyorsunuz b\u00fcy\u00fck\u015fehir stat\u00fcs\u00fcnde \u00f6ncelikli gidiyor. \u015eu anda b\u00fcy\u00fck\u015fehirler tamamland\u0131ktan sonra \u00f6b\u00fcr kentlerimizi de kademeli dahil edece\u011fiz. Birinci etapta b\u00fcy\u00fck\u015fehirlerin dahil edilmesi gerekiyor, biraz daha vakti var\u201d dedi.<\/p>\n<p>Bakan Mehmet Nuri Ersoy, Afyonkarahisar\u2019daki program\u0131n\u0131n devam\u0131nda Sand\u0131kl\u0131 il\u00e7esinde yeni in\u015fa edilen 4 katl\u0131 100. Y\u0131l K\u00fct\u00fcphanesi\u2019nin a\u00e7\u0131l\u0131\u015f\u0131na kat\u0131ld\u0131.<\/p>\n<p>K\u00fct\u00fcphanenin \u00e7ok emelli, 7\u2019den 70\u2019e herkesin kullanabilece\u011fi seviyede oldu\u011funu s\u00f6yleyen Bakan Ersoy, k\u00fct\u00fcphanenin \u015fu anda haftan\u0131n 7 g\u00fcn a\u00e7\u0131k oldu\u011funu, ilerleyen devirlerde 7 g\u00fcn 24 a\u00e7\u0131k olmas\u0131n\u0131n planland\u0131\u011f\u0131n\u0131 aktard\u0131. K\u00fct\u00fcphanedeki alanlar\u0131 gezen Bakan Ersoy, yetkililerden bilgi ald\u0131.<\/p>\n","protected":false},"excerpt":{"rendered":"<p>K\u00fclt\u00fcr ve Turizm Bakan\u0131 Mehmet Nuri Ersoy, K\u00fclt\u00fcr Yolu \u015eenli\u011fi&#8217;ne yeni vilayetler eklenece\u011fini duyurdu.<\/p>\n","protected":false},"author":1,"featured_media":37228,"comment_status":"open","ping_status":"open","sticky":false,"template":"","format":"standard","meta":{"footnotes":""},"categories":[26],"tags":[5187,1830],"class_list":["post-37227","post","type-post","status-publish","format-standard","has-post-thumbnail","hentry","category-kultur-sanat","tag-buyuksehir","tag-ersoy"],"_links":{"self":[{"href":"https:\/\/ikimisli.tr\/index.php\/wp-json\/wp\/v2\/posts\/37227","targetHints":{"allow":["GET"]}}],"collection":[{"href":"https:\/\/ikimisli.tr\/index.php\/wp-json\/wp\/v2\/posts"}],"about":[{"href":"https:\/\/ikimisli.tr\/index.php\/wp-json\/wp\/v2\/types\/post"}],"author":[{"embeddable":true,"href":"https:\/\/ikimisli.tr\/index.php\/wp-json\/wp\/v2\/users\/1"}],"replies":[{"embeddable":true,"href":"https:\/\/ikimisli.tr\/index.php\/wp-json\/wp\/v2\/comments?post=37227"}],"version-history":[{"count":1,"href":"https:\/\/ikimisli.tr\/index.php\/wp-json\/wp\/v2\/posts\/37227\/revisions"}],"predecessor-version":[{"id":37229,"href":"https:\/\/ikimisli.tr\/index.php\/wp-json\/wp\/v2\/posts\/37227\/revisions\/37229"}],"wp:featuredmedia":[{"embeddable":true,"href":"https:\/\/ikimisli.tr\/index.php\/wp-json\/wp\/v2\/media\/37228"}],"wp:attachment":[{"href":"https:\/\/ikimisli.tr\/index.php\/wp-json\/wp\/v2\/media?parent=37227"}],"wp:term":[{"taxonomy":"category","embeddable":true,"href":"https:\/\/ikimisli.tr\/index.php\/wp-json\/wp\/v2\/categories?post=37227"},{"taxonomy":"post_tag","embeddable":true,"href":"https:\/\/ikimisli.tr\/index.php\/wp-json\/wp\/v2\/tags?post=37227"}],"curies":[{"name":"wp","href":"https:\/\/api.w.org\/{rel}","templated":true}]}}