{"id":37253,"date":"2025-05-11T17:48:27","date_gmt":"2025-05-11T17:48:27","guid":{"rendered":"https:\/\/ikimisli.tr\/?p=37253"},"modified":"2025-05-11T17:48:27","modified_gmt":"2025-05-11T17:48:27","slug":"muglada-denizin-cekilmesiyle-tarihi-gumruk-binasi-ortaya-cikti","status":"publish","type":"post","link":"https:\/\/ikimisli.tr\/index.php\/2025\/05\/11\/muglada-denizin-cekilmesiyle-tarihi-gumruk-binasi-ortaya-cikti\/","title":{"rendered":"Mu\u011fla&#8217;da denizin \u00e7ekilmesiyle tarihi g\u00fcmr\u00fck binas\u0131 ortaya \u00e7\u0131kt\u0131"},"content":{"rendered":"<p>Mu\u011fla&#8217;n\u0131n Ortanca il\u00e7esine ba\u011fl\u0131 \u0130ztuzu k\u0131y\u0131s\u0131nda deniz suyu be\u015f metre \u00e7ekildi. Sular\u0131n \u00e7ekilmesiyle kum tepecikleri olu\u015ftu.<\/p>\n<p>Sahilin Bo\u011faza\u011fz\u0131 mevkisinde 60 y\u0131l evvel kullan\u0131lan g\u00fcmr\u00fck binas\u0131n\u0131n ta\u015f temel duvarlar\u0131 da sular\u0131n \u00e7ekilmesiyle su y\u00fcz\u00fcne \u00e7\u0131kt\u0131.<\/p>\n<p><img decoding=\"async\" src=\"https:\/\/ikimisli.tr\/wp-content\/uploads\/2025\/05\/muglada-denizin-cekilmesiyle-tarihi-gumruk-binasi-ortaya-cikti-0-d4E4sgpY.jpg\"\/><\/p>\n<p>S.S. Dalyan Su \u00dcr\u00fcnleri Kooperatifi Ba\u015fkan\u0131 Arif Yal\u0131l\u0131, sular\u0131n her y\u0131l muhakkak periyotlarda \u00e7ekildi\u011fini lakin bu d\u00fczeye d\u00fc\u015ft\u00fc\u011f\u00fcn\u00fc g\u00f6rmedi\u011fini s\u00f6yledi.<\/p>\n<p>Denizin \u00e7ekilmesiyle tarihi g\u00fcmr\u00fck binas\u0131n\u0131n da ortaya \u00e7\u0131kt\u0131\u011f\u0131n\u0131 belirten Yal\u0131l\u0131, yap\u0131 hakk\u0131nda bilgi verdi:<\/p>\n<p>&#8220;1940 ve 60 y\u0131llar\u0131 ortas\u0131nda oras\u0131 g\u00fcmr\u00fck koruma memurlar\u0131n\u0131n misyon yapt\u0131\u011f\u0131 bir yerdi. \u015eu an temeli g\u00f6rebiliyoruz. Dalyan&#8217;dan Yunanistan, Rodos ve ba\u015fka adalara \u00f6rne\u011fin bal\u0131k sevkiyat\u0131, \u00f6teki eserler de gidiyordu. Evvelce kara yolu yokken bu b\u00f6lgeye buradan deniz yoluyla sevkiyat vard\u0131.&#8221;<\/p>\n<p><img decoding=\"async\" src=\"https:\/\/ikimisli.tr\/wp-content\/uploads\/2025\/05\/muglada-denizin-cekilmesiyle-tarihi-gumruk-binasi-ortaya-cikti-1-vUNhtDHP.jpg\"\/><\/p>\n<p>Yall\u0131, \u00f6n\u00fcm\u00fczdeki g\u00fcnlerde denizin y\u00fckselerek g\u00f6le akmas\u0131n\u0131 beklediklerini s\u00f6yledi.<\/p>\n","protected":false},"excerpt":{"rendered":"<p>Mu\u011fla&#8217;da kaplumba\u011falar\u0131n\u0131n yuvalama alan\u0131 \u0130ztuzu k\u0131y\u0131s\u0131nda sular\u0131n \u00e7ekilmesiyle tarihi g\u00fcmr\u00fck binas\u0131n\u0131n temeli ortaya \u00e7\u0131kt\u0131.<\/p>\n","protected":false},"author":1,"featured_media":37254,"comment_status":"open","ping_status":"open","sticky":false,"template":"","format":"standard","meta":{"footnotes":""},"categories":[44],"tags":[],"class_list":["post-37253","post","type-post","status-publish","format-standard","has-post-thumbnail","hentry","category-yasam"],"_links":{"self":[{"href":"https:\/\/ikimisli.tr\/index.php\/wp-json\/wp\/v2\/posts\/37253","targetHints":{"allow":["GET"]}}],"collection":[{"href":"https:\/\/ikimisli.tr\/index.php\/wp-json\/wp\/v2\/posts"}],"about":[{"href":"https:\/\/ikimisli.tr\/index.php\/wp-json\/wp\/v2\/types\/post"}],"author":[{"embeddable":true,"href":"https:\/\/ikimisli.tr\/index.php\/wp-json\/wp\/v2\/users\/1"}],"replies":[{"embeddable":true,"href":"https:\/\/ikimisli.tr\/index.php\/wp-json\/wp\/v2\/comments?post=37253"}],"version-history":[{"count":1,"href":"https:\/\/ikimisli.tr\/index.php\/wp-json\/wp\/v2\/posts\/37253\/revisions"}],"predecessor-version":[{"id":37257,"href":"https:\/\/ikimisli.tr\/index.php\/wp-json\/wp\/v2\/posts\/37253\/revisions\/37257"}],"wp:featuredmedia":[{"embeddable":true,"href":"https:\/\/ikimisli.tr\/index.php\/wp-json\/wp\/v2\/media\/37254"}],"wp:attachment":[{"href":"https:\/\/ikimisli.tr\/index.php\/wp-json\/wp\/v2\/media?parent=37253"}],"wp:term":[{"taxonomy":"category","embeddable":true,"href":"https:\/\/ikimisli.tr\/index.php\/wp-json\/wp\/v2\/categories?post=37253"},{"taxonomy":"post_tag","embeddable":true,"href":"https:\/\/ikimisli.tr\/index.php\/wp-json\/wp\/v2\/tags?post=37253"}],"curies":[{"name":"wp","href":"https:\/\/api.w.org\/{rel}","templated":true}]}}