{"id":37426,"date":"2025-05-12T04:24:18","date_gmt":"2025-05-12T04:24:18","guid":{"rendered":"https:\/\/ikimisli.tr\/?p=37426"},"modified":"2025-05-12T04:24:18","modified_gmt":"2025-05-12T04:24:18","slug":"chpden-hskya-akin-gurlek-sikayeti","status":"publish","type":"post","link":"https:\/\/ikimisli.tr\/index.php\/2025\/05\/12\/chpden-hskya-akin-gurlek-sikayeti\/","title":{"rendered":"CHP&#8217;den HSK&#8217;ya Ak\u0131n G\u00fcrlek \u015fikayeti"},"content":{"rendered":"<p>CHP K\u00fcme Ba\u015fkanvekili Ali Yetenekli Ba\u015far\u0131r, Silivri Cezaevi\u2019nde bulunun Zafer Partisi Genel Lideri \u00dcmit \u00d6zda\u011f, Belediye Liderleri Ahmet \u00d6zer ve \u0130stek Akpolat, Halk TV Genel Yay\u0131n Y\u00f6netmeni Suat Tokta\u015f, Seyahat Davas\u0131 tutuklular\u0131 Can Atalay, Tayfun Kahraman, Osman Kavala, avukat F\u0131rat Ep\u00f6zdemir ile Ay\u015fe Bar\u0131m&#8217;\u0131 ziyaret etti.<\/p>\n<p>Cezaevi ziyaretinin akabinde bas\u0131na a\u00e7\u0131klamalar yapan Ali Becerikli Ba\u015far\u0131r \u015fu s\u00f6zleri kulland\u0131:<\/p>\n<p><strong>&#8220;T\u00fcrkiye&#8217;nin en nitelikli insanlar\u0131 burada&#8221;<\/strong><\/p>\n<p>\u201cSilivri Cezaevinde tutsak olan dokuz siyaset\u00e7iyi, sanat\u00e7\u0131y\u0131 T\u00fcrkiye&#8217;nin de\u011ferli ismini ziyaret ettik. Zafer Partisi Genel Lideri Say\u0131n \u00dcmit \u00d6zda\u011f&#8217;\u0131 ziyaret ettik. Hatay Milletvekili Can Atalay&#8217;\u0131 ziyaret ettik. Be\u015fikta\u015f Belediye Liderimiz \u0130stek Akpolat, Esenyurt Belediye Liderimiz Ahmet \u00d6zer, Tayfun Kahraman, Suat Tokta\u015f Halk TV yay\u0131n y\u00f6netmeni, Ay\u015fe Var\u0131m, F\u0131rat Ep\u00f6zdemir, Osman Kavala ziyaret ettik. Hepsinin T\u00fcrkiye&#8217;ye selamlar\u0131 var. Hepsi \u00e7ok d\u00fczg\u00fcn umutlu dimdik de ayakta onu s\u00f6ylemek istiyorum. \u0130\u015fte Silivri&#8217;yi g\u00f6r\u00fcyorsunuz T\u00fcrkiye&#8217;nin en nitelikli insanlar\u0131 burada.<\/p>\n<p><strong>&#8220;Ak\u0131n G\u00fcrlek <\/strong><strong>A<\/strong><strong>nayasa<\/strong><strong>\u2019<\/strong><strong>n\u0131n tam 10 unsurunu ihlal etmi\u015f durumda. Anayasa<\/strong><strong>\u2019<\/strong><strong>y\u0131 ask\u0131ya alm\u0131\u015f durumda&#8221;<\/strong><\/p>\n<p>\u00dcz\u00fclerek s\u00f6yl\u00fcyorum ki \u0130stanbul Cumhuriyet Ba\u015fsavc\u0131s\u0131 Ak\u0131n G\u00fcrlek bu \u00fclkenin i\u015fverenine, \u00e7al\u0131\u015fan\u0131na, siyaset\u00e7isine birinci partisine, ba\u015fka partilerine, belediye liderine, milletvekiline yarg\u0131 ile bir darbe yap\u0131yor. Bug\u00fcn Cumhuriyet Halk Partisi, kendisi hakk\u0131nda Ankara Cumhuriyet Ba\u015fsavc\u0131l\u0131\u011f\u0131\u2019na, Yarg\u0131\u00e7lar Savc\u0131lar Kurulu\u2019na gerekli \u015fikayetlerde bulundu. Bug\u00fcn Ak\u0131n G\u00fcrlek Anayasa\u2019n\u0131n tam 10 unsurunu ihlal etmi\u015f durumda. Anayasa\u2019y\u0131 ask\u0131ya alm\u0131\u015f durumda. Anayasa unsur 19 ki\u015fi h\u00fcrriyeti ve g\u00fcvenli\u011fi, Anayasa 22 haberle\u015fme h\u00fcrriyeti. Anayasa husus 21 konut dokunulmazl\u0131\u011f\u0131 h\u00fcrriyeti.  Anayasa husus 25 fikir ve kanaat h\u00fcrriyeti. Anayasa unsur 26 fikir ve a\u00e7\u0131klama h\u00fcrriyeti. Anayasa 28 bas\u0131n h\u00fcrriyeti, 34 toplant\u0131 ve y\u00fcr\u00fcy\u00fc\u015f d\u00fczenleme hakk\u0131 h\u00fcrriyeti, anayasa 36 hak arama h\u00fcrriyeti, anayasa 37 yasal hakim garantisi, anayasa 38 hata ve cezalara ait temeller. Anayasa husus 40 temel hak ve h\u00fcrriyetlerin korunmas\u0131. Bug\u00fcn anayasan\u0131n en temel hususlar\u0131n\u0131 ask\u0131ya alm\u0131\u015ft\u0131r.<\/p>\n<p><strong>&#8220;Cebir ve \u015fiddet kullanarak T\u00fcrkiye Cumhuriyeti Anayasas\u0131&#8217;n\u0131n \u00f6ng\u00f6r\u00fcld\u00fc\u011f\u00fc tertibi ortadan kald\u0131rmaya&#8230;&#8221;<\/strong><\/p>\n<p>Evet kendisinin a\u00e7\u0131k\u00e7a T\u00fcrk Ceza Kanunu 309 Anayasay\u0131 ihlal kabahati. Cebir ve \u015fiddet kullanarak T\u00fcrkiye Cumhuriyeti Anayasas\u0131&#8217;n\u0131n \u00f6ng\u00f6r\u00fcld\u00fc\u011f\u00fc nizam\u0131 ortadan kald\u0131rmaya yahut bu sistem yerine \u00f6b\u00fcr bir nizam getirmeye yahut bu sistemin fiilen uygulanmas\u0131n\u0131 \u00f6nlemeye te\u015febb\u00fcs edenler. Bug\u00fcn anayasal tertibin fiilen uygulanmas\u0131n\u0131 \u015fahsen \u00f6nlemeye y\u00f6nelik aksiyonlar\u0131 a\u00e7\u0131kt\u0131r te\u015febb\u00fcs etmi\u015ftir. Bunu yapan eski bir mevkida\u015f\u0131 bug\u00fcn Almanya&#8217;dad\u0131r. T\u0131pk\u0131 husustan yarg\u0131lanm\u0131\u015ft\u0131r. G\u00f6r\u00fcyorsunuz Cumhuriyet Halk Partisi T\u00fcrkiye&#8217;nin birinci partisini yarg\u0131lamaya kalk\u0131yorlar. Bir partinin genel ba\u015fkan\u0131 \u00dcmit \u00d6zda\u011f cezaevinde. Milletvekili cezaevinde. Belediye liderleri cezaevinde. Sendika, emek\u00e7i temsilcileri cezaevinde T\u00dcS\u0130AD yarg\u0131lan\u0131yor. Halk TV&#8217;nin yay\u0131n y\u00f6netmeni cezaevinde. Daha sayay\u0131m m\u0131? Herkes bask\u0131 alt\u0131nda, anayasal tertip \u00fcz\u00fclerek s\u00f6yl\u00fcyorum ki bir ba\u015fsavc\u0131 taraf\u0131ndan ortadan kald\u0131r\u0131lmak isteniyor. T\u00fcrkiye esaret alt\u0131nda. Biz bug\u00fcn gere\u011fini yapt\u0131k kendisi hakk\u0131nda. Tarihe not d\u00fc\u015f\u00fcyoruz. Tahminen bu HSK g\u00f6rmeyecek, Ankara Cumhuriyet Ba\u015fsavc\u0131l\u0131\u011f\u0131 g\u00f6rmeyecek. Lakin bir g\u00fcn bu g\u00f6r\u00fclecek.<\/p>\n","protected":false},"excerpt":{"rendered":"<p>CHP K\u00fcme Ba\u015fkanvekili Ali Becerikli Ba\u015far\u0131r&#8217;dan Silivri ziyaret etti. Ba\u015far\u0131r \u00e7\u0131k\u0131\u015fta yapt\u0131\u011f\u0131 a\u00e7\u0131klamada \u201c\u0130stanbul Cumhuriyet Ba\u015fsavc\u0131s\u0131 Ak\u0131n G\u00fcrlek bu \u00fclkenin i\u015fverenine, emek\u00e7isine, siyaset\u00e7isine birinci partisine, \u00f6b\u00fcr partilerine, belediye liderine, milletvekiline yarg\u0131 ile bir darbe yap\u0131yor. Bug\u00fcn CHP, kendisi hakk\u0131nda Ankara Cumhuriyet Ba\u015fsavc\u0131l\u0131\u011f\u0131\u2019na, Yarg\u0131\u00e7lar Savc\u0131lar Kurulu\u2019na gerekli \u015fikayetlerde bulundu\u201d dedi.<\/p>\n","protected":false},"author":1,"featured_media":37427,"comment_status":"open","ping_status":"open","sticky":false,"template":"","format":"standard","meta":{"footnotes":""},"categories":[25],"tags":[1098,3970,5170,5890,113],"class_list":["post-37426","post","type-post","status-publish","format-standard","has-post-thumbnail","hentry","category-gundem","tag-anayasa","tag-cezaevi","tag-duzen","tag-hurriyeti","tag-turkiye"],"_links":{"self":[{"href":"https:\/\/ikimisli.tr\/index.php\/wp-json\/wp\/v2\/posts\/37426","targetHints":{"allow":["GET"]}}],"collection":[{"href":"https:\/\/ikimisli.tr\/index.php\/wp-json\/wp\/v2\/posts"}],"about":[{"href":"https:\/\/ikimisli.tr\/index.php\/wp-json\/wp\/v2\/types\/post"}],"author":[{"embeddable":true,"href":"https:\/\/ikimisli.tr\/index.php\/wp-json\/wp\/v2\/users\/1"}],"replies":[{"embeddable":true,"href":"https:\/\/ikimisli.tr\/index.php\/wp-json\/wp\/v2\/comments?post=37426"}],"version-history":[{"count":1,"href":"https:\/\/ikimisli.tr\/index.php\/wp-json\/wp\/v2\/posts\/37426\/revisions"}],"predecessor-version":[{"id":37428,"href":"https:\/\/ikimisli.tr\/index.php\/wp-json\/wp\/v2\/posts\/37426\/revisions\/37428"}],"wp:featuredmedia":[{"embeddable":true,"href":"https:\/\/ikimisli.tr\/index.php\/wp-json\/wp\/v2\/media\/37427"}],"wp:attachment":[{"href":"https:\/\/ikimisli.tr\/index.php\/wp-json\/wp\/v2\/media?parent=37426"}],"wp:term":[{"taxonomy":"category","embeddable":true,"href":"https:\/\/ikimisli.tr\/index.php\/wp-json\/wp\/v2\/categories?post=37426"},{"taxonomy":"post_tag","embeddable":true,"href":"https:\/\/ikimisli.tr\/index.php\/wp-json\/wp\/v2\/tags?post=37426"}],"curies":[{"name":"wp","href":"https:\/\/api.w.org\/{rel}","templated":true}]}}