{"id":37447,"date":"2025-05-12T05:36:23","date_gmt":"2025-05-12T05:36:23","guid":{"rendered":"https:\/\/ikimisli.tr\/?p=37447"},"modified":"2025-05-12T05:36:23","modified_gmt":"2025-05-12T05:36:23","slug":"disisleri-bakani-fidan-samdaki-dostlarimizdan-pkk-ypgden-kurtulmamiza-yardimci-olmalarini-bekliyoruz","status":"publish","type":"post","link":"https:\/\/ikimisli.tr\/index.php\/2025\/05\/12\/disisleri-bakani-fidan-samdaki-dostlarimizdan-pkk-ypgden-kurtulmamiza-yardimci-olmalarini-bekliyoruz\/","title":{"rendered":"D\u0131\u015fi\u015fleri Bakan\u0131 Fidan: \u015eam\u2019daki dostlar\u0131m\u0131zdan PKK\/YPG\u2019den kurtulmam\u0131za yard\u0131mc\u0131 olmalar\u0131n\u0131 bekliyoruz"},"content":{"rendered":"<p>D\u0131\u015fi\u015fleri Bakan\u0131 Hakan Fidan, 61. M\u00fcnih G\u00fcvenlik Konferans\u0131&#8217;nda Suriye&#8217;nin gelece\u011fi \u00fczerine k\u0131ymetli a\u00e7\u0131klamalar yapt\u0131. Fidan, Suriye&#8217;nin on y\u0131ldan fazla m\u00fcddettir b\u00f6lgede istikrars\u0131zl\u0131k yaratt\u0131\u011f\u0131n\u0131 ve \u015fu anda, Suriye&#8217;nin s\u0131k\u0131nt\u0131lar\u0131n\u0131 \u00e7\u00f6zmek i\u00e7in bir f\u0131rsat bulundu\u011funu vurgulad\u0131. Bir\u00e7ok \u00fclkenin, kom\u015fu \u00fclkeler i\u00e7in tehdit olu\u015fturulmas\u0131n\u0131 istemedi\u011fi, ter\u00f6rizmin yay\u0131lmas\u0131n\u0131 engellemek istedi\u011fi ve Suriye&#8217;nin toprak b\u00fct\u00fcnl\u00fc\u011f\u00fcn\u00fc m\u00fcdafaa maksad\u0131 g\u00fctt\u00fc\u011f\u00fc konusunda mutab\u0131k kald\u0131\u011f\u0131n\u0131 belirtti.<\/p>\n<p><strong>Fidan&#8217;\u0131n a\u00e7\u0131klamalar\u0131ndan \u00f6ne \u00e7\u0131kanlar \u015fu formda:<\/strong><\/p>\n<p><strong>\u201cSilahl\u0131 milislere m\u00fcsamaha g\u00f6steremeyiz\u201d<\/strong>\u00a0<\/p>\n<p>Sorunlardan biri de silahl\u0131 k\u00fcmelerin nas\u0131l birle\u015fece\u011fidir. Bence yeni idare, bu mevzuyu \u00e7ok kapsaml\u0131 bir halde ele al\u0131yor. Meslekta\u015flar\u0131mla ve yeni idarenin ba\u015fka yetkilileriyle yapt\u0131\u011f\u0131m g\u00f6r\u00fc\u015fmelerden anlad\u0131\u011f\u0131m\u0131z kadar\u0131yla \u015fu anda silahl\u0131 k\u00fcmeleri birle\u015ftirme konusunda hakikat ad\u0131mlar at\u0131yorlar. Bizim g\u00f6r\u00fc\u015f\u00fcm\u00fcze nazaran yaln\u0131zca tek bir yasal silahl\u0131 g\u00fc\u00e7 olmal\u0131. &#8230; Ne bi\u00e7imde olursa olsun silahl\u0131 milislere m\u00fcsamaha g\u00f6steremeyiz, zira uzun vakittir bu tecr\u00fcbenin b\u00f6lgeye sadece kaos ve istikrars\u0131zl\u0131k getirdi\u011fini g\u00f6rd\u00fck. Halk\u0131n nizam\u0131n\u0131, emniyetini ve g\u00fcvenli\u011fini sa\u011flamak i\u00e7in milislerle ilgilenmek, onlar\u0131 tek bir ulusal ordu alt\u0131nda toplamak k\u0131ymetli mevzulardan biri.\u00a0 \u00a0<\/p>\n<p>Suriye&#8217;ye ait \u00f6ncelikli gayemiz, tekrar yap\u0131lanma konusunda onlara nas\u0131l yard\u0131mc\u0131 olaca\u011f\u0131m\u0131z, ekonomiyi nas\u0131l kalk\u0131nd\u0131raca\u011f\u0131m\u0131z ve akabinde devlet kurumlar\u0131n\u0131 nas\u0131l yine in\u015fa edece\u011fimiz. Bunlar milletleraras\u0131 ve b\u00f6lgesel toplumla birlikte elimizden gelenin en d\u00fczg\u00fcn\u00fcn\u00fc yapmaya \u00e7al\u0131\u015ft\u0131\u011f\u0131m\u0131z k\u0131ymetli hususlar.<\/p>\n<p><img decoding=\"async\" src=\"https:\/\/ikimisli.tr\/wp-content\/uploads\/2025\/05\/disisleri-bakani-fidan-samdaki-dostlarimizdan-pkkypgden-kurtulmamiza-yardimci-olmalarini-bekliyoruz-0-LBKnWmVk.jpg\"\/><\/p>\n<p><strong>\u201cBu insanlar\u0131n \u00fclkenin \u00fc\u00e7te birini i\u015fgal etmesine m\u00fcsaade veremezsiniz\u201d<\/strong>\u00a0<\/p>\n<p>G\u00fcvenlik a\u00e7\u0131s\u0131ndan bizim i\u00e7in bir bahis var. \u015eam\u2019daki dostlar\u0131m\u0131zdan PKK\/YPG&#8217;den kurtulmam\u0131za yard\u0131mc\u0131 olmalar\u0131n\u0131 bekliyoruz. Zira PKK\/YPG, DAE\u015e \u00fczere Suriye ve t\u00fcm b\u00f6lge i\u00e7in b\u00fcy\u00fck bir tehdit. T\u00fcrkiye&#8217;den, Irak&#8217;tan, \u0130ran&#8217;dan gelen memleketler aras\u0131 ter\u00f6rist sava\u015f\u00e7\u0131lar \u015fu anda Suriye&#8217;nin kuzeyinde toplanm\u0131\u015f ve besleniyorlar ve I\u015e\u0130D&#8217;e kar\u015f\u0131 sava\u015fma mazeretiyle kendilerini gizliyorlar. I\u015e\u0130D&#8217;e kar\u015f\u0131 bir \u00e7aba yok. Bir hapishane hizmeti var. Zira I\u015e\u0130D mahkumlar\u0131n\u0131 hapishaneye koymak i\u00e7in \u00f6b\u00fcr bir yer var. Buras\u0131 hapishane i\u00e7in bir yer olarak se\u00e7ildi. Lakin bu insanlar\u0131n \u00fclkenin \u00fc\u00e7te birini i\u015fgal etmesine, petrol ve do\u011fal\u00a0gaz alanlar\u0131n\u0131n \u00fczerine oturup \u00fclkeyi soymas\u0131na, merkezi h\u00fck\u00fcmetin ve \u00f6teki milyonlarca Suriyeli\u2019nin petrol ve do\u011fal\u00a0gazdan faydalanmamas\u0131na m\u00fcsaade veremezsiniz. Buna bir son verilmeli. Bu yaln\u0131zca bizim i\u00e7in ulusal g\u00fcvenlik tehdidi de\u011fil, t\u0131pk\u0131 vakitte b\u00f6lgemiz i\u00e7in de b\u00fcy\u00fck bir sorun.\u00a0<\/p>\n<p>Trump idaresi ile g\u00f6r\u00fc\u015fmeye ba\u015flad\u0131k. Asl\u0131nda evvelki idareyle de vazife m\u00fcddetlerinin sonuna hakikat g\u00f6r\u00fc\u015fmelerimiz olmu\u015ftu. Fakat art\u0131k Trump idaresi yeni yeni oturuyor ve ben birinci de\u011ferli g\u00f6r\u00fc\u015fmemi d\u00fcn Bakan Rubio ile yapt\u0131m. \u00a0<\/p>\n<p><img decoding=\"async\" src=\"https:\/\/ikimisli.tr\/wp-content\/uploads\/2025\/05\/disisleri-bakani-fidan-samdaki-dostlarimizdan-pkkypgden-kurtulmamiza-yardimci-olmalarini-bekliyoruz-1-hrCe1xPA.jpg\"\/><\/p>\n<p><strong>\u201c\u0130\u015f birli\u011fi, h\u00fcrmet ve dayan\u0131\u015fma k\u00fclt\u00fcr\u00fcn\u00fc yerle\u015ftirmeliyiz\u201d<\/strong>\u00a0<\/p>\n<p>Suriye muhalefetini en ba\u015f\u0131ndan beri 14 y\u0131l boyunca desteklemi\u015f olmam\u0131z, onlar\u0131n egemenli\u011fi \u00fczerinde kelam sahibi olaca\u011f\u0131m\u0131z manas\u0131na gelmiyor. Bu bizim ka\u00e7\u0131nmakta oldu\u011fumuz bir \u015fey. Asl\u0131na bakarsan\u0131z az evvel i\u015faret etti\u011finiz \u015fey b\u00f6lgemizdeki b\u00fcy\u00fck bir sorun, yani tahakk\u00fcm k\u00fclt\u00fcr\u00fc. Zira b\u00f6lgemizde uzun vakittir bu kayg\u0131 ve kayg\u0131 var: B\u00f6lgeye kim hakim olacak? T\u00fcrkler mi, \u0130ranl\u0131lar m\u0131, yoksa Araplar m\u0131? Bunu geride b\u0131rakmam\u0131z gerekti\u011fini d\u00fc\u015f\u00fcn\u00fcyorum. \u0130\u015f birli\u011fi, h\u00fcrmet ve dayan\u0131\u015fma k\u00fclt\u00fcr\u00fcn\u00fc yerle\u015ftirmeliyiz.\u201d\u00a0<\/p>\n","protected":false},"excerpt":{"rendered":"<p>D\u0131\u015fi\u015fleri Bakan\u0131 Hakan Fidan, M\u00fcnih G\u00fcvenlik Konferans\u0131 kapsam\u0131nda d\u00fczenlenen \u201c\u015eam \u0130\u00e7in Yeni Bir \u015eafak: Suriye\u2019nin Ge\u00e7i\u015f S\u00fcrecine Dair Olas\u0131l\u0131klar\u201d panelinde; \u201c\u015eam\u2019daki dostlar\u0131m\u0131zdan PKK\/YPG&#8217;den kurtulmam\u0131za yard\u0131mc\u0131 olmalar\u0131n\u0131 bekliyoruz.&#8221; dedi<\/p>\n","protected":false},"author":1,"featured_media":37448,"comment_status":"open","ping_status":"open","sticky":false,"template":"","format":"standard","meta":{"footnotes":""},"categories":[25],"tags":[1655,524,919,1860],"class_list":["post-37447","post","type-post","status-publish","format-standard","has-post-thumbnail","hentry","category-gundem","tag-bolge","tag-is","tag-silahli","tag-suriyenin"],"_links":{"self":[{"href":"https:\/\/ikimisli.tr\/index.php\/wp-json\/wp\/v2\/posts\/37447","targetHints":{"allow":["GET"]}}],"collection":[{"href":"https:\/\/ikimisli.tr\/index.php\/wp-json\/wp\/v2\/posts"}],"about":[{"href":"https:\/\/ikimisli.tr\/index.php\/wp-json\/wp\/v2\/types\/post"}],"author":[{"embeddable":true,"href":"https:\/\/ikimisli.tr\/index.php\/wp-json\/wp\/v2\/users\/1"}],"replies":[{"embeddable":true,"href":"https:\/\/ikimisli.tr\/index.php\/wp-json\/wp\/v2\/comments?post=37447"}],"version-history":[{"count":1,"href":"https:\/\/ikimisli.tr\/index.php\/wp-json\/wp\/v2\/posts\/37447\/revisions"}],"predecessor-version":[{"id":37451,"href":"https:\/\/ikimisli.tr\/index.php\/wp-json\/wp\/v2\/posts\/37447\/revisions\/37451"}],"wp:featuredmedia":[{"embeddable":true,"href":"https:\/\/ikimisli.tr\/index.php\/wp-json\/wp\/v2\/media\/37448"}],"wp:attachment":[{"href":"https:\/\/ikimisli.tr\/index.php\/wp-json\/wp\/v2\/media?parent=37447"}],"wp:term":[{"taxonomy":"category","embeddable":true,"href":"https:\/\/ikimisli.tr\/index.php\/wp-json\/wp\/v2\/categories?post=37447"},{"taxonomy":"post_tag","embeddable":true,"href":"https:\/\/ikimisli.tr\/index.php\/wp-json\/wp\/v2\/tags?post=37447"}],"curies":[{"name":"wp","href":"https:\/\/api.w.org\/{rel}","templated":true}]}}