{"id":3752,"date":"2025-01-14T01:24:32","date_gmt":"2025-01-14T01:24:32","guid":{"rendered":"https:\/\/ikimisli.tr\/?p=3752"},"modified":"2025-01-14T01:24:32","modified_gmt":"2025-01-14T01:24:32","slug":"chpli-barut-geldikleri-gibi-gidecekler","status":"publish","type":"post","link":"https:\/\/ikimisli.tr\/index.php\/2025\/01\/14\/chpli-barut-geldikleri-gibi-gidecekler\/","title":{"rendered":"CHP&#8217;li Barut: &#8216;Geldikleri gibi gidecekler&#8217;"},"content":{"rendered":"<p>TBMM Genel Konseyi&#8217;nde 5 Ocak Adana&#8217;n\u0131n D\u00fc\u015fman \u0130\u015fgalinden Kurtulu\u015funun 103&#8217;\u00fcnc\u00fc Y\u0131l\u0131 m\u00fcnasebetiyle g\u00fcndem d\u0131\u015f\u0131 kelam alan CHP Adana Milletvekili Ayhan Barut, &#8220;Yokluk, mahrumluk i\u00e7indeki yurdumuzun ve halk\u0131m\u0131z\u0131n her \u015feye kar\u015f\u0131n tam ba\u011f\u0131ms\u0131zl\u0131k u\u011fruna b\u00fcy\u00fck bir inan\u00e7, y\u0131k\u0131lmaz bir azim ve destans\u0131 bir kararl\u0131l\u0131kla tarihe yazd\u0131\u011f\u0131 \u00f6v\u00fcnc\u00fcn ismidir 5 Ocak 1922. Bu tarih i\u015fgalci g\u00fc\u00e7lere kar\u015f\u0131 verilen g\u00f6rkemli gayretin e\u015fsiz bir zaferle sonu\u00e7land\u0131\u011f\u0131 gurur ve onur g\u00fcn\u00fcd\u00fcr. 5 Ocak 1922&#8217;de yaz\u0131lan bu \u00f6l\u00fcms\u00fcz destan, t\u0131pk\u0131 vakitte Ulu Lider Atat\u00fcrk&#8217;\u00fcn yolunda ilerleyen, onun prensiplerine s\u0131k\u0131ca sar\u0131larak ayd\u0131nl\u0131k bir gelecek ve tam ba\u011f\u0131ms\u0131z T\u00fcrkiye ideali u\u011fruna emek veren bizler i\u00e7in yolumuzu ayd\u0131nlatan bir fenerdir&#8221; diye konu\u015ftu.<\/p>\n<p><b>&#8220;BU ATE\u015e S\u00d6NMEYECEK&#8221;<\/b><\/p>\n<p>Kurtulu\u015f g\u00fcn\u00fcn\u00fc kutlay\u0131p Ulu Lider Atat\u00fcrk ve kahraman silah arkada\u015flar\u0131n\u0131 minnetle anan Barut, &#8220;Ulu Ba\u015fkan\u0131m\u0131z Atat\u00fcrk&#8217;e kurtulu\u015f u\u011fra\u015f\u0131nda ilham veren Adanal\u0131lar olarak onur ve gurur doluyuz. Ho\u015f Adana&#8217;m\u0131z\u0131n d\u00fc\u015fman i\u015fgalinden kurtulu\u015funun 103&#8217;\u00fcnc\u00fc y\u0131l\u0131 kutlu olsun. Ba\u011f\u0131ms\u0131zl\u0131k u\u011fra\u015f\u0131m\u0131z\u0131n lideri, \u00fclkemizin kurtar\u0131c\u0131s\u0131, Ulu Ba\u015fkan Gazi Mustafa Kemal Atat\u00fcrk ve kahraman silah arkada\u015flar\u0131n\u0131, aziz \u015fehitlerimizi, yi\u011fitlerimizi, kahraman hem\u015fehrilerimizi rahmet ve hasretle an\u0131yoruz. Bundan tam 103 y\u0131l evvel Adana&#8217;da ebediyete kadar s\u00fcrecek ba\u011f\u0131ms\u0131zl\u0131k ate\u015fi yak\u0131ld\u0131, hi\u00e7bir kuvvet de bu ate\u015fi asla s\u00f6nd\u00fcremeyecektir. &#8216;Bende bu vekayiin birinci hissi te\u015febb\u00fcs\u00fc bu ho\u015f Adana&#8217;da, bu ho\u015f memlekette beden bulmu\u015ftur&#8217; kelam\u0131yla Ba\u015fkomutan\u0131m\u0131z Gazi Mustafa Kemal Atat\u00fcrk&#8217;\u00fcn kurtulu\u015f \u00e7abas\u0131na ilham veren Adana&#8217;m\u0131z ayd\u0131nl\u0131k yar\u0131nlar\u0131na kesinlikle kavu\u015facak&#8221; bi\u00e7iminde konu\u015ftu.<\/p>\n<p><b>&#8220;ADANA&#8217;YI GER\u0130LETT\u0130LER&#8221;<\/b><\/p>\n<p>Adana&#8217;n\u0131n tar\u0131mdan end\u00fcstriye her alanda \u00f6nc\u00fc rol\u00fcne i\u015faret eden Ayhan Barut, konu\u015fmas\u0131n\u0131 \u015f\u00f6yle s\u00fcrd\u00fcrd\u00fc:<br \/>&#8220;\u00dclkemizin kurulu\u015funa ilham veren Adana&#8217;m\u0131z\u0131n kurulu\u015funun akabinde T\u00fcrkiye Cumhuriyeti&#8217;nin de kurulu\u015funa, geli\u015fip kalk\u0131nmas\u0131na, muas\u0131r medeniyetler amac\u0131na kavu\u015fmas\u0131nda \u00e7ok k\u0131ymetli katk\u0131lar\u0131 olmu\u015ftur. \u00dclkemizin end\u00fcstrile\u015fmesine \u00f6nc\u00fcl\u00fck etmi\u015f, bereketli topraklar\u0131yla bedel \u00fcretip gen\u00e7 cumhuriyetimizin s\u00fcratlice koca \u00e7\u0131narlar \u00fczere k\u00f6k sal\u0131p geli\u015fmesine b\u00fcy\u00fck katk\u0131lar yapm\u0131\u015ft\u0131r. Varl\u0131\u011f\u0131n, sanat\u0131n, edebiyat\u0131n, tar\u0131m\u0131n, sporun ve end\u00fcstrinin ba\u015f\u015fehri olan Adana&#8217;m\u0131z \u00fclkemizin d\u00f6rt b\u00fcy\u00fck kentinden biri olarak geli\u015fim ve kalk\u0131nman\u0131n lokomotifi olmu\u015ftur. Ne yaz\u0131k ki AKP iktidar\u0131 ve \u00f6ncesinde i\u015fba\u015f\u0131na gelenlerin b\u00fcy\u00fck yanl\u0131\u015flar\u0131yla bir vakitler sinemalara, dizilere, romanlara husus olan Adana&#8217;m\u0131z g\u00f6rkemli ge\u00e7mi\u015fini arar h\u00e2le gelmi\u015ftir. Zenginlik, bolluk, rahmet ve varl\u0131\u011f\u0131n simgesi olan Adana&#8217;m\u0131z i\u015fsizlik ve yoksullukla, sefaletle an\u0131l\u0131r duruma d\u00fc\u015f\u00fcr\u00fclm\u00fc\u015ft\u00fcr; sokaklar\u0131ndaki olaylar\u0131yla g\u00fcndeme gelmi\u015f, i\u015fsizlikte de T\u00fcrkiye&#8217;de rekor d\u00fczeyde 1&#8217;inci s\u0131ralara oturmu\u015ftur. Kamu yat\u0131r\u0131mlar\u0131ndan gerekli hissesi alamayan, bilhassa AKP iktidar\u0131 periyodunda TEKEL&#8217;den \u00c7UKOB\u0130RL\u0130K&#8217;e, AKSANTA\u015e&#8217;tan S\u00fcmerbanka kadar 60&#8217;tan fazla fabrikas\u0131 yok edilen Adana&#8217;n\u0131n can damarlar\u0131 kopar\u0131lm\u0131\u015ft\u0131r. TRT&#8217;den Karayollar\u0131na kamu kurumlar\u0131n\u0131n merkezleri Adana d\u0131\u015f\u0131na \u00e7\u0131kar\u0131lm\u0131\u015f, yeni yat\u0131r\u0131mlardan uzak kalan Adana ya\u015fanabilir kentler listesinde ise \u00e7ok gerilere d\u00fc\u015fm\u00fc\u015ft\u00fcr.&#8221;<\/p>\n<p><b>&#8220;NED\u0130R ADANA&#8217;YA GAREZ\u0130N\u0130Z?&#8221;<\/b><\/p>\n<p>AKP iktidar\u0131n\u0131n Adana&#8217;ya \u015fa\u015f\u0131 bakt\u0131\u011f\u0131n\u0131 lisana getiren Barut, \u015funlar\u0131 kaydetti:<\/p>\n<p>&#8220;Adana&#8217;ya \u00fcvey evlat muamelesi \u00fczere bakan iktidar nedeniyle, 3 milyon n\u00fcfuslu Adana&#8217;n\u0131n 1937 y\u0131l\u0131ndan bu yana a\u00e7\u0131k olan havaliman\u0131 u\u00e7u\u015flara kapat\u0131lm\u0131\u015ft\u0131r. N\u00fcfusu 300 bini ge\u00e7meyen kentlere havaliman\u0131 yap\u0131l\u0131rken y\u0131lda 5 milyon yolcunun kulland\u0131\u011f\u0131 havaliman\u0131m\u0131z bile yok edilmi\u015ftir. \u00c7ift\u00e7ilerimiz, kan eksen can bitecek bereketli topraklar\u0131m\u0131zda zahmet \u00e7ekiyor. Maliyet y\u00fck\u00fc katlan\u0131p artarken emektar \u00e7ift\u00e7ilerimizin binbir zahmetle \u00fcretti\u011fi eserler para etmiyor. Y\u0131lda 3 eser al\u0131nan bu topraklara AKP iktidar\u0131 maalesef \u00e7ift\u00e7imizi g\u00f6md\u00fc, \u00fcreticilerimizin ocaklar\u0131n\u0131 s\u00f6nd\u00fcrd\u00fc. Ulu Liderimiz Mustafa Kemal Atat\u00fcrk&#8217;\u00fcn s\u00f6z\u00fcyle her biri kale olan fabrikalar\u0131m\u0131z kapat\u0131l\u0131p \u00fclkemizin end\u00fcstrile\u015fmesine \u00f6nc\u00fcl\u00fck eden Adana&#8217;n\u0131n \u00fcretim ve istihdam\u0131 bitirildi; i\u015fsizlik rekoru k\u0131r\u0131l\u0131yor. Say say meseleler bitmez. Feryad\u0131m\u0131z\u0131 duyan yok. Nedir sizin bu Adana&#8217;yla ilgili al\u0131p veremedi\u011finiz, nedir Adana&#8217;ya gareziniz? Ho\u015f Adana&#8217;m\u0131za ni\u00e7in bu t\u00fcrl\u00fc d\u00fc\u015fman \u00fczere \u015fa\u015f\u0131 bak\u0131yorsunuz? Heybetli Toroslar\u0131n, bereketli \u00c7ukurova&#8217;n\u0131n esmer ciltli y\u00fczleri, elleri nas\u0131rl\u0131 yi\u011fitleri sizden bunun hesab\u0131n\u0131 sand\u0131kta soracak. Kurt k\u0131\u015f\u0131 ge\u00e7irir ancak yedi\u011fi ayaz\u0131 unutmazm\u0131\u015f. Ulusal Kurtulu\u015f M\u00fccadele&#8217;mizin b\u00fcy\u00fck lideri Ata&#8217;m\u0131z i\u015fgalci d\u00fc\u015fmanlar\u0131 \u0130stanbul&#8217;da, \u0130stanbul Bo\u011faz\u0131&#8217;nda g\u00f6r\u00fcnce ne demi\u015fti? &#8216;Geldikleri \u00fczere masraflar.&#8217; Hi\u00e7 merak etmeyin, hakk\u0131n\u0131 yedi\u011finiz ve g\u00fcn y\u00fcz\u00fc g\u00f6stermedi\u011finiz Adana&#8217;m\u0131z\u0131n yi\u011fit insanlar\u0131 da sizi geldi\u011finiz \u00fczere g\u00f6nderecek. Bir yerde sorun varsa, var bir devas\u0131, o da Cumhuriyet Halk Partisi.&#8221;<\/p>\n","protected":false},"excerpt":{"rendered":"<p>CHP Adana Milletvekili Ayhan Barut, Adana&#8217;n\u0131n d\u00fc\u015fman i\u015fgalinden kurtulu\u015funun 103&#8217;\u00fcnc\u00fc y\u0131ld\u00f6n\u00fcm\u00fcnde Meclis&#8217;te Adana&#8217;ya \u00fcvey evlat muamelesi yapan AKP iktidar\u0131n\u0131 tenkit ya\u011fmuruna tuttu, kentin meselelerine tahlil \u00fcretilmesini istedi. Ulusal kurtulu\u015f \u00e7abas\u0131n\u0131n kahramanlar\u0131n\u0131 anan Barut, Ulu Lider Atat\u00fcrk&#8217;\u00fcn kelam\u0131n\u0131 an\u0131msatarak, &#8220;Memlekete k\u00f6t\u00fcl\u00fck yapanlar da geldikleri \u00fczere gidecekler&#8221; dedi.<\/p>\n","protected":false},"author":1,"featured_media":3753,"comment_status":"open","ping_status":"open","sticky":false,"template":"","format":"standard","meta":{"footnotes":""},"categories":[25],"tags":[236,197,89,1013,237],"class_list":["post-3752","post","type-post","status-publish","format-standard","has-post-thumbnail","hentry","category-gundem","tag-adana","tag-ataturk","tag-gun","tag-iktidar","tag-kurtulus"],"_links":{"self":[{"href":"https:\/\/ikimisli.tr\/index.php\/wp-json\/wp\/v2\/posts\/3752","targetHints":{"allow":["GET"]}}],"collection":[{"href":"https:\/\/ikimisli.tr\/index.php\/wp-json\/wp\/v2\/posts"}],"about":[{"href":"https:\/\/ikimisli.tr\/index.php\/wp-json\/wp\/v2\/types\/post"}],"author":[{"embeddable":true,"href":"https:\/\/ikimisli.tr\/index.php\/wp-json\/wp\/v2\/users\/1"}],"replies":[{"embeddable":true,"href":"https:\/\/ikimisli.tr\/index.php\/wp-json\/wp\/v2\/comments?post=3752"}],"version-history":[{"count":1,"href":"https:\/\/ikimisli.tr\/index.php\/wp-json\/wp\/v2\/posts\/3752\/revisions"}],"predecessor-version":[{"id":3754,"href":"https:\/\/ikimisli.tr\/index.php\/wp-json\/wp\/v2\/posts\/3752\/revisions\/3754"}],"wp:featuredmedia":[{"embeddable":true,"href":"https:\/\/ikimisli.tr\/index.php\/wp-json\/wp\/v2\/media\/3753"}],"wp:attachment":[{"href":"https:\/\/ikimisli.tr\/index.php\/wp-json\/wp\/v2\/media?parent=3752"}],"wp:term":[{"taxonomy":"category","embeddable":true,"href":"https:\/\/ikimisli.tr\/index.php\/wp-json\/wp\/v2\/categories?post=3752"},{"taxonomy":"post_tag","embeddable":true,"href":"https:\/\/ikimisli.tr\/index.php\/wp-json\/wp\/v2\/tags?post=3752"}],"curies":[{"name":"wp","href":"https:\/\/api.w.org\/{rel}","templated":true}]}}