{"id":37520,"date":"2025-05-12T09:48:25","date_gmt":"2025-05-12T09:48:25","guid":{"rendered":"https:\/\/ikimisli.tr\/?p=37520"},"modified":"2025-05-12T09:48:25","modified_gmt":"2025-05-12T09:48:25","slug":"yeni-harita-yayinlandi-turkiye-72-saat-kar-altinda-kalacak-81-il-hizla-soguyacak","status":"publish","type":"post","link":"https:\/\/ikimisli.tr\/index.php\/2025\/05\/12\/yeni-harita-yayinlandi-turkiye-72-saat-kar-altinda-kalacak-81-il-hizla-soguyacak\/","title":{"rendered":"Yeni harita yay\u0131nland\u0131! T\u00fcrkiye 72 saat kar alt\u0131nda kalacak, 81 il h\u0131zla so\u011fuyacak"},"content":{"rendered":"<p>Meteoroloji&#8217;nin yeni iddialar\u0131na nazaran gelecek hafta tekrar kar ve so\u011fuk havan\u0131n tesiri alt\u0131nda ge\u00e7ecek. T\u00fcrkiye&#8217;nin tamam\u0131n\u0131 etkilemesi beklenen so\u011fuk ve ya\u011f\u0131\u015fl\u0131 hava dalgas\u0131n\u0131n pazartesi g\u00fcn\u00fcnden itibaren ad\u0131m ad\u0131m 81 ili sarmas\u0131 bekleniyor.<\/p>\n<p><img decoding=\"async\" src=\"https:\/\/ikimisli.tr\/wp-content\/uploads\/2025\/05\/yeni-harita-yayinlandi-turkiye-72-saat-kar-altinda-kalacak-81-il-hizla-soguyacak-0-8vMPZcJc.png\"\/><\/p>\n<p>Son datalara nazaran bug\u00fcn ve yar\u0131n yurdun bat\u0131 kesitlerinde ya\u011fmurlu bir hava bekleniyor. Sal\u0131 g\u00fcn\u00fcnden itibaren s\u0131cakl\u0131klar\u0131n d\u00fc\u015f\u00fc\u015fe ge\u00e7mesiyle birlikte kara d\u00f6nmesi beklenen ya\u011f\u0131\u015flar\u0131n \u00fclkenin k\u0131ymetli k\u0131sm\u0131nda tesirini art\u0131raca\u011f\u0131 kestirim ediliyor.\u00a0<\/p>\n<p><img decoding=\"async\" src=\"https:\/\/ikimisli.tr\/wp-content\/uploads\/2025\/05\/yeni-harita-yayinlandi-turkiye-72-saat-kar-altinda-kalacak-81-il-hizla-soguyacak-1-yjaW7Z7L.png\"\/><\/p>\n<p><b>\u0130STANBUL VE ANKARA BEYAZA B\u00dcR\u00dcNECEK<\/b><\/p>\n<p>Meteoroloji&#8217;nin yay\u0131nlad\u0131\u011f\u0131 son kestirim haritalar\u0131na nazaran sal\u0131 ve \u00e7ar\u015famba g\u00fcn\u00fc \u0130stanbul&#8217;da karla kar\u0131\u015f\u0131k ya\u011fmur olarak g\u00f6r\u00fclmesi beklenen ya\u011f\u0131\u015flar \u00e7ar\u015famba gecesinden itibaren kar ya\u011f\u0131\u015f\u0131na d\u00f6necek. Ankara&#8217;da ise sal\u0131 g\u00fcn\u00fcnden per\u015fembe g\u00fcn\u00fcne kadar kar bekleniyor.<\/p>\n<p><img decoding=\"async\" src=\"https:\/\/ikimisli.tr\/wp-content\/uploads\/2025\/05\/yeni-harita-yayinlandi-turkiye-72-saat-kar-altinda-kalacak-81-il-hizla-soguyacak-2-eUhQxNC7.png\"\/><\/p>\n<p><b>HAVA SICAKLIKLARI 7 DERECE B\u0130RDEN D\u00dc\u015eECEK<\/b><\/p>\n<p>Yeni so\u011fuk hava dalgas\u0131yla birlikte hava s\u0131cakl\u0131klar\u0131nda da s\u00fcratli bir d\u00fc\u015f\u00fc\u015f ya\u015fanacak, yurdun bir\u00e7ok kentinde s\u0131cakl\u0131k bedelleri azalacak. \u0130ddialara nazaran \u0130stanbul&#8217;da 3 g\u00fcnde 7 derecelik s\u0131cakl\u0131k d\u00fc\u015f\u00fc\u015f\u00fc g\u00f6r\u00fclecek. Yurt genelinde ortalama 5 ila 10 derecelik s\u0131cakl\u0131k d\u00fc\u015f\u00fc\u015f\u00fc hissedilecek.<\/p>\n<p><img decoding=\"async\" src=\"https:\/\/ikimisli.tr\/wp-content\/uploads\/2025\/05\/yeni-harita-yayinlandi-turkiye-72-saat-kar-altinda-kalacak-81-il-hizla-soguyacak-3-wPupWJmE.png\"\/><\/p>\n<p><b>HAFTA SONUNA KADAR S\u00dcRECEK<\/b><\/p>\n<p>Tahminlere nazaran kar ya\u011f\u0131\u015f\u0131 per\u015fembe g\u00fcn\u00fc yurdun bat\u0131s\u0131nda ad\u0131m ad\u0131m tesirini yitirecek olsa da yurdun do\u011fusunda hafta sonu da devam edecek.<\/p>\n","protected":false},"excerpt":{"rendered":"<p>Meteoroloji Genel M\u00fcd\u00fcrl\u00fc\u011f\u00fc taraf\u0131ndan yap\u0131lan varsay\u0131mlara nazaran so\u011fuk ve ya\u011f\u0131\u015fl\u0131 hava yeni haftada tesirini tekrar g\u00f6sterecek. Yurdun bat\u0131s\u0131ndan do\u011fusuna bir\u00e7ok kent kar ya\u011f\u0131\u015f\u0131na teslim olacak. Ya\u011f\u0131\u015flar 72 saat boyunca T\u00fcrkiye&#8217;nin b\u00fcy\u00fck k\u0131sm\u0131nda devam edecek.<\/p>\n","protected":false},"author":1,"featured_media":37521,"comment_status":"open","ping_status":"open","sticky":false,"template":"","format":"standard","meta":{"footnotes":""},"categories":[25],"tags":[161,379,669,1469],"class_list":["post-37520","post","type-post","status-publish","format-standard","has-post-thumbnail","hentry","category-gundem","tag-hava","tag-kar","tag-sicaklik","tag-tahmin"],"_links":{"self":[{"href":"https:\/\/ikimisli.tr\/index.php\/wp-json\/wp\/v2\/posts\/37520","targetHints":{"allow":["GET"]}}],"collection":[{"href":"https:\/\/ikimisli.tr\/index.php\/wp-json\/wp\/v2\/posts"}],"about":[{"href":"https:\/\/ikimisli.tr\/index.php\/wp-json\/wp\/v2\/types\/post"}],"author":[{"embeddable":true,"href":"https:\/\/ikimisli.tr\/index.php\/wp-json\/wp\/v2\/users\/1"}],"replies":[{"embeddable":true,"href":"https:\/\/ikimisli.tr\/index.php\/wp-json\/wp\/v2\/comments?post=37520"}],"version-history":[{"count":1,"href":"https:\/\/ikimisli.tr\/index.php\/wp-json\/wp\/v2\/posts\/37520\/revisions"}],"predecessor-version":[{"id":37526,"href":"https:\/\/ikimisli.tr\/index.php\/wp-json\/wp\/v2\/posts\/37520\/revisions\/37526"}],"wp:featuredmedia":[{"embeddable":true,"href":"https:\/\/ikimisli.tr\/index.php\/wp-json\/wp\/v2\/media\/37521"}],"wp:attachment":[{"href":"https:\/\/ikimisli.tr\/index.php\/wp-json\/wp\/v2\/media?parent=37520"}],"wp:term":[{"taxonomy":"category","embeddable":true,"href":"https:\/\/ikimisli.tr\/index.php\/wp-json\/wp\/v2\/categories?post=37520"},{"taxonomy":"post_tag","embeddable":true,"href":"https:\/\/ikimisli.tr\/index.php\/wp-json\/wp\/v2\/tags?post=37520"}],"curies":[{"name":"wp","href":"https:\/\/api.w.org\/{rel}","templated":true}]}}