{"id":37577,"date":"2025-05-12T12:48:19","date_gmt":"2025-05-12T12:48:19","guid":{"rendered":"https:\/\/ikimisli.tr\/?p=37577"},"modified":"2025-05-12T12:48:19","modified_gmt":"2025-05-12T12:48:19","slug":"gokyuzu-ferrarisine-bindi-italyadaki-sirketine-gitti","status":"publish","type":"post","link":"https:\/\/ikimisli.tr\/index.php\/2025\/05\/12\/gokyuzu-ferrarisine-bindi-italyadaki-sirketine-gitti\/","title":{"rendered":"\u2018G\u00f6ky\u00fcz\u00fc Ferrarisi\u2019ne bindi \u0130talya\u2019daki \u015firketine gitti!"},"content":{"rendered":"<p>Bayraktar, \u0130talya&#8217;daki u\u00e7u\u015fta Piaggio P180&#8217;nin ikinci pilot koltu\u011funda yer ald\u0131. Cenova Havaliman\u0131&#8217;ndan kalkan u\u00e7akla Piaggio&#8217;nun fabrikas\u0131na ge\u00e7en Bayraktar, Piaggio&#8217;nun bir pilotunun da yer ald\u0131\u011f\u0131 u\u00e7u\u015fta u\u00e7a\u011f\u0131 kumanda etti.<\/p>\n<p>U\u00e7u\u015fa ait g\u00f6r\u00fcnt\u00fcy\u00fc X hesab\u0131ndan payla\u015fan Bayraktar, &#8220;Cenova&#8217;daki Piaggio Aerospace&#8217;in pistine Piaggio P180 u\u00e7a\u011f\u0131yla birinci ini\u015fimiz.&#8221; tabirini kulland\u0131.<\/p>\n<p>Piaggio Aerospace&#8217;in sat\u0131\u015f\u0131 i\u00e7in d\u00fczenlenen ihalede en yeterli teklifi veren, d\u00fcnyan\u0131n en b\u00fcy\u00fck silahl\u0131 insans\u0131z hava arac\u0131 \u015firketi Baykar olmu\u015ftu. Baykar, \u00e7eki\u015fmeli bir s\u00fcrece sahne olan ihaleyi farkl\u0131 \u00fclkelerden teklif veren rakiplerini geride b\u0131rakarak kazanm\u0131\u015ft\u0131.<\/p>\n<p>Ge\u00e7en ay Baykar ve Piaggio Aerospace ortas\u0131nda \u0130talyan havac\u0131l\u0131k devinin i\u015f komplekslerinin Baykar&#8217;a d\u00f6nemi i\u00e7in \u00f6n kontrat imzalanm\u0131\u015ft\u0131. S\u00fcre\u00e7 kapsam\u0131nda Sel\u00e7uk Bayraktar ve Baykar Genel M\u00fcd\u00fcr\u00fc Haluk Bayraktar&#8217;\u0131n kat\u0131l\u0131m\u0131yla Cenova&#8217;da bulunan Piaggio Aerospace tesislerinde bir toplant\u0131 ger\u00e7ekle\u015ftirildi.<\/p>\n<p>Baykar Genel M\u00fcd\u00fcr\u00fc Haluk Bayraktar, konuya ait X&#8217;teki payla\u015f\u0131m\u0131nda, &#8220;Cenova&#8217;da bulunan Piaggio Aerospace tesislerinde, \u0130\u015fletmeler ve Made in Italy Bakan\u0131 Say\u0131n Adolfo Urso ve Eyalet Lideri Say\u0131n Marco Bucci e\u015fli\u011finde ulusal ve b\u00f6lgesel sendikalarla bir ortaya geldik. Toplu i\u015f kontrat\u0131n\u0131 muvaffakiyetle imzalayarak i\u015fbirli\u011fimizi g\u00fc\u00e7lendirdik. Havac\u0131l\u0131k ve savunma end\u00fcstrisinde ortak vizyonumuzla teknoloji ve \u00fcretimde yenilik\u00e7i ad\u0131mlar atmaya devam edece\u011fiz.&#8221; s\u00f6z\u00fcn\u00fc kulland\u0131.<\/p>\n","protected":false},"excerpt":{"rendered":"<p>Cumhurba\u015fkan\u0131 ve AKP Genel Ba\u015fkan\u0131 Recep Tayyip Erdo\u011fan&#8217;\u0131n damad\u0131 Sel\u00e7uk Bayraktar, \u2018G\u00f6ky\u00fcz\u00fc Ferrarisi\u2019 denilen Piaggio u\u00e7a\u011f\u0131n\u0131 \u00fcreten \u015firketi ziyaretini toplumsal medyadan payla\u015ft\u0131.<\/p>\n","protected":false},"author":1,"featured_media":37578,"comment_status":"open","ping_status":"open","sticky":false,"template":"","format":"standard","meta":{"footnotes":""},"categories":[25],"tags":[3731,4287,5916],"class_list":["post-37577","post","type-post","status-publish","format-standard","has-post-thumbnail","hentry","category-gundem","tag-baykar","tag-bayraktar","tag-piaggio-aerospace"],"_links":{"self":[{"href":"https:\/\/ikimisli.tr\/index.php\/wp-json\/wp\/v2\/posts\/37577","targetHints":{"allow":["GET"]}}],"collection":[{"href":"https:\/\/ikimisli.tr\/index.php\/wp-json\/wp\/v2\/posts"}],"about":[{"href":"https:\/\/ikimisli.tr\/index.php\/wp-json\/wp\/v2\/types\/post"}],"author":[{"embeddable":true,"href":"https:\/\/ikimisli.tr\/index.php\/wp-json\/wp\/v2\/users\/1"}],"replies":[{"embeddable":true,"href":"https:\/\/ikimisli.tr\/index.php\/wp-json\/wp\/v2\/comments?post=37577"}],"version-history":[{"count":1,"href":"https:\/\/ikimisli.tr\/index.php\/wp-json\/wp\/v2\/posts\/37577\/revisions"}],"predecessor-version":[{"id":37579,"href":"https:\/\/ikimisli.tr\/index.php\/wp-json\/wp\/v2\/posts\/37577\/revisions\/37579"}],"wp:featuredmedia":[{"embeddable":true,"href":"https:\/\/ikimisli.tr\/index.php\/wp-json\/wp\/v2\/media\/37578"}],"wp:attachment":[{"href":"https:\/\/ikimisli.tr\/index.php\/wp-json\/wp\/v2\/media?parent=37577"}],"wp:term":[{"taxonomy":"category","embeddable":true,"href":"https:\/\/ikimisli.tr\/index.php\/wp-json\/wp\/v2\/categories?post=37577"},{"taxonomy":"post_tag","embeddable":true,"href":"https:\/\/ikimisli.tr\/index.php\/wp-json\/wp\/v2\/tags?post=37577"}],"curies":[{"name":"wp","href":"https:\/\/api.w.org\/{rel}","templated":true}]}}