{"id":37607,"date":"2025-05-12T14:36:14","date_gmt":"2025-05-12T14:36:14","guid":{"rendered":"https:\/\/ikimisli.tr\/?p=37607"},"modified":"2025-05-12T14:36:14","modified_gmt":"2025-05-12T14:36:14","slug":"artik-parali-olacak-en-populer-sosyal-medya-platformlarindan-biri-resmen-duyurdu","status":"publish","type":"post","link":"https:\/\/ikimisli.tr\/index.php\/2025\/05\/12\/artik-parali-olacak-en-populer-sosyal-medya-platformlarindan-biri-resmen-duyurdu\/","title":{"rendered":"Art\u0131k paral\u0131 olacak! En pop\u00fcler sosyal medya platformlar\u0131ndan biri resmen duyurdu"},"content":{"rendered":"<p>Reddit CEO\u2019su Steve Huffman\u2019\u0131n yapt\u0131\u011f\u0131 a\u00e7\u0131klamaya nazaran, kimi subreddit\u2019lere eri\u015fim art\u0131k fiyatl\u0131 olacak! Bu karar, Reddit kullan\u0131c\u0131lar\u0131 ortas\u0131nda b\u00fcy\u00fck reaksiyona yol a\u00e7t\u0131.<\/p>\n<p><b>\u00dcCRETL\u0130 \u0130\u00c7ER\u0130K PER\u0130YODU BA\u015eLIYOR<\/b><\/p>\n<p>Reddit bug\u00fcne kadar b\u00fcsb\u00fct\u00fcn fiyats\u0131z bir platform olarak biliniyordu. Fakat Huffman\u2019\u0131n a\u00e7\u0131klamalar\u0131na nazaran, yak\u0131nda makul subreddit\u2019lerdeki i\u00e7eriklere eri\u015fmek isteyen kullan\u0131c\u0131lar\u0131n fiyat \u00f6demesi gerekecek. \u015eayet \u00f6deme yap\u0131lmazsa, bu \u00f6zel topluluklara giri\u015f m\u00fcmk\u00fcn olmayacak.<\/p>\n<p><b>YEN\u0130 S\u0130STEM NASIL \u0130\u015eLEYECEK?<\/b><\/p>\n<p>\u00dccretli subreddit\u2019lerin nas\u0131l \u00e7al\u0131\u015faca\u011f\u0131na dair \u015fimdi net bir bilgi yok. Lakin bu modelin, platformun gelece\u011finde b\u00fcy\u00fck bir rol oynayaca\u011f\u0131 belirtiliyor. Reddit\u2019in zati Premium \u00fcyelik sistemi bulunuyor, lakin bu yeni sistemle birlikte platformda esasl\u0131 de\u011fi\u015fiklikler ya\u015fanabilir.<\/p>\n<p><b>TEPK\u0130 GELD\u0130<\/b><\/p>\n<p>Reddit\u2019in \u00f6zg\u00fcr ve topluluk odakl\u0131 yap\u0131s\u0131n\u0131 muhafazas\u0131n\u0131 isteyen kullan\u0131c\u0131lar, bu fiyatland\u0131rma plan\u0131na kar\u015f\u0131 \u00e7\u0131k\u0131yor. Platformun en b\u00fcy\u00fck avantajlar\u0131ndan biri, herkesin \u00f6zg\u00fcrce i\u00e7eriklere ula\u015fabilmesi ve bilgi payla\u015f\u0131m\u0131na kat\u0131labilmesiydi. Fakat fiyatl\u0131 subreddit modeli, bu dinami\u011fi k\u00f6kten de\u011fi\u015ftirebilir.<\/p>\n","protected":false},"excerpt":{"rendered":"<p>D\u00fcnyan\u0131n en tan\u0131nan toplumsal medya platformlar\u0131ndan biri olan Reddit, b\u00fcy\u00fck bir de\u011fi\u015fime haz\u0131rlan\u0131yor.<\/p>\n","protected":false},"author":1,"featured_media":37608,"comment_status":"open","ping_status":"open","sticky":false,"template":"","format":"standard","meta":{"footnotes":""},"categories":[31],"tags":[5917,814],"class_list":["post-37607","post","type-post","status-publish","format-standard","has-post-thumbnail","hentry","category-teknoloji","tag-reddit","tag-ucret"],"_links":{"self":[{"href":"https:\/\/ikimisli.tr\/index.php\/wp-json\/wp\/v2\/posts\/37607","targetHints":{"allow":["GET"]}}],"collection":[{"href":"https:\/\/ikimisli.tr\/index.php\/wp-json\/wp\/v2\/posts"}],"about":[{"href":"https:\/\/ikimisli.tr\/index.php\/wp-json\/wp\/v2\/types\/post"}],"author":[{"embeddable":true,"href":"https:\/\/ikimisli.tr\/index.php\/wp-json\/wp\/v2\/users\/1"}],"replies":[{"embeddable":true,"href":"https:\/\/ikimisli.tr\/index.php\/wp-json\/wp\/v2\/comments?post=37607"}],"version-history":[{"count":1,"href":"https:\/\/ikimisli.tr\/index.php\/wp-json\/wp\/v2\/posts\/37607\/revisions"}],"predecessor-version":[{"id":37609,"href":"https:\/\/ikimisli.tr\/index.php\/wp-json\/wp\/v2\/posts\/37607\/revisions\/37609"}],"wp:featuredmedia":[{"embeddable":true,"href":"https:\/\/ikimisli.tr\/index.php\/wp-json\/wp\/v2\/media\/37608"}],"wp:attachment":[{"href":"https:\/\/ikimisli.tr\/index.php\/wp-json\/wp\/v2\/media?parent=37607"}],"wp:term":[{"taxonomy":"category","embeddable":true,"href":"https:\/\/ikimisli.tr\/index.php\/wp-json\/wp\/v2\/categories?post=37607"},{"taxonomy":"post_tag","embeddable":true,"href":"https:\/\/ikimisli.tr\/index.php\/wp-json\/wp\/v2\/tags?post=37607"}],"curies":[{"name":"wp","href":"https:\/\/api.w.org\/{rel}","templated":true}]}}