{"id":37638,"date":"2025-05-12T16:48:21","date_gmt":"2025-05-12T16:48:21","guid":{"rendered":"https:\/\/ikimisli.tr\/?p=37638"},"modified":"2025-05-12T16:48:21","modified_gmt":"2025-05-12T16:48:21","slug":"fiyatlar-ucunca-kanun-hatirlatildi-kesinlikle-odediginiz-kirayi-asamaz","status":"publish","type":"post","link":"https:\/\/ikimisli.tr\/index.php\/2025\/05\/12\/fiyatlar-ucunca-kanun-hatirlatildi-kesinlikle-odediginiz-kirayi-asamaz\/","title":{"rendered":"Fiyatlar u\u00e7unca kanun hat\u0131rlat\u0131ld\u0131: Kesinlikle \u00f6dedi\u011finiz kiray\u0131 a\u015famaz"},"content":{"rendered":"<p>\u00d6zellikle yeni y\u0131l sonras\u0131 birtak\u0131m sitelerde aidat fiyatlar\u0131nda y\u00fczde 200\u2019\u00fcn \u00fczerinde art\u0131\u015f ya\u015fand\u0131. Kimi b\u00f6lgelerde 25 bin, hatta 135 bin liraya ula\u015fan aidat fiyatlar\u0131 konu\u015fuluyor. Vatanda\u015flar, y\u00fckselen aidatlara kar\u015f\u0131 b\u00fcy\u00fck reaksiyon g\u00f6sterirken, yetkililer hususa ait \u00e7e\u015fitli d\u00fczenlemeler \u00fczerinde \u00e7al\u0131\u015f\u0131yor.<\/p>\n<p><b>A\u0130DAT ARTIRIMLARINDA HUDUT YOK<\/b><\/p>\n<p>\u015eu anda site aidatlar\u0131na uygulanabilecek rastgele bir art\u0131r\u0131m sonu bulunmuyor. Bu durumu f\u0131rsat bilen kimi idareler, aidatlar\u0131 fahi\u015f oranlarda art\u0131r\u0131yor. Bahisle ilgili a\u00e7\u0131klama yapan yetkililer, site idarelerinin ve tesis idarelerinin bu s\u00fcreci yanl\u0131\u015fs\u0131z y\u00f6netmesi gerekti\u011fini vurguluyor.<\/p>\n<p><b>TOPLANTILARA KATILIN<\/b><\/p>\n<p>Uzmanlar, site sakinlerinin kat malikleri kurulu toplant\u0131lar\u0131na kat\u0131lmalar\u0131n\u0131 \u00f6neriyor. Mevcut d\u00fczenlemelere g\u00f6re, kat m\u00fclkiyet kanunu \u00e7er\u00e7evesinde y\u00fczde 50 + 1 oy \u00e7oklu\u011fuyla al\u0131nan kararlar ge\u00e7erli say\u0131l\u0131yor. Ayr\u0131yeten, karar\u0131n iptali i\u00e7in site sakinlerinin bir ay i\u00e7inde itiraz hakk\u0131 bulunuyor.<\/p>\n<p><img decoding=\"async\" src=\"https:\/\/ikimisli.tr\/wp-content\/uploads\/2025\/05\/fiyatlar-ucunca-kanun-hatirlatildi-kesinlikle-odediginiz-kirayi-asamaz-0-ikuuG9fI.jpg\"\/><\/p>\n<p><b>YASAYA NAZARAN K\u0130RAYI GE\u00c7EMEZ<\/b><\/p>\n<p>\u00d6te yandan, aidat \u00f6demeleri konusunda bilinmesi gereken kritik bir ayr\u0131nt\u0131 daha var: Kirac\u0131lar, \u00f6dedikleri kira fiyat\u0131n\u0131 a\u015fan aidat bedelini \u00f6demek zorunda de\u011fil. Mevcut yasal d\u00fczenlemeye nazaran, bir sitede aidat fiyat\u0131 kiray\u0131 ge\u00e7emez ve bu fark\u0131n tapu sahibi taraf\u0131ndan kar\u015f\u0131lanmas\u0131 gerekiyor.<\/p>\n<p>\u00d6rne\u011fin, kira bedeli 17 bin TL olan bir konutta aidat 20 bin TL\u2019ye y\u00fckselirse, kirac\u0131n\u0131n \u00f6demesi gereken aidat en fazla kira bedeli kadar olabilir. Ortadaki fark, m\u00fclk sahibinin sorumlulu\u011fundad\u0131r.<\/p>\n<p>\u00c7evre ve \u015fehircilik alan\u0131nda yetkili kurumlar, site idareleri ve fahi\u015f aidat art\u0131\u015flar\u0131na kar\u015f\u0131 yeni bir d\u00fczenleme \u00fczerinde \u00e7al\u0131\u015fmalar\u0131n\u0131 s\u00fcrd\u00fcr\u00fcyor. \u00d6n\u00fcm\u00fczdeki devirde bu d\u00fczenlemenin torba yasa kapsam\u0131nda ele al\u0131nmas\u0131 bekleniyor.\u00a0<\/p>\n","protected":false},"excerpt":{"rendered":"<p>Son devirde kira fiyatlar\u0131ndaki art\u0131\u015fa paralel olarak site aidatlar\u0131 da b\u00fcy\u00fck oranda y\u00fckseldi. Bilhassa b\u00fcy\u00fck kentlerde ve l\u00fcks konut projelerinde aidatlar\u0131n kiralarla yar\u0131\u015f\u0131r hale gelmesi vatanda\u015flar ortas\u0131nda b\u00fcy\u00fck reaksiyona yol a\u00e7t\u0131.<\/p>\n","protected":false},"author":1,"featured_media":37639,"comment_status":"open","ping_status":"open","sticky":false,"template":"","format":"standard","meta":{"footnotes":""},"categories":[25],"tags":[495,740,438,1332],"class_list":["post-37638","post","type-post","status-publish","format-standard","has-post-thumbnail","hentry","category-gundem","tag-aidat","tag-duzenleme","tag-kira","tag-site"],"_links":{"self":[{"href":"https:\/\/ikimisli.tr\/index.php\/wp-json\/wp\/v2\/posts\/37638","targetHints":{"allow":["GET"]}}],"collection":[{"href":"https:\/\/ikimisli.tr\/index.php\/wp-json\/wp\/v2\/posts"}],"about":[{"href":"https:\/\/ikimisli.tr\/index.php\/wp-json\/wp\/v2\/types\/post"}],"author":[{"embeddable":true,"href":"https:\/\/ikimisli.tr\/index.php\/wp-json\/wp\/v2\/users\/1"}],"replies":[{"embeddable":true,"href":"https:\/\/ikimisli.tr\/index.php\/wp-json\/wp\/v2\/comments?post=37638"}],"version-history":[{"count":1,"href":"https:\/\/ikimisli.tr\/index.php\/wp-json\/wp\/v2\/posts\/37638\/revisions"}],"predecessor-version":[{"id":37641,"href":"https:\/\/ikimisli.tr\/index.php\/wp-json\/wp\/v2\/posts\/37638\/revisions\/37641"}],"wp:featuredmedia":[{"embeddable":true,"href":"https:\/\/ikimisli.tr\/index.php\/wp-json\/wp\/v2\/media\/37639"}],"wp:attachment":[{"href":"https:\/\/ikimisli.tr\/index.php\/wp-json\/wp\/v2\/media?parent=37638"}],"wp:term":[{"taxonomy":"category","embeddable":true,"href":"https:\/\/ikimisli.tr\/index.php\/wp-json\/wp\/v2\/categories?post=37638"},{"taxonomy":"post_tag","embeddable":true,"href":"https:\/\/ikimisli.tr\/index.php\/wp-json\/wp\/v2\/tags?post=37638"}],"curies":[{"name":"wp","href":"https:\/\/api.w.org\/{rel}","templated":true}]}}