{"id":37675,"date":"2025-05-12T18:36:22","date_gmt":"2025-05-12T18:36:22","guid":{"rendered":"https:\/\/ikimisli.tr\/?p=37675"},"modified":"2025-05-12T18:36:22","modified_gmt":"2025-05-12T18:36:22","slug":"taksimde-film-gibi-olay-once-gasp-etti-sonra-selfie-cekti","status":"publish","type":"post","link":"https:\/\/ikimisli.tr\/index.php\/2025\/05\/12\/taksimde-film-gibi-olay-once-gasp-etti-sonra-selfie-cekti\/","title":{"rendered":"Taksim\u2019de film gibi olay: \u00d6nce gasp etti sonra selfie \u00e7ekti"},"content":{"rendered":"<p>Olay, 11 \u015eubat Sal\u0131 g\u00fcn\u00fc saat 22.15 s\u0131ralar\u0131nda Taksim Kocatepe Mahallesi\u2019nde meydana geldi. Edinilen bilgiye nazaran bir m\u00fcddet T\u00fcrkiye&#8217;ye gelen Endonezyal\u0131 Maila Zulaeva F. (22), arkada\u015flar\u0131yla Taksim\u2019e gitti. Caddede y\u00fcr\u00fcyen 3 arkada\u015ftan biri, Maila Zulaeva F.\u2019den foto\u011fraf\u0131n\u0131 \u00e7ekmesini istedi. Bayan turist foto\u011fraf \u00e7ekece\u011fi s\u0131rada yan\u0131na yakla\u015fan bir ku\u015fkulu taraf\u0131ndan cep telefonu \u00e7al\u0131nd\u0131. Neye u\u011frad\u0131\u011f\u0131na \u015fa\u015f\u0131ran bayan evvel yere d\u00fc\u015ft\u00fc akabinde kalk\u0131p \u015f\u00fcpheliyi bir m\u00fcddet kovalad\u0131. Ku\u015fkulu orta sokaklarda g\u00f6zden kayboldu. Ya\u015fananlar g\u00fcvenlik kameras\u0131na saniye saniye yans\u0131d\u0131.<\/p>\n<p><b><strong>BEYO\u011eLU ASAY\u0130\u015e POL\u0130S\u0130 YAKALADI<\/strong><\/b><\/p>\n<p>Olay\u0131n akabinde bayan turistin \u015fikayeti \u00fczerine Beyo\u011flu Asayi\u015f Ofis Amirli\u011fi gruplar\u0131 \u00e7al\u0131\u015fma ba\u015flatt\u0131. G\u00fcvenlik kamera imajlar\u0131n\u0131 inceleyen polis, \u015f\u00fcphelinin Taksim Meydan\u0131\u2019nda seyyar sat\u0131c\u0131l\u0131k yapan Ey\u00fcp K. (24) oldu\u011funu tespit etti. Devam eden \u00e7al\u0131\u015fmalarda ku\u015fkulu, Dolapdere Irmak Caddesi&#8217;nde yakaland\u0131. Olay\u0131 itiraf eden Ey\u00fcp K., 30 bin lira k\u0131ymetindeki cep telefonunu, bir telefoncuya 200 lira kar\u015f\u0131l\u0131\u011f\u0131nda satt\u0131\u011f\u0131n\u0131 s\u00f6yledi. \u0130\u015f yerine giden polis, cep telefonunu geri alarak \u00e7al\u0131nt\u0131 telefonu sat\u0131n alan Azad \u00d6.\u2019y\u00fc (23) de g\u00f6zalt\u0131na ald\u0131.<\/p>\n<p><b>\u00c7ALDI\u011eI TELEFONLA \u00d6Z\u00c7EK\u0130M YAPMI\u015e<\/b><\/p>\n<p>Di\u011fer yandan cep telefonunda inceleme yapan polis gruplar\u0131, telefonun foto\u011fraf galerisinde \u015f\u00fcphelinin foto\u011fraf\u0131na rastlad\u0131. \u015e\u00fcphelinin \u00e7ald\u0131\u011f\u0131 cep telefonuyla kendi foto\u011fraf\u0131n\u0131 \u00e7ekti\u011fi ortaya \u00e7\u0131kt\u0131. Telefon bayan turiste teslim ediliken, emniyette tabiri al\u0131nan ve isimli s\u00fcre\u00e7leri tamamlanan Ey\u00fcp K. adliyeye sevk edildi. Ku\u015fkulu \u00e7\u0131kar\u0131ld\u0131\u011f\u0131 mahkemece &#8216;Kapka\u00e7&#8217; hatas\u0131ndan tutuklanarak cezaevine g\u00f6nderildi.<\/p>\n<p><b>KAPKA\u00c7\u00c7ININ 12 KABAHAT KAYDI \u00c7IKTI<\/b><\/p>\n<p>&#8216;Su\u00e7 e\u015fyas\u0131n\u0131 sat\u0131n alma&#8217; su\u00e7lamas\u0131yla hakk\u0131nda isimli s\u00fcre\u00e7 ba\u015flat\u0131lan telefoncu Azad \u00d6. ise savc\u0131l\u0131k karar\u0131yla h\u00fcr b\u0131rak\u0131ld\u0131. \u00d6teki yandan Ey\u00fcp K.\u2018nin poliste 12, Azad \u00d6.\u2018n\u00fcn ise poliste daha evvelden 7 hata kayd\u0131 oldu\u011fu ortaya \u00e7\u0131kt\u0131(<\/p>\n","protected":false},"excerpt":{"rendered":"<p>Taksim&#8217;de gezen Endonezyal\u0131 bayan turist, arkada\u015f\u0131n\u0131n foto\u011fraf\u0131n\u0131 \u00e7ekece\u011fi s\u0131rada kapka\u00e7a u\u011frad\u0131. Elinden cep telefonu \u00e7al\u0131nan ve yere d\u00fc\u015fen bayan aya\u011fa kalk\u0131p bir m\u00fcddet \u015f\u00fcpheliyi kovalad\u0131. Beyo\u011flu Asayi\u015f Ofis Amirli\u011fi gruplar\u0131n\u0131n yakalad\u0131\u011f\u0131 \u015f\u00fcphelinin \u00e7ald\u0131\u011f\u0131 telefonla \u00f6z\u00e7ekim yapt\u0131\u011f\u0131 foto\u011fraf ortaya \u00e7\u0131kt\u0131. Sinema \u00fczere olay g\u00fcvenlik kameras\u0131na tak\u0131ld\u0131.<\/p>\n","protected":false},"author":1,"featured_media":37676,"comment_status":"open","ping_status":"open","sticky":false,"template":"","format":"standard","meta":{"footnotes":""},"categories":[25],"tags":[1984,269,97,410,1658],"class_list":["post-37675","post","type-post","status-publish","format-standard","has-post-thumbnail","hentry","category-gundem","tag-fotograf","tag-polis","tag-suc","tag-supheli","tag-telefon"],"_links":{"self":[{"href":"https:\/\/ikimisli.tr\/index.php\/wp-json\/wp\/v2\/posts\/37675","targetHints":{"allow":["GET"]}}],"collection":[{"href":"https:\/\/ikimisli.tr\/index.php\/wp-json\/wp\/v2\/posts"}],"about":[{"href":"https:\/\/ikimisli.tr\/index.php\/wp-json\/wp\/v2\/types\/post"}],"author":[{"embeddable":true,"href":"https:\/\/ikimisli.tr\/index.php\/wp-json\/wp\/v2\/users\/1"}],"replies":[{"embeddable":true,"href":"https:\/\/ikimisli.tr\/index.php\/wp-json\/wp\/v2\/comments?post=37675"}],"version-history":[{"count":1,"href":"https:\/\/ikimisli.tr\/index.php\/wp-json\/wp\/v2\/posts\/37675\/revisions"}],"predecessor-version":[{"id":37677,"href":"https:\/\/ikimisli.tr\/index.php\/wp-json\/wp\/v2\/posts\/37675\/revisions\/37677"}],"wp:featuredmedia":[{"embeddable":true,"href":"https:\/\/ikimisli.tr\/index.php\/wp-json\/wp\/v2\/media\/37676"}],"wp:attachment":[{"href":"https:\/\/ikimisli.tr\/index.php\/wp-json\/wp\/v2\/media?parent=37675"}],"wp:term":[{"taxonomy":"category","embeddable":true,"href":"https:\/\/ikimisli.tr\/index.php\/wp-json\/wp\/v2\/categories?post=37675"},{"taxonomy":"post_tag","embeddable":true,"href":"https:\/\/ikimisli.tr\/index.php\/wp-json\/wp\/v2\/tags?post=37675"}],"curies":[{"name":"wp","href":"https:\/\/api.w.org\/{rel}","templated":true}]}}