{"id":37721,"date":"2025-05-12T21:12:24","date_gmt":"2025-05-12T21:12:24","guid":{"rendered":"https:\/\/ikimisli.tr\/?p=37721"},"modified":"2025-05-12T21:12:24","modified_gmt":"2025-05-12T21:12:24","slug":"aileler-deprem-saniklarinin-tahliyesine-isyan-etti","status":"publish","type":"post","link":"https:\/\/ikimisli.tr\/index.php\/2025\/05\/12\/aileler-deprem-saniklarinin-tahliyesine-isyan-etti\/","title":{"rendered":"Aileler deprem san\u0131klar\u0131n\u0131n tahliyesine isyan etti"},"content":{"rendered":"<p>Kahramanmara\u015f merkezli sars\u0131nt\u0131lar\u0131n\u0131n \u00fczerinden iki y\u0131l ge\u00e7ti.<\/p>\n<p>Depremlerde en az 53 bin 737 ki\u015fi hayat\u0131n\u0131 kaybetti, 107 bin 213 ki\u015fi yaraland\u0131, binlerce konut y\u0131k\u0131ld\u0131.<\/p>\n<p>Adalet Bakanl\u0131\u011f\u0131 verilerine g\u00f6re, depremde y\u0131k\u0131lan binalara ait 2 bin 31 soru\u015fturma a\u00e7\u0131ld\u0131, bunlar\u0131n bin 491\u2019i davaya d\u00f6n\u00fc\u015ft\u00fc. \u015eu ana kadar 149 evrak karara ba\u011flan\u0131rken, 189 san\u0131k \u00e7e\u015fitli cezalara \u00e7arpt\u0131r\u0131ld\u0131.<\/p>\n<p>ANKA&#8217;n\u0131n derledi\u011fi datalara nazaran, sonu\u00e7lanan 17 zelzele davas\u0131nda m\u00fcteahhitler 8 ila 21 y\u0131l 9 ay ortas\u0131nda de\u011fi\u015fen mahpus cezalar\u0131na \u00e7arpt\u0131r\u0131ld\u0131. Fakat bir\u00e7ok davada san\u0131klara &#8220;iyi hal indirimi&#8221; uygulan\u0131rken, birtak\u0131m san\u0131klar beraat etti.<\/p>\n<p>Yarg\u0131lamas\u0131 s\u00fcren sars\u0131nt\u0131 davalar\u0131nda arka arda verilen tahliye kararlar\u0131, sars\u0131nt\u0131da yak\u0131nlar\u0131n\u0131 kaybeden ailelerin yans\u0131s\u0131na yol a\u00e7t\u0131. Ma\u011fdurlar, bu kararlarla bir kere daha enkaz alt\u0131nda kald\u0131klar\u0131n\u0131 ifade etti. ANKA Haber Ajans\u0131, son 6 ay i\u00e7inde sars\u0131nt\u0131 davalar\u0131nda verilen tahliye kararlar\u0131n\u0131 ve yarg\u0131 s\u00fcrecinde ya\u015fanan geli\u015fmeleri derledi.\u00a0<\/p>\n<p><b>&#8220;\u015e\u0130ZOFREN\u0130M&#8221; DED\u0130 TAHL\u0130YE ED\u0130LD\u0130<\/b><\/p>\n<p>Hatay&#8217;da &#8220;Cennetten bir k\u00f6\u015fe&#8221; slogan\u0131yla sat\u0131lan ve sars\u0131nt\u0131da y\u0131k\u0131larak 269 bireye mezar olan, 59 ki\u015finin hala cenazesine ula\u015f\u0131lamad\u0131\u011f\u0131 R\u00f6nesans Rezidans&#8217;\u0131n 17 Temmuz 2024&#8217;teki duru\u015fmas\u0131nda, tutuklu san\u0131k denetim eleman\u0131 Ba\u015fkan Artun, savunmas\u0131nda kendisini \u015fizofreni hastas\u0131 olarak tan\u0131mlad\u0131 ve cezaevinde oldu\u011fu i\u00e7in d\u00fc\u015f\u00fcnce \u00e7ekti\u011fini arg\u00fcman etti. 24 Ekim 2024&#8217;te g\u00f6r\u00fclen duru\u015fmada ise Ba\u015fkan Artun, &#8220;sa\u011fl\u0131k sorunlar\u0131&#8221; gerek\u00e7esiyle tahliye edildi. Evrak kapsam\u0131nda m\u00fcteahhit Mehmet Ya\u015far Co\u015fkun, yap\u0131 kontrol \u015firketinin yetkilileri Mehmet Ha\u015fim Eraslan ve B\u00fclent Sek\u00fc\u00e7o\u011flu tutuklu bulunuyor.<\/p>\n<p><b>&#8220;KOCAMA HAL\u0130&#8221; NEDEN\u0130YLE MESKEN HAPS\u0130<\/b><\/p>\n<p>Hatay&#8217;\u0131n Antakya il\u00e7esinde 169 ki\u015finin \u00f6mr\u00fcn\u00fc yitirdi\u011fi Emlakbank 1. Etap Konutlar\u0131&#8217;n\u0131n m\u00fcteahhidi Mehmet \u00d6zat hakk\u0131nda soru\u015fturma etab\u0131nda yakalama karar\u0131 \u00e7\u0131kar\u0131lm\u0131\u015f lakin bulunamam\u0131\u015ft\u0131. Emlakbank Konutlar\u0131&#8217;nda yak\u0131nlar\u0131n\u0131 kaybedenler, 10 Kas\u0131m 2023 tarihinde Ankara&#8217;da bir al\u0131\u015fveri\u015f merkezinde \u00d6zat&#8217;\u0131 yakalayarak polise teslim etmi\u015f, sorgusunun akabinde tutuklanm\u0131\u015ft\u0131. Hatay 3. A\u011f\u0131r Ceza Mahkemesi&#8217;nde 28 Kas\u0131m 2024&#8217;te g\u00f6r\u00fclen birinci duru\u015fmada, m\u00fcteahhit Mehmet \u00d6zat, &#8220;tutuklulukta ge\u00e7irdi\u011fi m\u00fcddet, s\u0131hhat problemleri ve kocama hali&#8221; gerek\u00e7esiyle konut mahpusu karar\u0131yla h\u00fcr b\u0131rak\u0131ld\u0131. Belge kapsam\u0131nda tutuklu san\u0131k bulunmuyor, san\u0131k Ayta\u00e7 K\u0131nay da firari olarak aran\u0131yor.<\/p>\n<p><b>KOCAMA HAL\u0130NDEN TAHL\u0130YE ED\u0130LD\u0130 KAYIPLARA KARI\u015eTI<\/b><\/p>\n<p>Kahramanmara\u015f&#8217;\u0131n Oniki\u015fubat il\u00e7esindeki Palmiye Sitesi&#8217;nin \u00fc\u00e7 blo\u011funun y\u0131k\u0131lmas\u0131 sonucu 151 ki\u015fi hayat\u0131n\u0131 kaybetti. AK Parti Kahramanmara\u015f Vilayet Lider Yard\u0131mc\u0131s\u0131 Eray Ersoy&#8217;un da babas\u0131 olan m\u00fcteahhit Hac\u0131 Mehmet Ersoy, Kahramanmara\u015f 3. A\u011f\u0131r Ceza Mahkemesi&#8217;nde 5 Eyl\u00fcl&#8217;de g\u00f6r\u00fclen birinci duru\u015fmadaki savunmas\u0131nda, &#8220;Benim binan\u0131n imaliyle ilgili alakam yok. Benim i\u015ftirakim yok. Emlak\u00e7\u0131 \u00fczere m\u00fc\u015fteri getirirdim&#8221; dedi. 26 Aral\u0131k 2024&#8217;te g\u00f6r\u00fclen ikinci duru\u015fmada, m\u00fcteahhit Ersoy tutukland\u0131 lakin 17 Ocak&#8217;ta &#8220;kocama hali&#8221; nedeniyle tahliye edildi. Kahramanmara\u015f 4. A\u011f\u0131r Ceza Mahkemesi, 29 Ocak&#8217;ta ailelerin itiraz\u0131 \u00fczerine m\u00fcteahhit Ersoy&#8217;u tutuklamak \u00fczere yakalama karar\u0131 \u00e7\u0131kard\u0131. Yakalama karar\u0131na kar\u015f\u0131n Ersoy, kay\u0131plara kar\u0131\u015ft\u0131. Evrak kapsam\u0131nda m\u00fcteahhit Ali Babao\u011flu tutuklu bulunuyor.<\/p>\n<p><b>\u00d6NCE 21 YIL MAHPUS AKAB\u0130NDE TAHL\u0130YE<\/b><\/p>\n<p>Osmaniye&#8217;de Bilge Sitesi&#8217;nin y\u0131k\u0131lmas\u0131 sonucu 105 ki\u015fi \u00f6mr\u00fcn\u00fc yitirdi. Osmaniye 1. A\u011f\u0131r Ceza Mahkemesi&#8217;nde 8 Ocak&#8217;ta g\u00f6r\u00fclen karar duru\u015fmas\u0131nda, binan\u0131n in\u015fa edildi\u011fi devirde imar m\u00fcd\u00fcrl\u00fc\u011f\u00fcnde vazife yapan eski MHP&#8217;li Osmaniye Belediye Ba\u015fkan\u0131 Kadir Kara, o devir \u0130mar M\u00fcd\u00fcrl\u00fc\u011f\u00fc\u2019nde misyonlu Sevin\u00e7 Ay\u015fe Argun, fenni mesuller Ayhan Gedik ve Haluk Ko\u00e7&#8217;a, &#8220;Bilin\u00e7li taksirle birden fazla insan\u0131n vefat\u0131na ve yaralanmas\u0131na neden olma&#8221; c\u00fcrm\u00fcnden 21 y\u0131l mahpus cezas\u0131 verildi. Osmaniye 2. A\u011f\u0131r Ceza Mahkemesi, 21 y\u0131l mahpus cezas\u0131 alan Kadir Kara, Sevin\u00e7 Ay\u015fe Argun ve Haluk Ko\u00e7&#8217;un tahliye edilmesine karar verdi. Kadir Kara&#8217;n\u0131n toplumsal medya hesab\u0131nda, tahliye karar\u0131n\u0131 veren mahkeme lideriyle foto\u011fraf\u0131 ortaya \u00e7\u0131kt\u0131. Birebir davada, m\u00fcteahhitler Mustafa \u0130pek ve Faruk Pilge&#8217;ye ise &#8220;Basit taksirle birden fazla ki\u015finin vefat\u0131na ve yaralanmas\u0131na neden olma&#8221; c\u00fcrm\u00fcnden 8 y\u0131l mahpus cezas\u0131 verildi ve iki san\u0131k isimli denetim kaidesiyle h\u00fcr b\u0131rak\u0131ld\u0131. Belge kapsam\u0131nda fenni mesul Ayhan Gedik tutuklu bulunuyor.<\/p>\n<p><b>&#8220;UZUN TUTUKLULUK M\u00dcHLET\u0130 TAHL\u0130YES\u0130&#8221;\u00a0<\/b><\/p>\n<p>Hatay&#8217;\u0131n Antakya il\u00e7esinde 103 ki\u015finin hayat\u0131n\u0131 kaybetti\u011fi Kule Apartman\u0131&#8217;n\u0131n soru\u015fturma evresinde m\u00fcteahhit \u00d6mer Cihan, 13 \u015eubat 2023 tarihinde Antalya&#8217;da depremzedeymi\u015f \u00fczere ailesiyle birlikte otelde kald\u0131\u011f\u0131 ve yurt d\u0131\u015f\u0131na ka\u00e7ma haz\u0131rl\u0131\u011f\u0131nda oldu\u011fu ihbar\u0131 \u00fczerine yakalanarak tutukland\u0131. Hatay 5. A\u011f\u0131r Ceza Mahkemesi&#8217;nde g\u00f6r\u00fclen 12 \u015eubat&#8217;ta g\u00f6r\u00fclen \u00fc\u00e7\u00fcnc\u00fc duru\u015fmada yeni eksper raporu beklenmesine kar\u015f\u0131n, m\u00fcteahhit \u00d6mer Cihan&#8217;\u0131n &#8220;uzun tutukluluk m\u00fchleti doldu\u011fu&#8221; gerek\u00e7esiyle tahliye edilmesine karar verildi. Evrak kapsam\u0131nda tutuklu san\u0131k kalmad\u0131.<\/p>\n<p><b>EBRAR S\u0130TES\u0130 M\u00dcTEAHH\u0130D\u0130NE \u0130S\u0130ML\u0130 DENET\u0130MLE TAHL\u0130YE<\/b><\/p>\n<p>Kahramanmara\u015f&#8217;ta Ebrar Sitesi F blo\u011funun y\u0131k\u0131lmas\u0131 sonucu 96 ki\u015fi hayat\u0131n\u0131 yitirdi. Kahramanmara\u015f 5. A\u011f\u0131r Ceza Mahkemesi&#8217;nde 10 Ocak&#8217;ta g\u00f6r\u00fclen duru\u015fmada, mahkeme heyeti, tutuklu san\u0131k m\u00fcteahhit \u00c7etin Kurt&#8217;un &#8220;tutuklulukta kald\u0131\u011f\u0131 s\u00fcre&#8221;yi dikkate alarak isimli denetim \u00f6nlemiyle tahliyesine karar verdi. Belge kapsam\u0131nda m\u00fcteahhit Tevfik Tepeba\u015f\u0131 tutuklu yarg\u0131lan\u0131yor.<\/p>\n<p><b>B\u0130N 475 YIL MAHPUSU \u0130STENEN M\u00dcTEAHH\u0130TE TAHL\u0130YE<\/b><\/p>\n<p>Hatay&#8217;\u0131n Hassa il\u00e7esinde Ar\u0131k ve Parlak Apartman\u0131&#8217;n\u0131n y\u0131k\u0131lmas\u0131 sonucu 59 ki\u015fi hayat\u0131n\u0131 kaybetti. Soru\u015fturma basama\u011f\u0131nda Ar\u0131k Apartman\u0131&#8217;n\u0131n yap\u0131 m\u00fcteahhidi Celal Ar\u0131k, 14 \u015eubat 2023 tarihinde tutukland\u0131. M\u00fcteahhit Ar\u0131k hakk\u0131nda &#8220;olas\u0131 kastla adam \u00f6ld\u00fcrme&#8221; hatas\u0131ndan bin 475 y\u0131la kadar mahpus istemiyle dava a\u00e7\u0131ld\u0131. K\u0131r\u0131khan A\u011f\u0131r Ceza Mahkemesi&#8217;nde 8 Ocak&#8217;ta g\u00f6r\u00fclen yedinci duru\u015fmada mahkeme heyeti, oybirli\u011fiyle san\u0131k m\u00fcteahhit Celal Ar\u0131k&#8217;\u0131n &#8220;tutuklu kald\u0131\u011f\u0131 m\u00fchlet ve hata vasf\u0131n\u0131n de\u011fi\u015fmesi ihtimali&#8221; nazara al\u0131narak tahliyesine karar verdi. Belge kapsam\u0131nda tutuklu san\u0131k kalmad\u0131.<\/p>\n<p><b>H\u0130\u00c7 TUTUKLU KALMADI<\/b><\/p>\n<p>Hatay&#8217;\u0131n Antakya il\u00e7esindeki Nil\u00fcfer Apartman\u0131&#8217;n\u0131n y\u0131k\u0131lmas\u0131yla 56 ki\u015fi \u00f6mr\u00fcn\u00fc yitirdi. Hatay 5. A\u011f\u0131r Ceza Mahkemesi&#8217;nde 13 Aral\u0131k 2024&#8217;te g\u00f6r\u00fclen duru\u015fmada, tutuklu m\u00fcteahhit Murat Fuato\u011flu ve tutuklu yap\u0131 kontrol uzman\u0131 Mehmet Ha\u015fim Eraslan, &#8220;tutuklu kald\u0131\u011f\u0131 s\u00fcre&#8221; g\u00f6z \u00f6n\u00fcnde bulundurularak tahliye edildi. Eraslan&#8217;\u0131n \u00f6teki zelzele belgelerden tutuklu\u011fu ise devam ediyor.<\/p>\n<p><b>&#8220;DEL\u0130LLER\u0130 KARARTMA KU\u015eKUSU YOK&#8221; DEN\u0130LEREK TAHL\u0130YE ED\u0130LD\u0130<\/b><\/p>\n<p>Gaziantep&#8217;in Nurda\u011f\u0131 il\u00e7esinde bulunan Akar ve G\u00fcven Apartman\u0131 da y\u0131k\u0131ld\u0131. Enkaz y\u0131\u011f\u0131n\u0131na d\u00f6nen binalarda 51 ki\u015fi hayat\u0131n\u0131 kaybetti. Soru\u015fturma s\u00fcrecinde her iki binan\u0131n m\u00fcteahhidi olan Mesut Akar hakk\u0131nda yakalama karar\u0131 \u00e7\u0131kar\u0131ld\u0131 ve 19 Mart 2023&#8217;te tutukland\u0131. \u0130slahiye A\u011f\u0131r Ceza Mahkemesi&#8217;nde 16 Ekim 2024&#8217;te g\u00f6r\u00fclen Akar Apartman\u0131 ile \u0130slahiye A\u011f\u0131r Ceza Mahkemesi&#8217;nde 18 Aral\u0131k 2024&#8217;te g\u00f6r\u00fclen G\u00fcven Apartman\u0131 davalar\u0131nda mahkeme heyeti, san\u0131k m\u00fcteahhit Mesut Akar&#8217;\u0131n, &#8220;delillerin b\u00fcy\u00fck \u00e7o\u011funlu\u011funun toplanm\u0131\u015f olmas\u0131 ve toplanmayan kan\u0131tlara ait olarak san\u0131\u011f\u0131n kan\u0131tlar\u0131 karartma ve de\u011fi\u015ftirme ku\u015fkusunun bulunmamas\u0131, san\u0131\u011f\u0131n sabit ikamet sahibi olmas\u0131&#8221; gerek\u00e7esiyle tahliyesine karar verdi.<\/p>\n<p><b>OLASI KASTLA YARGILANIRKEN TAHL\u0130YE ED\u0130L\u0130P KAYIPLARA KARI\u015eTI<\/b><\/p>\n<p>Kahramanmara\u015f&#8217;\u0131n Dulkadiro\u011flu il\u00e7esindeki Sulay\u0131c\u0131 Apartman\u0131&#8217;n\u0131n y\u0131k\u0131lmas\u0131 nedeniyle 24 ki\u015fi hayat\u0131n\u0131 yitirdi. Soru\u015fturma evresinde Sulay\u0131c\u0131 Apartman\u0131&#8217;n\u0131 yapt\u0131ran ve birebir vakitte taban kattaki trakt\u00f6r galerisinin sahibi Mahmut Sulay\u0131c\u0131, 15 \u015eubat 2023 tarihinde tutukland\u0131. \u00a0Kahramanmara\u015f Cumhuriyet Ba\u015fsavc\u0131l\u0131\u011f\u0131, Mahmut Sulay\u0131c\u0131 hakk\u0131nda &#8220;olas\u0131 kast ile taamm\u00fcden \u00f6ld\u00fcrme&#8221; ve &#8220;olas\u0131 kast ile taamm\u00fcden yaralama&#8221; kabahatlerinden 618 y\u0131la kadar mahpus istemiyle dava a\u00e7t\u0131. Kahramanmara\u015f 2. A\u011f\u0131r Ceza Mahkemesi&#8217;nde 11 Aral\u0131k 2024&#8217;te g\u00f6r\u00fclen d\u00f6rd\u00fcnc\u00fc duru\u015fmada savc\u0131, san\u0131k Sulay\u0131c\u0131&#8217;n\u0131n tutukluluk halinin devam\u0131n\u0131 istedi fakat mahkeme heyeti, Sulay\u0131c\u0131&#8217;y\u0131 &#8220;tutuklu kald\u0131\u011f\u0131 s\u00fcre&#8221;yi g\u00f6z \u00f6n\u00fcnde bulundurarak tahliye etti. Savc\u0131n\u0131n ve ailelerin itiraz\u0131 \u00fczerine Kahramanmara\u015f 3. A\u011f\u0131r Ceza Mahkemesi, Sulay\u0131c\u0131&#8217;n\u0131n tekrar tutuklanmas\u0131na karar verdi lakin s\u00fcre\u00e7te kay\u0131plara kar\u0131\u015fan san\u0131k Sulay\u0131c\u0131 bulunamad\u0131.<\/p>\n<p><b>16 K\u0130\u015e\u0130N\u0130N \u00d6LD\u00dc\u011e\u00dc ZELZELE DAVASINDA DA TUTUKLU SANIK KALMADI<\/b><\/p>\n<p>Hatay&#8217;da y\u0131k\u0131lan ve 16 ki\u015finin hayat\u0131n\u0131 kaybetti\u011fi Derya Apartman\u0131&#8217;na ait Hatay 1. A\u011f\u0131r Ceza Mahkemesi&#8217;nde 21 Ocak&#8217;ta g\u00f6r\u00fclen d\u00f6rd\u00fcnc\u00fc duru\u015fmada, savc\u0131 san\u0131k m\u00fcteahhit Ganim Emre Sahil&#8217;in tutukluluk halinin devam\u0131n\u0131 istedi. Mahkeme heyeti, Sahil&#8217;in &#8220;tutuklukta ge\u00e7irdi\u011fi s\u00fcre&#8221; gerek\u00e7esiyle tahliyesine karar verdi.<\/p>\n<p><b>&#8220;ADALET ARAMAKTAN VAZGE\u00c7MEYECE\u011e\u0130Z&#8221;<\/b><\/p>\n<p>Depremde yak\u0131nlar\u0131n\u0131 kaybedenler, binalar\u0131n m\u00fcteahhitlerine pe\u015f pe\u015fe tahliye karar\u0131 verilmesini ANKA Haber Ajans\u0131&#8217;na k\u0131ymetlendirdi.<\/p>\n<p>Adalet Pe\u015finde Aileleri Platformu temsilcisi D\u00f6ne Kaya: \u0130ki y\u0131l evvel binlerce insan\u0131 sevdi\u011finden ay\u0131ran 6 \u015eubat sars\u0131nt\u0131lar\u0131ndan sonra &#8216;Milletime bu ac\u0131lar\u0131 ya\u015fatan, sorumluluklar\u0131n\u0131 yerine getirmeyen adalet \u00f6n\u00fcnde bunun hesab\u0131n\u0131 verecek. Buradan ka\u00e7\u0131\u015f yok&#8217; diyenler bilsin ki sorumlular tek tek \u00f6zg\u00fcr b\u0131rak\u0131l\u0131yor. Binlerce insan\u0131n vefat\u0131na sebep olan sorumlular, &#8216;kocama hali, akli istikrar\u0131n\u0131n yerinde olmama hali, kan\u0131tlar\u0131 karartma ku\u015fkusu yok, tutuklukta kald\u0131\u011f\u0131 s\u00fcre&#8217; m\u00fcnasebetleriyle tek tek h\u00fcr b\u0131rak\u0131lmaktad\u0131r. Bir\u00e7ok ise daha yakalama karar\u0131 \u00e7\u0131kmadan firar etmi\u015ftir. Binalar\u0131n y\u0131k\u0131m\u0131nda en b\u00fcy\u00fck hisseye sahip olan kamu vazifelileri de hi\u00e7bir bi\u00e7imde cezaland\u0131r\u0131lmad\u0131. Bu tahliye kararlar\u0131 bin 100 ki\u015fi ve yak\u0131n\u0131n\u0131 bir defa daha enkaz alt\u0131nda b\u0131rakm\u0131\u015ft\u0131r. Biz adalet arayan aileler her g\u00fcn \u00f6b\u00fcr bir hukuksuzluk ile kar\u015f\u0131la\u015fmaktay\u0131z. Bu karar\u0131 verenler bilsin ki biz adalet aramaktan vazge\u00e7meyece\u011fiz. Ger\u00e7ek hatal\u0131lar hesap verene kadar \u00e7abam\u0131z devam edecek.\u00a0<\/p>\n<p><b>&#8220;ERDO\u011eAN&#8217;IN A\u00c7IKLAMASI D\u0130KKATE ALINMIYOR&#8221;<\/b><\/p>\n<p>R\u00f6nesans Rezidans&#8217;ta ailesini kaybeden avukat Ye\u015fim Toplu: Maalesef son 6 ay i\u00e7erisinde R\u00f6nesans Rezidans davas\u0131nda hem de \u00f6teki davalarda tahliye haberleri duyuyoruz. R\u00f6nesans Rezidans davas\u0131nda san\u0131k Lider Artun tek tabipten ald\u0131\u011f\u0131 raporla tahliye edildi. Bu karar hukuka al\u0131\u015f\u0131lmam\u0131\u015ft\u0131r. Cumhurba\u015fkan\u0131 Erdo\u011fan, 22 Mart 2023 tarihinde kat\u0131ld\u0131\u011f\u0131 canl\u0131 yay\u0131nda, zelzele soru\u015fturmalar\u0131na ait, &#8216;Milletime bu ac\u0131lar\u0131 ya\u015fatan, sorumluluklar\u0131n\u0131 yerine getirmeyen adalet \u00f6n\u00fcnde bunun hesab\u0131n\u0131 verecek. Buradan ka\u00e7\u0131\u015f yok&#8217; a\u00e7\u0131klamas\u0131nda bulunmu\u015ftu. Bu a\u00e7\u0131lama ya dikkate al\u0131nm\u0131yor ya da \u00f6teki konular var&#8230; Bu tahliye karar\u0131yla mutsuzuz. Bundan sonra tahliye karar\u0131 verilmesin.<\/p>\n<p><b>&#8220;M\u00dcTEAAHH\u0130T ERSOY YAKALANSIN&#8221;<\/b><\/p>\n<p>Palmiye Sitesi&#8217;nde ailesini kaybeden \u0130rem T\u00fcrkmener Karsl\u0131: Palmiye Sitesi&#8217;nin 26 Aral\u0131k 2024&#8217;teki duru\u015fmas\u0131nda tutuklanan m\u00fcteahhit Hac\u0131 Mehmet Ersoy yaln\u0131z 23 g\u00fcn tutuklu kal\u0131p &#8216;kocama hali&#8217; gerek\u00e7esiyle tahliye edilmi\u015fti. Bu tahliye karar\u0131na itiraz ettik ve itiraz\u0131m\u0131z\u0131 kabul eden Kahramanmara\u015f 4. A\u011f\u0131r Ceza Mahkemesi, m\u00fcteahhit Ersoy hakk\u0131nda yakalama karar\u0131 \u00e7\u0131kard\u0131. O g\u00fcnden bu yana san\u0131k Hac\u0131 Mehmet Ersoy tutuklanmam\u0131\u015ft\u0131r. Sonraki duru\u015fmam\u0131za gelecek mi, gelmeyecek mi g\u00f6rece\u011fiz. Umar\u0131m san\u0131k Ersoy bir an evvel yakalan\u0131r, bunun elimizden geleni yap\u0131yoruz. Adaletten de, emniyet g\u00fc\u00e7lerinden de bu i\u015f i\u00e7in elinden geleni yapt\u0131klar\u0131n\u0131 d\u00fc\u015f\u00fcn\u00fcyoruz.<\/p>\n","protected":false},"excerpt":{"rendered":"<p>Kahramanmara\u015f merkezli 6 \u015eubat sars\u0131nt\u0131lar\u0131nda bin 100 ki\u015finin hayat\u0131n\u0131 kaybetti\u011fi 13 binaya ait a\u00e7\u0131lan davalarda, son 6 ay i\u00e7inde verilen \u00e7e\u015fitli tahliye kararlar\u0131na aileler isyan etti. Ma\u011fdur aileler, &#8220;Bu kararlar\u0131 verenler bilsin ki biz adalet aramaktan vazge\u00e7meyece\u011fiz. Ger\u00e7ek hatal\u0131lar hesap verene kadar u\u011fra\u015f\u0131m\u0131z devam edecek&#8221; dedi.<\/p>\n","protected":false},"author":1,"featured_media":37722,"comment_status":"open","ping_status":"open","sticky":false,"template":"","format":"standard","meta":{"footnotes":""},"categories":[25],"tags":[148,285,149,3702,2904],"class_list":["post-37721","post","type-post","status-publish","format-standard","has-post-thumbnail","hentry","category-gundem","tag-dava","tag-deprem","tag-karar","tag-muteahhit","tag-tutuklu"],"_links":{"self":[{"href":"https:\/\/ikimisli.tr\/index.php\/wp-json\/wp\/v2\/posts\/37721","targetHints":{"allow":["GET"]}}],"collection":[{"href":"https:\/\/ikimisli.tr\/index.php\/wp-json\/wp\/v2\/posts"}],"about":[{"href":"https:\/\/ikimisli.tr\/index.php\/wp-json\/wp\/v2\/types\/post"}],"author":[{"embeddable":true,"href":"https:\/\/ikimisli.tr\/index.php\/wp-json\/wp\/v2\/users\/1"}],"replies":[{"embeddable":true,"href":"https:\/\/ikimisli.tr\/index.php\/wp-json\/wp\/v2\/comments?post=37721"}],"version-history":[{"count":1,"href":"https:\/\/ikimisli.tr\/index.php\/wp-json\/wp\/v2\/posts\/37721\/revisions"}],"predecessor-version":[{"id":37723,"href":"https:\/\/ikimisli.tr\/index.php\/wp-json\/wp\/v2\/posts\/37721\/revisions\/37723"}],"wp:featuredmedia":[{"embeddable":true,"href":"https:\/\/ikimisli.tr\/index.php\/wp-json\/wp\/v2\/media\/37722"}],"wp:attachment":[{"href":"https:\/\/ikimisli.tr\/index.php\/wp-json\/wp\/v2\/media?parent=37721"}],"wp:term":[{"taxonomy":"category","embeddable":true,"href":"https:\/\/ikimisli.tr\/index.php\/wp-json\/wp\/v2\/categories?post=37721"},{"taxonomy":"post_tag","embeddable":true,"href":"https:\/\/ikimisli.tr\/index.php\/wp-json\/wp\/v2\/tags?post=37721"}],"curies":[{"name":"wp","href":"https:\/\/api.w.org\/{rel}","templated":true}]}}