{"id":37741,"date":"2025-05-12T22:24:36","date_gmt":"2025-05-12T22:24:36","guid":{"rendered":"https:\/\/ikimisli.tr\/?p=37741"},"modified":"2025-05-12T22:24:36","modified_gmt":"2025-05-12T22:24:36","slug":"marstaki-bombardimanin-etkisi-tahminlerden-fazla-cikti","status":"publish","type":"post","link":"https:\/\/ikimisli.tr\/index.php\/2025\/05\/12\/marstaki-bombardimanin-etkisi-tahminlerden-fazla-cikti\/","title":{"rendered":"Mars&#8217;taki bombard\u0131man\u0131n etkisi tahminlerden fazla \u00e7\u0131kt\u0131"},"content":{"rendered":"<p>\u0130svi\u00e7re\u2019deki Bern \u00dcniversitesi\u2019nden Valentin Bickel ve grubunun yapt\u0131\u011f\u0131 \u00e7al\u0131\u015fmaya nazaran, bug\u00fcne kadar kaydedilen kimi marsquake olaylar\u0131, asl\u0131nda Mars\u2019a d\u00fc\u015fen g\u00f6kta\u015flar\u0131n\u0131n tesiriyle meydana gelmi\u015f olabilir. Bu bulu\u015f, Mars\u2019taki sismik aktivitelerin s\u0131kl\u0131\u011f\u0131 ve y\u00fczeyin dinamik yap\u0131s\u0131 hakk\u0131ndaki mevcut anlay\u0131\u015f\u0131n yine g\u00f6zden ge\u00e7irilmesi gerekti\u011fini g\u00f6steriyor.<\/p>\n<p>NASA\u2019n\u0131n 2018-2022 y\u0131llar\u0131 ortas\u0131nda \u00e7al\u0131\u015fan Mars InSight ini\u015f arac\u0131, gezegenin y\u00fczeyinin alt\u0131ndaki hareketleri tespit etmek emeliyle tasarlanm\u0131\u015ft\u0131. Bilim insanlar\u0131, Mars\u2019\u0131n jeolojik olarak b\u00fcy\u00fck \u00f6l\u00e7\u00fcde meyyit bir gezegen oldu\u011funu d\u00fc\u015f\u00fcn\u00fcyordu. Fakat InSight, misyonu m\u00fcddetince 1.300\u2019den fazla zelzele kaydetti.<\/p>\n<p>Ara\u015ft\u0131rmac\u0131lar, yapay zeka algoritmalar\u0131 kullanarak InSight\u2019\u0131n datalar\u0131yla Mars Reconnaissance Orbiter\u2019\u0131n HiRISE kameras\u0131n\u0131n \u00e7ekti\u011fi y\u00fczey imajlar\u0131n\u0131 kar\u015f\u0131la\u015ft\u0131rd\u0131. Yap\u0131lan tahlillerde bu s\u00fcre\u00e7te Mars y\u00fczeyinde 123 yeni krater olu\u015ftu\u011fu belirlendi. Elde edilen datalar, 49 sismik olay\u0131n direkt bir \u00e7arpma sonucu meydana geldi\u011fini g\u00f6sterdi.<\/p>\n<p><img decoding=\"async\" src=\"https:\/\/ikimisli.tr\/wp-content\/uploads\/2025\/05\/marstaki-bombardimanin-etkisi-tahminlerden-fazla-cikti-0-Od1113s7.webp\"\/><\/p>\n<p>Bu ke\u015fif, Mars\u2019\u0131n ge\u00e7mi\u015fte iddia edilenden 1.6 ila 2.5 kat daha fazla g\u00f6kta\u015f\u0131 \u00e7arpmas\u0131na maruz kald\u0131\u011f\u0131n\u0131 ortaya koyuyor. Gezegenin zay\u0131f atmosferi, b\u00fcy\u00fck g\u00f6k cisimlerinin y\u00fczeye ula\u015fmas\u0131n\u0131 kolayla\u015ft\u0131r\u0131yor ve bu da b\u00fcy\u00fck sismik olaylara yol a\u00e7\u0131yor.<\/p>\n<p>Ekip, Cerberus Fossae b\u00f6lgesinde olu\u015fan 21.5 metrelik yeni bir krateri ayr\u0131nt\u0131l\u0131 olarak inceledi. Bu b\u00f6lge, Mars\u2019\u0131n en etkin sismik alanlar\u0131ndan biri olarak biliniyordu. Lakin yap\u0131lan tahliller, buradaki kimi y\u00fcksek frekansl\u0131 sismik olaylar\u0131n asl\u0131nda i\u00e7sel zelzeleler de\u011fil, g\u00f6kta\u015f\u0131 \u00e7arpmalar\u0131n\u0131n tesiriyle olu\u015ftu\u011funu g\u00f6sterdi.<\/p>\n<p><img decoding=\"async\" src=\"https:\/\/ikimisli.tr\/wp-content\/uploads\/2025\/05\/marstaki-bombardimanin-etkisi-tahminlerden-fazla-cikti-1-vFcsBbKa.webp\"\/><\/p>\n<p>Ara\u015ft\u0131rmac\u0131lar ayr\u0131yeten, \u00e7arpma sonucu olu\u015fan sismik dalgalar\u0131n yaln\u0131zca y\u00fczeyde de\u011fil, Mars\u2019\u0131n manto katman\u0131na kadar n\u00fcfuz etti\u011fini belirledi. Daha evvel, bu dalgalar\u0131n sadece gezegenin kabu\u011funda sonlu kald\u0131\u011f\u0131 d\u00fc\u015f\u00fcn\u00fcl\u00fcyordu. Lakin yeni bulgular, Mars\u2019\u0131n i\u00e7 yap\u0131s\u0131n\u0131 haritaland\u0131rmak i\u00e7in kullan\u0131lan mevcut sismik modellerin g\u00f6zden ge\u00e7irilmesi gerekti\u011fini ortaya koyuyor.<\/p>\n<p>Londra\u2019daki Imperial College\u2019dan Constantinos Charalambous, yap\u0131lan ke\u015fiflerin Mars\u2019\u0131n i\u00e7 yap\u0131s\u0131 ve sars\u0131nt\u0131 merkezlerinin konumland\u0131r\u0131lmas\u0131n\u0131 de\u011fi\u015ftirebilece\u011fini belirterek, gezegenin sismik \u00f6zelliklerinin tekrar modellenmesi gerekti\u011fini vurgulad\u0131.<\/p>\n","protected":false},"excerpt":{"rendered":"<p>Mars\u2019ta meydana gelen g\u00fc\u00e7l\u00fc zelzeleler (marsquake), yaln\u0131zca gezegenin i\u00e7 yap\u0131s\u0131ndan de\u011fil, g\u00f6kta\u015f\u0131 \u00e7arpmalar\u0131ndan da kaynaklan\u0131yor. Yapay zeka kullan\u0131larak yap\u0131lan yeni bir ara\u015ft\u0131rma, Mars\u2019\u0131n san\u0131ld\u0131\u011f\u0131ndan \u00e7ok daha fazla g\u00f6kta\u015f\u0131 bombard\u0131man\u0131na maruz kald\u0131\u011f\u0131n\u0131 ve bu durumun gezegenin jeolojik yap\u0131s\u0131n\u0131 anlamada b\u00fcy\u00fck bir de\u011fi\u015fime yol a\u00e7abilece\u011fini g\u00f6sterdi.<\/p>\n","protected":false},"author":1,"featured_media":0,"comment_status":"open","ping_status":"open","sticky":false,"template":"","format":"standard","meta":{"footnotes":""},"categories":[31],"tags":[3623,322,4763,4637],"class_list":["post-37741","post","type-post","status-publish","format-standard","hentry","category-teknoloji","tag-gezegen","tag-mars","tag-sismik","tag-yuzey"],"_links":{"self":[{"href":"https:\/\/ikimisli.tr\/index.php\/wp-json\/wp\/v2\/posts\/37741","targetHints":{"allow":["GET"]}}],"collection":[{"href":"https:\/\/ikimisli.tr\/index.php\/wp-json\/wp\/v2\/posts"}],"about":[{"href":"https:\/\/ikimisli.tr\/index.php\/wp-json\/wp\/v2\/types\/post"}],"author":[{"embeddable":true,"href":"https:\/\/ikimisli.tr\/index.php\/wp-json\/wp\/v2\/users\/1"}],"replies":[{"embeddable":true,"href":"https:\/\/ikimisli.tr\/index.php\/wp-json\/wp\/v2\/comments?post=37741"}],"version-history":[{"count":1,"href":"https:\/\/ikimisli.tr\/index.php\/wp-json\/wp\/v2\/posts\/37741\/revisions"}],"predecessor-version":[{"id":37744,"href":"https:\/\/ikimisli.tr\/index.php\/wp-json\/wp\/v2\/posts\/37741\/revisions\/37744"}],"wp:attachment":[{"href":"https:\/\/ikimisli.tr\/index.php\/wp-json\/wp\/v2\/media?parent=37741"}],"wp:term":[{"taxonomy":"category","embeddable":true,"href":"https:\/\/ikimisli.tr\/index.php\/wp-json\/wp\/v2\/categories?post=37741"},{"taxonomy":"post_tag","embeddable":true,"href":"https:\/\/ikimisli.tr\/index.php\/wp-json\/wp\/v2\/tags?post=37741"}],"curies":[{"name":"wp","href":"https:\/\/api.w.org\/{rel}","templated":true}]}}