{"id":37750,"date":"2025-05-12T22:48:18","date_gmt":"2025-05-12T22:48:18","guid":{"rendered":"https:\/\/ikimisli.tr\/?p=37750"},"modified":"2025-05-12T22:48:18","modified_gmt":"2025-05-12T22:48:18","slug":"sinan-enginden-derbi-icin-surpriz-hakem-iddiasi","status":"publish","type":"post","link":"https:\/\/ikimisli.tr\/index.php\/2025\/05\/12\/sinan-enginden-derbi-icin-surpriz-hakem-iddiasi\/","title":{"rendered":"Sinan Engin&#8217;den derbi i\u00e7in s\u00fcrpriz hakem iddias\u0131"},"content":{"rendered":"<p>Eski futbolcu ve futbol yorumcusu Sinan Engin, t\u00fcm futbolseverlerin merakla bekledi\u011fi Galatasaray-Fenerbah\u00e7e derbisi hakk\u0131nda dikkat \u00e7eken bir savda bulundu.<\/p>\n<p>Deneyimli futbol adam\u0131, 24 \u015eubat Pazartesi g\u00fcn\u00fc oynanacak u\u011fra\u015f\u0131n hakemlerine ait konu\u015ftu.<\/p>\n<p><b>YABANCI HAKEM \u0130HT\u0130MAL\u0130<\/b><\/p>\n<p>Beyaz TV&#8217;de yay\u0131mlanan Beyaz Futbol program\u0131nda konu\u015fan Sinan Engin, derbiyi yabanc\u0131 hakem tak\u0131m\u0131n\u0131n y\u00f6netece\u011fini arg\u00fcman etti. Sinan Engin yapt\u0131\u011f\u0131 a\u00e7\u0131klamada &#8220;Galatasaray &#8211; Fenerbah\u00e7e derbisinin hakemi yabanc\u0131 olacak. VAR ve AVAR da yabanc\u0131 olacak. Avrupal\u0131 olacak. En uygun Avrupal\u0131 hakemi futbol federasyonu getirecek. Derbinin hakemi mutlak yabanc\u0131 olacak. Ma\u00e7\u0131n triosu yabanc\u0131 hakemlerden olu\u015facakt\u0131r. Y\u00fczde bir T\u00fcrk olma ihtimali var, o da olmaz. Avrupa&#8217;da \u00e7ok de\u011ferli hakemlerle temastalar. En d\u00fczg\u00fcn\u00fcn\u00fc ara\u015ft\u0131r\u0131yorlar.&#8221; s\u00f6zlerini kulland\u0131..<\/p>\n<p><b>&#8216;D\u00dcD\u00dc\u011e\u00dc ASILIR&#8217;<\/b><\/p>\n<p>TFF y\u00f6neticisi Ural Ak\u00fcz\u00fcm&#8217;\u00fcn, &#8220;T\u00fcrkiye&#8217;de 2024-2025 futbol d\u00f6neminin sonuna kadar T\u00fcrk hakemleri orta hakem olarak misyon yapacak.&#8221; a\u00e7\u0131klamas\u0131n\u0131 k\u0131ymetlendiren Sinan Engin, derbide hakemin T\u00fcrk olmas\u0131 durumunda ise ya\u015fanacak senaryolarla ilgili &#8220;Derbinin hakemi T\u00fcrk olursa, derbiden sonra onun d\u00fcd\u00fc\u011f\u00fc as\u0131l\u0131r. Ne kadar verirse versin kimse be\u011fenmez. T\u00fcrk hakem her vakit spek\u00fclasyon olur \u015fu ortamda.&#8221; de\u011ferlendirmesinde bulundu.<\/p>\n","protected":false},"excerpt":{"rendered":"<p>Eski futbolcu ve futbol yorumcusu Sinan Engin, Galatasaray-Fenerbah\u00e7e derbisi hakk\u0131nda dikkat \u00e7eken bir savda bulundu.<\/p>\n","protected":false},"author":1,"featured_media":37751,"comment_status":"open","ping_status":"open","sticky":false,"template":"","format":"standard","meta":{"footnotes":""},"categories":[30],"tags":[1052,227,163,3006],"class_list":["post-37750","post","type-post","status-publish","format-standard","has-post-thumbnail","hentry","category-spor","tag-futbol","tag-hakem","tag-turk","tag-yabanci"],"_links":{"self":[{"href":"https:\/\/ikimisli.tr\/index.php\/wp-json\/wp\/v2\/posts\/37750","targetHints":{"allow":["GET"]}}],"collection":[{"href":"https:\/\/ikimisli.tr\/index.php\/wp-json\/wp\/v2\/posts"}],"about":[{"href":"https:\/\/ikimisli.tr\/index.php\/wp-json\/wp\/v2\/types\/post"}],"author":[{"embeddable":true,"href":"https:\/\/ikimisli.tr\/index.php\/wp-json\/wp\/v2\/users\/1"}],"replies":[{"embeddable":true,"href":"https:\/\/ikimisli.tr\/index.php\/wp-json\/wp\/v2\/comments?post=37750"}],"version-history":[{"count":1,"href":"https:\/\/ikimisli.tr\/index.php\/wp-json\/wp\/v2\/posts\/37750\/revisions"}],"predecessor-version":[{"id":37752,"href":"https:\/\/ikimisli.tr\/index.php\/wp-json\/wp\/v2\/posts\/37750\/revisions\/37752"}],"wp:featuredmedia":[{"embeddable":true,"href":"https:\/\/ikimisli.tr\/index.php\/wp-json\/wp\/v2\/media\/37751"}],"wp:attachment":[{"href":"https:\/\/ikimisli.tr\/index.php\/wp-json\/wp\/v2\/media?parent=37750"}],"wp:term":[{"taxonomy":"category","embeddable":true,"href":"https:\/\/ikimisli.tr\/index.php\/wp-json\/wp\/v2\/categories?post=37750"},{"taxonomy":"post_tag","embeddable":true,"href":"https:\/\/ikimisli.tr\/index.php\/wp-json\/wp\/v2\/tags?post=37750"}],"curies":[{"name":"wp","href":"https:\/\/api.w.org\/{rel}","templated":true}]}}