{"id":37875,"date":"2025-05-13T06:24:19","date_gmt":"2025-05-13T06:24:19","guid":{"rendered":"https:\/\/ikimisli.tr\/?p=37875"},"modified":"2025-05-13T06:24:19","modified_gmt":"2025-05-13T06:24:19","slug":"kral-kaybederse-dizisinin-kenani-gercekte-bakin-hangi-is-insani-cikti","status":"publish","type":"post","link":"https:\/\/ikimisli.tr\/index.php\/2025\/05\/13\/kral-kaybederse-dizisinin-kenani-gercekte-bakin-hangi-is-insani-cikti\/","title":{"rendered":"Kral Kaybederse dizisinin Kenan&#8217;\u0131 ger\u00e7ekte bak\u0131n hangi i\u015f insan\u0131 \u00e7\u0131kt\u0131"},"content":{"rendered":"<p>Son g\u00fcnlerde ismi Seyahat Park\u0131 ve Ay\u015fe Bar\u0131m davalar\u0131 ile g\u00fcndeme gelen oyuncu Halit Ergen\u00e7, Star TV&#8217;de yay\u0131nlanan &#8216;Kral Kaybederse&#8217; dizisi ile d\u00f6rt y\u0131ll\u0131k ortadan sonra televizyon ekranlar\u0131na geri d\u00f6nd\u00fc.\u00a0<\/p>\n<p>Psikiyatrist ve muharrir G\u00fclseren Buday\u0131c\u0131o\u011flu&#8217;nun birebir isimli roman\u0131ndan uyarlanan Kral Kaybederse dizisinde ba\u015frol karakteri olan <strong>Kenan Baran<\/strong>&#8216;\u0131n ger\u00e7ekte kim oldu\u011fu tart\u0131\u015fmalara neden olurken, toplumsal medya fenomeni ve muharrir PuCCa, kitap \u00fczerine yapt\u0131\u011f\u0131 incelemelerin akabinde kelam konusu karakterin ger\u00e7ek hayatta hangi i\u015f insan\u0131n\u0131 anlatt\u0131\u011f\u0131n\u0131 buldu\u011funu \u00f6ne s\u00fcrd\u00fc.\u00a0<\/p>\n<p><strong>1934 DO\u011eUMLU VURAL&#8217;IN HAYATINI ANLATIYOR<\/strong><\/p>\n<p>PuCCa olarak tan\u0131nan P\u0131nar I\u015f\u0131k, \u00e7ekti\u011fi bir g\u00f6r\u00fcnt\u00fc ile dizi \u00fczerine incelemelerini payla\u015f\u0131rken, kitab\u0131 okuduktan sonra yapt\u0131\u011f\u0131 ara\u015ft\u0131rmalar sonucunda Kenan Baran karakterinin ger\u00e7ek hayatta <strong>&#8216;Orhan Gazi Vural&#8217;<\/strong> isimli bir erkek oldu\u011funu buldu\u011funu a\u00e7\u0131klad\u0131.<\/p>\n<p><img decoding=\"async\" src=\"https:\/\/ikimisli.tr\/wp-content\/uploads\/2025\/05\/kral-kaybederse-dizisinin-kenani-gercekte-bakin-hangi-is-insani-cikti-0-xy6rvf4r.webp\"\/><\/p>\n<p>I\u015f\u0131k&#8217;\u0131n sav\u0131na nazaran, Kenan Baran asl\u0131nda Orhan Gazi Vural isimli bir maden m\u00fchendisi. Kelam konusu tezin daha evvel kitapla ilgili olu\u015fturulan bir k\u00f6\u015fe yaz\u0131s\u0131na dayand\u0131\u011f\u0131n\u0131 \u00f6ne s\u00fcren I\u015f\u0131k, \u00e7e\u015fitli evraklarla bu bilginin yanl\u0131\u015fs\u0131z oldu\u011funu \u00f6ne s\u00fcrd\u00fc. Payla\u015f\u0131mda verilen ayr\u0131nt\u0131lara nazaran, 1934 do\u011fumlu Orhan Gazi Vural, Ses Mecmuas\u0131&#8217;n\u0131n artist m\u00fcsabakas\u0131na da kat\u0131lm\u0131\u015f ve \u00f6mr\u00fcn\u00fcn son g\u00fcnlerini huzurevinde ge\u00e7irerek hayata g\u00f6zlerini yummu\u015f.\u00a0<\/p>\n<p><strong>KRAL KAYBEDERSE D\u0130Z\u0130S\u0130N\u0130N KONUSU NE?<\/strong><\/p>\n<p>\u0130lk k\u0131sm\u0131 11 \u015eubat Sal\u0131 g\u00fcn\u00fc izleyicilerle bulu\u015fan &#8220;Kral Kaybederse&#8221;nin oyuncu tak\u0131m\u0131nda Halit Ergen\u00e7, Merve Dizdar, Asl\u0131han G\u00fcrb\u00fcz, Nilperi \u015eahinkaya, Murat Garipa\u011fao\u011flu, Cenan \u00c7amyurdu, Nalan Kuru\u00e7im, Cihan Talay, \u0130dil Yener, Ay\u015fen G\u00fcrler, Ali \u0130stek Kubilay ve Ferhat Y\u0131lmaz yer al\u0131yor.<\/p>\n<p>Y\u00f6netmen koltu\u011funda ise Ya\u011fmur Taylan, Durul Taylan ve Cem Toluay oturuyor.<\/p>\n<p><img decoding=\"async\" src=\"https:\/\/ikimisli.tr\/wp-content\/uploads\/2025\/05\/kral-kaybederse-dizisinin-kenani-gercekte-bakin-hangi-is-insani-cikti-1-hu1G5TTf.jpg\"\/><\/p>\n<p>Senaryosunu Ertan Kurtulan, Hareket Ak\u0131n ve Sedef Bayburtluo\u011flu G\u00fcrerk&#8217;in birlikte kaleme ald\u0131\u011f\u0131 dizi, Kenan Baran&#8217;\u0131 ve \u00e7alkant\u0131l\u0131 ilgilerini takip ediyor.<\/p>\n<p>Her bayan\u0131n arzulad\u0131\u011f\u0131, karizma ve \u00e7ekicili\u011fiyle dikkat \u00e7eken Kenan Baran, hem ba\u015far\u0131l\u0131 bir i\u015fadam\u0131 hem de kapal\u0131 m\u00fcnasebetleri olan bir adamd\u0131r. Evlili\u011fi d\u0131\u015far\u0131dan kusursuz g\u00f6z\u00fckse de e\u015fi Handan, Kenan\u2019\u0131n artan i\u015f seyahatlerinden \u015f\u00fcphelenmeye ba\u015flar.<\/p>\n<p>Cebinde buldu\u011fu bir bileklik, ku\u015fkular\u0131n\u0131 uygunca peki\u015ftirir ve ger\u00e7e\u011fi \u00f6\u011frenmek i\u00e7in harekete ge\u00e7er. Bu s\u0131rada maddi zorluklarla \u00e7aba eden Fadi, \u00fcniversiteden bir arkada\u015f\u0131 sayesinde Kenan\u2019\u0131n yerinde i\u015f bulur. Fadi, Kenan ile tan\u0131\u015ft\u0131ktan sonra ona b\u00fcy\u00fck bir hayranl\u0131k duyar ve Kenan\u2019\u0131 g\u00f6z\u00fcnde adeta bir kral taht\u0131na oturtur.<\/p>\n<p>\u00a0<\/p>\n<p>\u00a0<\/p>\n<p>\u00a0<\/p>\n<p>\u00a0<\/p>\n","protected":false},"excerpt":{"rendered":"<p>G\u00fclseren Buday\u0131c\u0131o\u011flu&#8217;nun kitab\u0131ndan uyarlanan ve ge\u00e7ti\u011fimiz hafta birinci k\u0131sm\u0131 yay\u0131nlanan &#8216;Kral Kaybederse&#8217; dizisinde Halit Ergen\u00e7&#8217;in hayat verdi\u011fi &#8216;Kenan Baran&#8217; isimli karakter toplumsal medyada g\u00fcndem oldu. M\u00fcellif ve toplumsal medya fenomeni PuCCa, Kenan Baran&#8217;\u0131n ger\u00e7ek hayatta hangi i\u015f insan\u0131n\u0131 temsil etti\u011fini a\u00e7\u0131klayan bir payla\u015f\u0131m yapt\u0131.<\/p>\n","protected":false},"author":1,"featured_media":37876,"comment_status":"open","ping_status":"open","sticky":false,"template":"","format":"standard","meta":{"footnotes":""},"categories":[27],"tags":[600,1033],"class_list":["post-37875","post","type-post","status-publish","format-standard","has-post-thumbnail","hentry","category-magazin","tag-dizi","tag-kral"],"_links":{"self":[{"href":"https:\/\/ikimisli.tr\/index.php\/wp-json\/wp\/v2\/posts\/37875","targetHints":{"allow":["GET"]}}],"collection":[{"href":"https:\/\/ikimisli.tr\/index.php\/wp-json\/wp\/v2\/posts"}],"about":[{"href":"https:\/\/ikimisli.tr\/index.php\/wp-json\/wp\/v2\/types\/post"}],"author":[{"embeddable":true,"href":"https:\/\/ikimisli.tr\/index.php\/wp-json\/wp\/v2\/users\/1"}],"replies":[{"embeddable":true,"href":"https:\/\/ikimisli.tr\/index.php\/wp-json\/wp\/v2\/comments?post=37875"}],"version-history":[{"count":1,"href":"https:\/\/ikimisli.tr\/index.php\/wp-json\/wp\/v2\/posts\/37875\/revisions"}],"predecessor-version":[{"id":37879,"href":"https:\/\/ikimisli.tr\/index.php\/wp-json\/wp\/v2\/posts\/37875\/revisions\/37879"}],"wp:featuredmedia":[{"embeddable":true,"href":"https:\/\/ikimisli.tr\/index.php\/wp-json\/wp\/v2\/media\/37876"}],"wp:attachment":[{"href":"https:\/\/ikimisli.tr\/index.php\/wp-json\/wp\/v2\/media?parent=37875"}],"wp:term":[{"taxonomy":"category","embeddable":true,"href":"https:\/\/ikimisli.tr\/index.php\/wp-json\/wp\/v2\/categories?post=37875"},{"taxonomy":"post_tag","embeddable":true,"href":"https:\/\/ikimisli.tr\/index.php\/wp-json\/wp\/v2\/tags?post=37875"}],"curies":[{"name":"wp","href":"https:\/\/api.w.org\/{rel}","templated":true}]}}