{"id":37887,"date":"2025-05-13T07:00:28","date_gmt":"2025-05-13T07:00:28","guid":{"rendered":"https:\/\/ikimisli.tr\/?p=37887"},"modified":"2025-05-13T07:00:28","modified_gmt":"2025-05-13T07:00:28","slug":"turkiyenin-kirmizi-et-devleri-hakkinda-inceleme-baslatildi","status":"publish","type":"post","link":"https:\/\/ikimisli.tr\/index.php\/2025\/05\/13\/turkiyenin-kirmizi-et-devleri-hakkinda-inceleme-baslatildi\/","title":{"rendered":"T\u00fcrkiye&#8217;nin k\u0131rm\u0131z\u0131 et devleri hakk\u0131nda inceleme ba\u015flat\u0131ld\u0131"},"content":{"rendered":"<p>Bakanl\u0131ktan edinilen bilgilere nazaran, VDK, i\u015flenmemi\u015f besin, akaryak\u0131t, demir-\u00e7elik, t\u00fct\u00fcn ve kuyum kesimlerinin akabinde g\u00f6z\u00fcn\u00fc k\u0131rm\u0131z\u0131 et kesimine dikti.<\/p>\n<p>K\u0131rm\u0131z\u0131 et dal\u0131na y\u00f6nelik risk tahlili ve saha \u00e7al\u0131\u015fmalar\u0131n\u0131 art\u0131ran gruplar, birinci evrede bilhassa b\u00f6l\u00fcme taraf veren 4 b\u00fcy\u00fck m\u00fckellefe ili\u015fkin b\u00fcy\u00fckba\u015f hayvan \u00fcretim yerlerine y\u00f6nelik fiili say\u0131m ger\u00e7ekle\u015ftirdi.<\/p>\n<p>Bu \u00fcreticilerin 7 vilayetteki tesislerinde saha kontrolleri yap\u0131ld\u0131, say\u0131mlar \u00f6teki vilayetlere yay\u0131larak devam edecek.<\/p>\n<p><img decoding=\"async\" src=\"https:\/\/ikimisli.tr\/wp-content\/uploads\/2025\/05\/turkiyenin-kirmizi-et-devleri-hakkinda-inceleme-baslatildi-0-qiXTQOhZ.jpg\"\/><\/p>\n<p>Vergi m\u00fcfetti\u015fleri uyumunda ger\u00e7ekle\u015ftirilen fiili say\u0131mlara gelir uzmanlar\u0131 ile Tar\u0131m ve Orman Bakanl\u0131\u011f\u0131na ba\u011fl\u0131 veteriner doktorlar de kat\u0131ld\u0131.<\/p>\n<p><b>&#8211; Riskli m\u00fckellefler incelemeye al\u0131nd\u0131<\/b><\/p>\n<p>Saha kontrollerinde, i\u015fletmelerdeki canl\u0131 hayvan varl\u0131\u011f\u0131na ve k\u00fcpelerine y\u00f6nelik de denetim yap\u0131ld\u0131.<\/p>\n<p>Bu s\u00fcre\u00e7te riskli bulunan m\u00fckellefler, vergi incelemesine al\u0131nd\u0131. Bu m\u00fckelleflerin 3 milyar liray\u0131 bulan kar\u0131n\u0131 kay\u0131t d\u0131\u015f\u0131 b\u0131rakt\u0131\u011f\u0131 belirlenirken, buna ait cezal\u0131 vergi tarhiyat\u0131 yap\u0131ld\u0131.<\/p>\n<p>Bakanl\u0131k tak\u0131mlar\u0131, gelecek haftalarda b\u00f6l\u00fcme y\u00f6nelik saha \u00e7al\u0131\u015fmalar\u0131n\u0131 geni\u015fletecek.<\/p>\n<p><img decoding=\"async\" src=\"https:\/\/ikimisli.tr\/wp-content\/uploads\/2025\/05\/turkiyenin-kirmizi-et-devleri-hakkinda-inceleme-baslatildi-1-fw1DXAPK.jpg\"\/><\/p>\n<p><b>&#8211; &#8220;Sekt\u00f6r\u00fcn sa\u011fl\u0131kl\u0131 geli\u015fmesini sa\u011flayaca\u011f\u0131z&#8221;<\/b><\/p>\n<p>Hazine ve Maliye Bakan\u0131 Mehmet \u015eim\u015fek, konuya ait de\u011ferlendirmesinde, vergi adaletini sa\u011flamak ve adil rekabeti m\u00fcdafaan\u0131n, \u00f6ncelikleri ortas\u0131nda yer ald\u0131\u011f\u0131n\u0131 belirterek, \u015funlar\u0131 kaydetti:<\/p>\n<p>&#8220;\u0130lgili bakanl\u0131klarla uyum ve i\u015fbirli\u011fi i\u00e7erisinde \u00e7al\u0131\u015f\u0131yoruz. Kay\u0131t d\u0131\u015f\u0131l\u0131kla faal \u00e7aba ederek, kesimin sa\u011fl\u0131kl\u0131 bi\u00e7imde geli\u015fmesini sa\u011flayaca\u011f\u0131z. Bu kontrollerle kay\u0131t d\u0131\u015f\u0131 faaliyetleri tespit ederek vergisel y\u00fck\u00fcml\u00fcl\u00fcklerin eksiksiz yerine getirilmesini ama\u00e7l\u0131yoruz. B\u00f6ylelikle, adil rekabet ortam\u0131 i\u00e7in piyasa bozucu fiilleri i\u015fleyenleri tespit ediyoruz.&#8221;<\/p>\n","protected":false},"excerpt":{"rendered":"<p>Hazine ve Maliye Bakanl\u0131\u011f\u0131 Vergi Denetim Kurulu (VDK), k\u0131rm\u0131z\u0131 et b\u00f6l\u00fcm\u00fcndeki kay\u0131t d\u0131\u015f\u0131l\u0131\u011f\u0131 yak\u0131n takibe al\u0131rken, b\u00f6l\u00fcm\u00fcn \u00f6nde gelen 4 b\u00fcy\u00fck \u00fcreticisine y\u00f6nelik kapsaml\u0131 inceleme yap\u0131ld\u0131 ve 3 milyar liral\u0131k kar\u0131n kay\u0131t d\u0131\u015f\u0131 b\u0131rak\u0131ld\u0131\u011f\u0131 saptand\u0131.<\/p>\n","protected":false},"author":1,"featured_media":37888,"comment_status":"open","ping_status":"open","sticky":false,"template":"","format":"standard","meta":{"footnotes":""},"categories":[25],"tags":[382,4841],"class_list":["post-37887","post","type-post","status-publish","format-standard","has-post-thumbnail","hentry","category-gundem","tag-vergi","tag-yon"],"_links":{"self":[{"href":"https:\/\/ikimisli.tr\/index.php\/wp-json\/wp\/v2\/posts\/37887","targetHints":{"allow":["GET"]}}],"collection":[{"href":"https:\/\/ikimisli.tr\/index.php\/wp-json\/wp\/v2\/posts"}],"about":[{"href":"https:\/\/ikimisli.tr\/index.php\/wp-json\/wp\/v2\/types\/post"}],"author":[{"embeddable":true,"href":"https:\/\/ikimisli.tr\/index.php\/wp-json\/wp\/v2\/users\/1"}],"replies":[{"embeddable":true,"href":"https:\/\/ikimisli.tr\/index.php\/wp-json\/wp\/v2\/comments?post=37887"}],"version-history":[{"count":1,"href":"https:\/\/ikimisli.tr\/index.php\/wp-json\/wp\/v2\/posts\/37887\/revisions"}],"predecessor-version":[{"id":37891,"href":"https:\/\/ikimisli.tr\/index.php\/wp-json\/wp\/v2\/posts\/37887\/revisions\/37891"}],"wp:featuredmedia":[{"embeddable":true,"href":"https:\/\/ikimisli.tr\/index.php\/wp-json\/wp\/v2\/media\/37888"}],"wp:attachment":[{"href":"https:\/\/ikimisli.tr\/index.php\/wp-json\/wp\/v2\/media?parent=37887"}],"wp:term":[{"taxonomy":"category","embeddable":true,"href":"https:\/\/ikimisli.tr\/index.php\/wp-json\/wp\/v2\/categories?post=37887"},{"taxonomy":"post_tag","embeddable":true,"href":"https:\/\/ikimisli.tr\/index.php\/wp-json\/wp\/v2\/tags?post=37887"}],"curies":[{"name":"wp","href":"https:\/\/api.w.org\/{rel}","templated":true}]}}