{"id":3803,"date":"2025-01-14T06:30:53","date_gmt":"2025-01-14T06:30:53","guid":{"rendered":"https:\/\/ikimisli.tr\/?p=3803"},"modified":"2025-01-14T06:30:53","modified_gmt":"2025-01-14T06:30:53","slug":"mirasi-cok-konusulmustu-ferdi-tayfurun-telif-geliri-dudak-ucuklatti","status":"publish","type":"post","link":"https:\/\/ikimisli.tr\/index.php\/2025\/01\/14\/mirasi-cok-konusulmustu-ferdi-tayfurun-telif-geliri-dudak-ucuklatti\/","title":{"rendered":"Miras\u0131 \u00e7ok konu\u015fulmu\u015ftu: Ferdi Tayfur&#8217;un telif geliri dudak u\u00e7uklatt\u0131"},"content":{"rendered":"<p>T\u00fcrk m\u00fczi\u011finin en \u00e7ok dinlenen isimleri ortas\u0131nda yer alan Ferdi Tayfur,\u00a0\u00e7oklu organ yetmezli\u011fi ve akci\u011fer \u00f6demi nedeniyle kald\u0131r\u0131ld\u0131\u011f\u0131 hastanede 79 ya\u015f\u0131nda hayat\u0131n\u0131 kaybederken, Tayfur&#8217;un geride b\u0131rakt\u0131\u011f\u0131 m\u00fclklerin listesi toplumsal medyada g\u00fcndem olmu\u015ftu.\u00a0<\/p>\n<p>Adana&#8217;da 50 daire, \u0130stanbul&#8217;da 30 daire ve 6 villan\u0131n yan\u0131 s\u0131ra, \u00e7ok say\u0131da in\u015faat projesinin yer ald\u0131\u011f\u0131 listenin b\u00fcy\u00fckl\u00fc\u011f\u00fcn\u00fcn akabinde, Tayfur&#8217;un tarihe ge\u00e7mi\u015f m\u00fcziklerinden elde etti\u011fi telif geliri de ortaya \u00e7\u0131kt\u0131.\u00a0<\/p>\n<p><img decoding=\"async\" src=\"https:\/\/ikimisli.tr\/wp-content\/uploads\/2025\/01\/mirasi-cok-konusulmustu-ferdi-tayfurun-telif-geliri-dudak-ucuklatti-0-RkySePCn.png\"\/><\/p>\n<p><strong>TEL\u0130F HAKLARINDAN YILDA 35 M\u0130LYON L\u0130RA KAZANIYORDU<\/strong><\/p>\n<p>Sabah&#8217;tan \u00d6mer Karahan&#8217;\u0131n haberine nazaran, halihaz\u0131rda dijital platformlarda en \u00e7ok dinlenen sanatkarlardan biri olan Tayfur, kendi m\u00fcziklerinden y\u0131lda 23 milyon TL&#8217;lik bir telif geliri elde etmekte. M\u00fczikleri d\u0131\u015f\u0131nda \u00fcretimci kimli\u011fiyle bilinen Tayfur&#8217;un telif haklar\u0131na sahip oldu\u011fu ba\u015fka m\u00fczikler arac\u0131l\u0131\u011f\u0131yla da y\u0131lda 12 milyon liray\u0131 a\u015fan bir telif geliri bulunmakta.\u00a0<\/p>\n<p>Toplamda y\u0131ll\u0131k 35, ayda ise 3 milyon liray\u0131 bulan telif haklar\u0131 geliri de Tayfur&#8217;un vefat\u0131yla birlikte yasal miras\u00e7\u0131lar\u0131na devredilecek.\u00a0<\/p>\n<p><strong>VAS\u0130YET\u0130NDE &#8216;\u00dcCRETS\u0130Z \u00c7ALINSIN&#8217; VURGUSU YAPMI\u015eTI\u00a0<\/strong><\/p>\n<p>Tayfur, ge\u00e7ti\u011fimiz y\u0131llarda konuk oldu\u011fu bir programda yap\u0131tlar\u0131 \u00fczerinden elde edilecek gelire ait &#8220;&#8221;Hayattayken de \u00f6ld\u00fc\u011f\u00fcm vakit da benim m\u00fcziklerimi herkes \u00f6deme yapmadan dinleyebilsinler diye s\u00f6yleyece\u011fim. Zira o m\u00fczikleri benim \u00e7ocuklar\u0131m ya da miras\u00e7\u0131lar\u0131m yapmad\u0131. Ben yapt\u0131m o m\u00fczikleri ve halk duysun diye, be\u015ferler faydalans\u0131n diye yapt\u0131m.&#8221; tabirlerini kullanm\u0131\u015ft\u0131. <img decoding=\"async\" src=\"https:\/\/ikimisli.tr\/wp-content\/uploads\/2025\/01\/mirasi-cok-konusulmustu-ferdi-tayfurun-telif-geliri-dudak-ucuklatti-1-BcD7f6N9.jpeg\"\/><\/p>\n<p>Tayfur&#8217;un kelam konusu vasiyetini resmiyete d\u00f6k\u00fcp d\u00f6kmedi\u011fi bilinmezken, vefat\u0131yla birlikte t\u00fcm dijital platformlarda en \u00e7ok dinlenen m\u00fczisyen haline d\u00f6n\u00fc\u015fen Tayfur&#8217;un telif gelirleri de bu art\u0131\u015fla ger\u00e7ek orant\u0131l\u0131 bi\u00e7imde y\u00fckselmi\u015f olacak.\u00a0<\/p>\n<p><strong>AVUKATI M\u0130RAS HABERLER\u0130N\u0130 YALANLAMI\u015eTI<\/strong><\/p>\n<p>Tayfur&#8217;un ta\u015f\u0131nmazlar\u0131n\u0131n toplam bedelinin 3 milyar liray\u0131 a\u015ft\u0131\u011f\u0131, bu nedenle 5 \u00e7ocu\u011fu ortas\u0131nda b\u00f6l\u00fc\u015fecek mallarla birlikte her \u00e7ocu\u011fa 600 milyon lira k\u0131ymetinde bir miras b\u0131rak\u0131laca\u011f\u0131 savlar\u0131n\u0131n akabinde a\u00e7\u0131klamalarda bulunan Tayfur&#8217;un avukat\u0131 Hakan Tamg\u00fc\u00e7, toplumsal medyada yay\u0131mlanan bilgilerin yanl\u0131\u015f oldu\u011funu duyurmu\u015ftu.\u00a0<\/p>\n<p>Habert\u00fcrk&#8217;e konu\u015fan Hakan Tamg\u00fc\u00e7, Ferdi Tayfur&#8217;un s\u0131hhatinde mahkemelik oldu\u011fu, soyad\u0131n\u0131 kullanmas\u0131na m\u00fcsaade vermedi\u011fi k\u0131z\u0131 Tu\u011f\u00e7e Tayfur Ayd\u0131n&#8217;\u0131n mirastan yararlan\u0131p &#8211; yararlanamayaca\u011f\u0131 bi\u00e7imindeki soruya ise bu mevzuda \u00e7al\u0131\u015fma yapt\u0131klar\u0131n\u0131, yak\u0131n vakitte bir a\u00e7\u0131klamada bulunacaklar\u0131n\u0131 belirterek cevap verdi.\u00a0<\/p>\n","protected":false},"excerpt":{"rendered":"<p>Ge\u00e7ti\u011fimiz hafta hayat\u0131n\u0131 kaybederek sanat toplulu\u011funu yasa bo\u011fan Ferdi Tayfur, geride b\u0131rakt\u0131\u011f\u0131 mal varl\u0131\u011f\u0131yla da g\u00fcnlerce man\u015fetlerden d\u00fc\u015fmedi. \u00dcnl\u00fc sanatkar\u0131n sahip oldu\u011fu m\u00fclklerin yan\u0131 s\u0131ra, telif haklar\u0131ndan elde etti\u011fi y\u0131ll\u0131k gelir de duyanlar\u0131n adeta dudaklar\u0131n\u0131 u\u00e7uklat\u0131yor.<\/p>\n","protected":false},"author":1,"featured_media":3804,"comment_status":"open","ping_status":"open","sticky":false,"template":"","format":"standard","meta":{"footnotes":""},"categories":[25],"tags":[174,100,1036,1035,1034],"class_list":["post-3803","post","type-post","status-publish","format-standard","has-post-thumbnail","hentry","category-gundem","tag-lira","tag-milyon","tag-miras","tag-sarkilari","tag-telif"],"_links":{"self":[{"href":"https:\/\/ikimisli.tr\/index.php\/wp-json\/wp\/v2\/posts\/3803","targetHints":{"allow":["GET"]}}],"collection":[{"href":"https:\/\/ikimisli.tr\/index.php\/wp-json\/wp\/v2\/posts"}],"about":[{"href":"https:\/\/ikimisli.tr\/index.php\/wp-json\/wp\/v2\/types\/post"}],"author":[{"embeddable":true,"href":"https:\/\/ikimisli.tr\/index.php\/wp-json\/wp\/v2\/users\/1"}],"replies":[{"embeddable":true,"href":"https:\/\/ikimisli.tr\/index.php\/wp-json\/wp\/v2\/comments?post=3803"}],"version-history":[{"count":1,"href":"https:\/\/ikimisli.tr\/index.php\/wp-json\/wp\/v2\/posts\/3803\/revisions"}],"predecessor-version":[{"id":3807,"href":"https:\/\/ikimisli.tr\/index.php\/wp-json\/wp\/v2\/posts\/3803\/revisions\/3807"}],"wp:featuredmedia":[{"embeddable":true,"href":"https:\/\/ikimisli.tr\/index.php\/wp-json\/wp\/v2\/media\/3804"}],"wp:attachment":[{"href":"https:\/\/ikimisli.tr\/index.php\/wp-json\/wp\/v2\/media?parent=3803"}],"wp:term":[{"taxonomy":"category","embeddable":true,"href":"https:\/\/ikimisli.tr\/index.php\/wp-json\/wp\/v2\/categories?post=3803"},{"taxonomy":"post_tag","embeddable":true,"href":"https:\/\/ikimisli.tr\/index.php\/wp-json\/wp\/v2\/tags?post=3803"}],"curies":[{"name":"wp","href":"https:\/\/api.w.org\/{rel}","templated":true}]}}