{"id":38096,"date":"2025-05-13T19:00:22","date_gmt":"2025-05-13T19:00:22","guid":{"rendered":"https:\/\/ikimisli.tr\/?p=38096"},"modified":"2025-05-13T19:00:22","modified_gmt":"2025-05-13T19:00:22","slug":"sultangazide-supheli-olum-kaza-mi-cinayet-mi","status":"publish","type":"post","link":"https:\/\/ikimisli.tr\/index.php\/2025\/05\/13\/sultangazide-supheli-olum-kaza-mi-cinayet-mi\/","title":{"rendered":"Sultangazi&#8217;de \u015f\u00fcpheli \u00f6l\u00fcm: Kaza m\u0131, cinayet mi?"},"content":{"rendered":"<p>Olay, d\u00fcn saat 19.00 s\u0131ralar\u0131nda Cebeci Mahallesi 2015. Sokakta meydana geldi. Edinilen bilgiye nazaran, 112 Davet Merkezi&#8217;ne yap\u0131lan ihbarda Faruk Kalburcu&#8217;nun silah\u0131n\u0131 temizledi\u011fi s\u0131rada ate\u015f almas\u0131 sonucunda yaraland\u0131\u011f\u0131 ihbar\u0131 yap\u0131ld\u0131. \u0130hbar \u00fczerine olay yerine sevk edilen polis tak\u0131mlar\u0131 bina giri\u015finde g\u00fcvenlik tedbiri al\u0131rken meskene giren s\u0131hhat gruplar\u0131 Faruk Kalburcu&#8217;yu birinci m\u00fcdahalesinin akabinde hastaneye kald\u0131rd\u0131. Hastanede yap\u0131lan t\u00fcm m\u00fcdahalelere kar\u015f\u0131n hayat\u0131n\u0131 kaybeden Kalburcu&#8217;nun cenazesi Adli T\u0131p Kurumu Morgu&#8217;na kald\u0131r\u0131ld\u0131.<\/p>\n<p><b>&#8216;E\u015e\u0130 VE BALDIZI PLANLADI&#8217;<\/b><\/p>\n<p>Kalburcu&#8217;nun cenazesini teslim almaya memleketi Gaziantep&#8217;ten gelen baba \u0130sa Ba\u011fdatl\u0131, olay\u0131n silah pakl\u0131\u011f\u0131 s\u0131ras\u0131nda ya\u015fanmad\u0131\u011f\u0131n\u0131 \u00f6ne s\u00fcrd\u00fc. Ba\u011fdatl\u0131&#8217;n\u0131n tezine nazaran, o\u011flunun bald\u0131z\u0131 \u00c7i\u011fdem B.&#8217;nin e\u015fi 3 y\u0131l evvel vefat etti. \u00c7i\u011fdem B.&#8217;nin o g\u00fcnden beri silah ta\u015f\u0131d\u0131\u011f\u0131n\u0131 tez eden ac\u0131l\u0131 baba \u0130sa Ba\u011fdatl\u0131 olay g\u00fcn\u00fc \u00c7i\u011fdem B.&#8217;nin ablas\u0131 P\u0131nar Kalburcu&#8217;yu konutuna ziyarete geldi\u011fini \u00f6ne s\u00fcrd\u00fc. E\u015fiyle bir m\u00fcddettir s\u0131k\u0131nt\u0131lar ya\u015fayan P\u0131nar Kalburcu ise karde\u015fi \u00c7i\u011fdem B. ile plan yaparak e\u015fini \u00f6ld\u00fcrd\u00fc. Cinayette kullan\u0131lan silah ise, \u00f6len Faruk Kalburcu&#8217;nun bald\u0131z\u0131n\u0131n silah\u0131yd\u0131. Polise ihbarda bulunarak olay\u0131n silah pakl\u0131\u011f\u0131 yaparken kazara ger\u00e7ekle\u015fti\u011fi s\u00f6yledikleri \u00f6\u011frenildi. Polis, olayla ilgili geni\u015f \u00e7apl\u0131 soru\u015fturma ba\u015flat\u0131rken Kalburcu&#8217;nun e\u015fi P\u0131nar Kalburcu ve bald\u0131z\u0131 \u00c7i\u011fdem B. g\u00f6zalt\u0131na al\u0131nd\u0131.<\/p>\n<p><b>&#8216;BALDIZ S\u0130LAHINI DEVAMLI YANINDA TA\u015eIR&#8217;<\/b><\/p>\n<p>O\u011flu Faruk Kalburcu&#8217;nun cenazesini Ali T\u0131p Kurumu&#8217;na gelerek teslim alan \u0130sa Ba\u011fdatl\u0131, &#8220;Ben \u00f6len Faruk Kalburcu&#8217;nun babas\u0131y\u0131m. Gaziantep&#8217;ten geldim. Aile ortas\u0131nda olmu\u015f. Bald\u0131z\u0131 Urfa&#8217;dan konuk gelmi\u015f. Bald\u0131z devaml\u0131 silah\u0131n\u0131 yan\u0131nda ta\u015f\u0131r. Olay nas\u0131l oldu bilmiyorum. Onun e\u015fi 2-3 y\u0131l evvel vefat etti. Bald\u0131z \u00c7i\u011fdem B. 35 ya\u015flar\u0131nda var. Daima yanlar\u0131na gelir, benim o\u011flan\u0131n meskenine daima gelir sarfiyat. Bizim konuta de Gaziantep&#8217;e de gelirler, konuk olurlar. Ortalar\u0131nda bir has\u0131ml\u0131k yok. 2 g\u00fcn evvel gelin tencereleri \u00e7ekerken &#8216;B\u0131\u00e7ak boynuma d\u00fc\u015ft\u00fc boynum yaraland\u0131&#8217; dedi. Gelin P\u0131nar Kalburcu ve bald\u0131z planl\u0131 bir \u015feyler yapt\u0131lar ancak a\u00e7\u0131\u011fa \u00e7\u0131karm\u0131yorlar&#8221; dedi.<\/p>\n<p><b>&#8216;SIRTINDAN 2 MERM\u0130YLE VURULMU\u015e&#8217;<\/b><\/p>\n<p>\u00d6len Faruk Kalburcu&#8217;nun day\u0131s\u0131n\u0131n o\u011flu Hakan Y\u0131ld\u0131z ise &#8220;07.30-08.00 \u00fczere bize haber geldi ge\u00e7mi\u015f buraya kimse gelmedi biz baya\u011f\u0131d\u0131r buraday\u0131z. Day\u0131m bizi arad\u0131 dedi ki benim o\u011flan \u00f6lm\u00fc\u015f. Ara\u015ft\u0131rma yapt\u0131k, Haseki Devlet Hastanesi&#8217;ne gittik. Memurlar dedi ki \u015fu an savc\u0131lar\u0131n buyru\u011fu var g\u00f6remezsiniz. Son olarak te\u015fhis i\u00e7in savc\u0131 han\u0131m bizi \u00e7a\u011f\u0131rd\u0131, foto\u011fraf\u0131n\u0131 g\u00f6sterdiler. Amcamla i\u00e7eri girdik, s\u0131rt\u0131ndan vurulmu\u015f. S\u0131rt\u0131ndan 2 mermiyle vurulmu\u015f. Bir de d\u00fc\u015ft\u00fc\u011f\u00fc an aln\u0131nda bir iz vard\u0131. Bir arbede mi olmu\u015f onu bilmiyorum. Bu ailede en zarars\u0131z insand\u0131. Kimsenin ne laf\u0131n\u0131 eder ne arbede eder ne konu\u015fur. Kimseyi incitmeyecek bir insand\u0131. Ne olduysa o iki k\u0131z karde\u015f ortas\u0131nda bir \u015feyler oldu. Ben day\u0131s\u0131n\u0131n o\u011flu say\u0131l\u0131r\u0131m, t\u0131pk\u0131 mahallede oturuyoruz. Bana haberi day\u0131lar\u0131m\u0131n \u00e7ocuklar\u0131 verdi. Beni arad\u0131lar, bu t\u00fcrl\u00fc bir s\u00f6ylenti var diye. Ben burada oldu\u011fum i\u00e7in mahalledekilere bir telefon a\u00e7t\u0131m. Birden olunca do\u011frulu\u011fundan emin olamad\u0131k, bir ku\u015fku i\u00e7indeydik. Haseki Devlet Hastanesine g\u00f6t\u00fcr\u00fcld\u00fc\u011f\u00fcn\u00fc s\u00f6ylediler. Hastaneye gitti\u011fimizde memur bey \u00f6ld\u00fc\u011f\u00fcn\u00fc s\u00f6yledi. Bald\u0131z\u0131 ve e\u015fi o s\u0131rada karakoldayd\u0131lar. \u0130simli hadise oldu\u011fu i\u00e7in kimseye g\u00f6r\u00fc\u015ft\u00fcrmediler. Duydu\u011fuma nazaran e\u015fi &#8216;Silah benim elimdeydi&#8217; diye tabir vermi\u015f. K\u00fclfetli bir insan olsa derim ki bu insan s\u0131k\u0131nt\u0131l\u0131, belal\u0131, do\u011fu\u015f\u00e7u bir insan; lakin Faruk o denli bir insan de\u011fildi&#8221; tabirlerini kulland\u0131.<\/p>\n<p><b>&#8216;B\u0130R \u00c7OCUK \u0130ND\u0130; BABAMI VURDULAR&#8217; DED\u0130&#8217;<\/b><\/p>\n<p>Mahalle esnaf\u0131 S.\u00d6. ise olaydan sonra ya\u015fananlar\u0131 anlatarak, &#8220;D\u00fcn gece saatlerinde saat 23.00- 00.00 saatlerinde bir ses duydum. \u0130ki bayan a\u015fa\u011f\u0131 indi. Birinci ba\u015fta k\u0131z\u0131m\u0131 vurdular. Ko\u015fa ko\u015fa gittim yard\u0131m etmeye ondan sonra iki bayan daha a\u015fa\u011f\u0131 indi. Bu sefer de &#8216;Cinayet var, cinayet oldu diye ba\u011f\u0131rd\u0131lar&#8217; sonra i\u00e7eri girmeye kalk\u0131\u015fmad\u0131m korktum. \u00c7ok vahimdi. Sonra a\u015fa\u011f\u0131dan bir k\u00fc\u00e7\u00fck \u00e7ocuk indi o da art taraftan doland\u0131. En son bakt\u0131\u011f\u0131mda &#8216;Babam\u0131 vurdular&#8217; dedi. Polisler gelmeye ba\u015flad\u0131 iki ambulans grubu geldi. Bir adli t\u0131p kurumu arac\u0131 geldi&#8221; diye konu\u015ftu. Ailesi taraf\u0131ndan \u0130simli T\u0131p Kurumu&#8217;ndan teslim al\u0131nan Faruk Kalburcu&#8217;nun cenazesinin pazartesi g\u00fcn\u00fc memleketi Gaziantep \u015eahinbey Ye\u015filkent Mezarl\u0131\u011f\u0131&#8217;nda topra\u011fa verilece\u011fi \u00f6\u011frenildi.<\/p>\n","protected":false},"excerpt":{"rendered":"<p>Sultangazi&#8217;de konutta temizlenen silah\u0131n ate\u015f almas\u0131 sonucu hastaneye kald\u0131r\u0131lan evli ve 3 \u00e7ocuk babas\u0131 Faruk Kalburcu (46) hayat\u0131n\u0131 kaybetti. Kalburcu&#8217;nun cenazesini \u0130simli T\u0131p Kurumu&#8217;ndan teslim almaya gelen ailesi olay\u0131n kaza olmad\u0131\u011f\u0131n\u0131 Kalburcu&#8217;nun e\u015fi P\u0131nar Kalburcu (40) ve meskenini ziyarete gelen bald\u0131z\u0131 \u00c7i\u011fdem B. (33) taraf\u0131ndan \u00f6ld\u00fcr\u00fcld\u00fc\u011f\u00fcn\u00fc sav ederken polis olayla ilgili soru\u015fturma ba\u015flatt\u0131.<\/p>\n","protected":false},"author":1,"featured_media":38097,"comment_status":"open","ping_status":"open","sticky":false,"template":"","format":"standard","meta":{"footnotes":""},"categories":[25],"tags":[2819,66,711,171,84],"class_list":["post-38096","post","type-post","status-publish","format-standard","has-post-thumbnail","hentry","category-gundem","tag-baldizi","tag-geldi","tag-insan","tag-olay","tag-silah"],"_links":{"self":[{"href":"https:\/\/ikimisli.tr\/index.php\/wp-json\/wp\/v2\/posts\/38096","targetHints":{"allow":["GET"]}}],"collection":[{"href":"https:\/\/ikimisli.tr\/index.php\/wp-json\/wp\/v2\/posts"}],"about":[{"href":"https:\/\/ikimisli.tr\/index.php\/wp-json\/wp\/v2\/types\/post"}],"author":[{"embeddable":true,"href":"https:\/\/ikimisli.tr\/index.php\/wp-json\/wp\/v2\/users\/1"}],"replies":[{"embeddable":true,"href":"https:\/\/ikimisli.tr\/index.php\/wp-json\/wp\/v2\/comments?post=38096"}],"version-history":[{"count":1,"href":"https:\/\/ikimisli.tr\/index.php\/wp-json\/wp\/v2\/posts\/38096\/revisions"}],"predecessor-version":[{"id":38098,"href":"https:\/\/ikimisli.tr\/index.php\/wp-json\/wp\/v2\/posts\/38096\/revisions\/38098"}],"wp:featuredmedia":[{"embeddable":true,"href":"https:\/\/ikimisli.tr\/index.php\/wp-json\/wp\/v2\/media\/38097"}],"wp:attachment":[{"href":"https:\/\/ikimisli.tr\/index.php\/wp-json\/wp\/v2\/media?parent=38096"}],"wp:term":[{"taxonomy":"category","embeddable":true,"href":"https:\/\/ikimisli.tr\/index.php\/wp-json\/wp\/v2\/categories?post=38096"},{"taxonomy":"post_tag","embeddable":true,"href":"https:\/\/ikimisli.tr\/index.php\/wp-json\/wp\/v2\/tags?post=38096"}],"curies":[{"name":"wp","href":"https:\/\/api.w.org\/{rel}","templated":true}]}}