{"id":38226,"date":"2025-05-14T04:24:17","date_gmt":"2025-05-14T04:24:17","guid":{"rendered":"https:\/\/ikimisli.tr\/?p=38226"},"modified":"2025-05-14T04:24:17","modified_gmt":"2025-05-14T04:24:17","slug":"kerem-yavas-bizim-icin-uzucu-oldu","status":"publish","type":"post","link":"https:\/\/ikimisli.tr\/index.php\/2025\/05\/14\/kerem-yavas-bizim-icin-uzucu-oldu\/","title":{"rendered":"Kerem Yava\u015f: Bizim i\u00e7in \u00fcz\u00fcc\u00fc oldu"},"content":{"rendered":"<p>ikas Ey\u00fcpspor Teknik Sorumlusu Kerem Yava\u015f, Trendyol Harika Lig&#8217;in 24. haftas\u0131nda Bellona Kayserispor ile 1-1 berabere kald\u0131klar\u0131 ma\u00e7\u0131n akabinde d\u00fczenlenen bas\u0131n toplant\u0131s\u0131nda a\u00e7\u0131klamalarda bulundu.<\/p>\n<p>Ma\u00e7a g\u00fczel ba\u015flayamad\u0131klar\u0131n\u0131 belirten Kerem Yava\u015f, &#8220;Sonucunda \u00fcz\u00fcld\u00fc\u011f\u00fcm\u00fcz bir ma\u00e7 oldu. Bu h\u00fczn\u00fcn birinci sebebi kendi konutumuzda birinci yar\u0131daki oyunumuz. Ma\u00e7a hi\u00e7 beklemedi\u011fimiz \u00fczere ve bize yak\u0131\u015fmayan bir halde dingin, isteksiz, ritimsiz ba\u015flad\u0131k. Atakta kolay top kay\u0131plar\u0131 yapt\u0131k. Tahminen de bu d\u00f6nemin en mak\u00fbs 45 dakikas\u0131n\u0131 oynad\u0131k. \u0130kinci yar\u0131ya daha i\u015ftahl\u0131 ba\u015flad\u0131k. Ba\u015flarda buldu\u011fumuz gol bizim ismimize olumluydu. \u0130kinci \u00fcz\u00fcld\u00fc\u011f\u00fcm\u00fcz nokta ise beraberlik gol\u00fcn\u00fc yedi\u011fimiz dakikayd\u0131. Konsantrasyon eksikli\u011fi ya\u015fad\u0131k. Top aya\u011f\u0131m\u0131zdayken rakibe kolay bir halde korner baht\u0131 verdik. Son dakikalarda yedi\u011fimiz golle berabere kalmak bizim i\u00e7in \u00fcz\u00fcc\u00fc oldu&#8221; diye konu\u015ftu.<\/p>\n<p>Yava\u015f, ligde 23 ma\u00e7\u0131 geride b\u0131rakt\u0131klar\u0131n\u0131 aktararak &#8220;Sezon ba\u015f\u0131nda belirledi\u011fimiz ligde kalma amac\u0131m\u0131za ula\u015ft\u0131k. Sonras\u0131nda da 13 hafta var. Bu s\u00fcre\u00e7te ama\u00e7s\u0131z kalmak k\u00fclfetli bir \u015feydir. Biz de yeni gayemizi birinci 5 olarak belirledik. \u015eu anda da o durumday\u0131z. Bunu muhafaza ismine de\u011ferli bir kar\u015f\u0131la\u015fmayd\u0131. Bug\u00fcn alaca\u011f\u0131m\u0131z 3 puan bizi avantajl\u0131 duruma getirecekti. Fakat buna m\u00fcspet y\u00f6nden bak\u0131yoruz. Ligde birinci kere u\u011fra\u015f eden Ey\u00fcpspor olarak 24. haftada Be\u015fikta\u015f ile d\u00f6rd\u00fcnc\u00fcl\u00fck konumu i\u00e7in gayret edece\u011fiz. D\u00f6nem ba\u015f\u0131nda bu bize inand\u0131r\u0131c\u0131 gelmeyebilirdi lakin bizim i\u00e7in uygun giden bir s\u00fcre\u00e7 var. Bug\u00fcnk\u00fc beraberlik i\u00e7in \u00fczg\u00fcn\u00fcz lakin bunu telafi edecek g\u00fcc\u00fcm\u00fcz var. Bunu burada b\u0131rak\u0131p \u00e7abuk formda cuma g\u00fcn\u00fc bedelli bir rakibe kar\u015f\u0131 verece\u011fimiz \u00e7abaya haz\u0131rlanmaya \u00e7al\u0131\u015faca\u011f\u0131z.&#8221;<\/p>\n<p><b>Jakirovic: Beraberlik gol\u00fcn\u00fc hak ettik<\/b><\/p>\n<p>Bellona Kayserispor Teknik Y\u00f6neticisi Sergej Jakirovic ise uzatmada gelen beraberlik gol\u00fcn\u00fc hak ettiklerini lisana getirdi.<\/p>\n<p>Tak\u0131m\u0131n\u0131 g\u00f6sterdi\u011fi performanstan \u00f6t\u00fcr\u00fc tebrik eden Bosna Hersekli teknik adam, &#8220;Tak\u0131m\u0131m\u0131 kutluyorum. Bug\u00fcn \u00e7ok d\u00fczg\u00fcn u\u011fra\u015f ettiler, \u00e7ok yeterli bir ma\u00e7 \u00e7\u0131kard\u0131lar. Taktiksel plan\u0131 alanda harfiyen uygulad\u0131lar. Savunmada yaln\u0131zca bir yan\u0131lg\u0131 yapt\u0131k. Rakibimiz de bu yanl\u0131\u015f\u0131m\u0131z\u0131 cezaland\u0131rd\u0131. Lakin pes etmedik. Ma\u00e7\u0131n sonuna kadar geri d\u00f6nmek i\u00e7in \u00e7aba ettik ve d\u00f6rt k\u0131ymetli gol f\u0131rsat\u0131 yakalad\u0131k. Ma\u00e7\u0131n sonunda da beraberlik gol\u00fcn\u00fc bulduk. Bu gol\u00fc de hak etti\u011fimizi d\u00fc\u015f\u00fcn\u00fcyorum. Bu t\u00fcrl\u00fc devam etmemiz gerekiyor. Bundan sonra da puan yahut puanlar almaya devam edece\u011fiz.&#8221; de\u011ferlendirmesinde bulundu.<\/p>\n","protected":false},"excerpt":{"rendered":"<p>Ey\u00fcpspor Teknik Sorumlusu Kerem Yava\u015f, Kayserispor ma\u00e7\u0131n\u0131n akabinde uzatmalarda yedikleri golle 1-1 berabere kald\u0131klar\u0131 i\u00e7in \u00fczg\u00fcn olduklar\u0131n\u0131 s\u00f6yledi.<\/p>\n","protected":false},"author":1,"featured_media":38227,"comment_status":"open","ping_status":"open","sticky":false,"template":"","format":"standard","meta":{"footnotes":""},"categories":[30],"tags":[3901,346,229,1760],"class_list":["post-38226","post","type-post","status-publish","format-standard","has-post-thumbnail","hentry","category-spor","tag-beraberlik","tag-gol","tag-mac","tag-mucadele"],"_links":{"self":[{"href":"https:\/\/ikimisli.tr\/index.php\/wp-json\/wp\/v2\/posts\/38226","targetHints":{"allow":["GET"]}}],"collection":[{"href":"https:\/\/ikimisli.tr\/index.php\/wp-json\/wp\/v2\/posts"}],"about":[{"href":"https:\/\/ikimisli.tr\/index.php\/wp-json\/wp\/v2\/types\/post"}],"author":[{"embeddable":true,"href":"https:\/\/ikimisli.tr\/index.php\/wp-json\/wp\/v2\/users\/1"}],"replies":[{"embeddable":true,"href":"https:\/\/ikimisli.tr\/index.php\/wp-json\/wp\/v2\/comments?post=38226"}],"version-history":[{"count":1,"href":"https:\/\/ikimisli.tr\/index.php\/wp-json\/wp\/v2\/posts\/38226\/revisions"}],"predecessor-version":[{"id":38228,"href":"https:\/\/ikimisli.tr\/index.php\/wp-json\/wp\/v2\/posts\/38226\/revisions\/38228"}],"wp:featuredmedia":[{"embeddable":true,"href":"https:\/\/ikimisli.tr\/index.php\/wp-json\/wp\/v2\/media\/38227"}],"wp:attachment":[{"href":"https:\/\/ikimisli.tr\/index.php\/wp-json\/wp\/v2\/media?parent=38226"}],"wp:term":[{"taxonomy":"category","embeddable":true,"href":"https:\/\/ikimisli.tr\/index.php\/wp-json\/wp\/v2\/categories?post=38226"},{"taxonomy":"post_tag","embeddable":true,"href":"https:\/\/ikimisli.tr\/index.php\/wp-json\/wp\/v2\/tags?post=38226"}],"curies":[{"name":"wp","href":"https:\/\/api.w.org\/{rel}","templated":true}]}}