{"id":38273,"date":"2025-05-14T08:36:17","date_gmt":"2025-05-14T08:36:17","guid":{"rendered":"https:\/\/ikimisli.tr\/?p=38273"},"modified":"2025-05-14T08:36:17","modified_gmt":"2025-05-14T08:36:17","slug":"hastalar-kime-emanet-hastanede-dehset-sacan-doktor-tutuklandi","status":"publish","type":"post","link":"https:\/\/ikimisli.tr\/index.php\/2025\/05\/14\/hastalar-kime-emanet-hastanede-dehset-sacan-doktor-tutuklandi\/","title":{"rendered":"Hastalar kime emanet! Hastanede deh\u015fet sa\u00e7an doktor tutukland\u0131"},"content":{"rendered":"<p>\u0130stanbul \u00dcsk\u00fcdar&#8217;da tabibin yapt\u0131klar\u0131 &#8216;pes&#8217; dedirtti.<\/p>\n<p>Anadolu Cumhuriyet Ba\u015fsavc\u0131l\u0131\u011f\u0131, 14 \u015eubat&#8217;ta \u00dcsk\u00fcdar Devlet Hastanesi&#8217;nde, \u00e7al\u0131\u015fana silah g\u00f6sterdi\u011fi, hastalara biber gaz\u0131 s\u0131k\u0131p, elektro \u015fok ayg\u0131t\u0131yla korkuttu\u011fu ve Cumhurba\u015fkan\u0131 Recep Tayyip Erdo\u011fan&#8217;a hakaret etti\u011fi \u00f6ne s\u00fcr\u00fclen doktor hakk\u0131nda soru\u015fturma ba\u015flatt\u0131.<\/p>\n<p>Soru\u015fturma kapsam\u0131nda harekete ge\u00e7en \u0130stanbul Emniyet M\u00fcd\u00fcrl\u00fc\u011f\u00fc gruplar\u0131, hastane g\u00fcvenlik kamera imajlar\u0131ndan kelam konusu aksiyonlar\u0131 ger\u00e7ekle\u015ftirdi\u011fi belirlenen doktor O.K.K&#8217;yi g\u00f6zalt\u0131na ald\u0131.<\/p>\n<p>\u015e\u00fcpheli tabibin ikametinde ve arac\u0131nda yap\u0131lan aramada, 5 haval\u0131 tabanca, 3 elektro \u015fok ayg\u0131t\u0131 ve 2 biber gaz\u0131 ele ge\u00e7irildi.<\/p>\n<p>Emniyetteki s\u00fcre\u00e7lerinin akabinde d\u00fcn Anadolu Adalet Saray\u0131&#8217;na sevk edilen O.K.K, savc\u0131l\u0131k tabiri sonras\u0131 \u00e7\u0131kar\u0131ld\u0131\u011f\u0131 n\u00f6bet\u00e7i hakimlik\u00e7e &#8220;silahla tehdit&#8221; ve &#8220;Cumhurba\u015fkan\u0131na hakaret&#8221; hatalar\u0131ndan tutukland\u0131.<\/p>\n<p><b>\u0130STANBUL \u0130L SA\u011eLIK M\u00dcD\u00dcRL\u00dc\u011e\u00dc A\u00c7IKLAMA YAPMI\u015eTI<\/b><\/p>\n<p>\u0130stanbul Vilayet S\u0131hhat M\u00fcd\u00fcr\u00fc Abdullah Emre G\u00fcner, \u00dcsk\u00fcdar&#8217;da hastalara biber gaz\u0131 s\u0131kan ve i\u015f\u00e7iye silah g\u00f6steren doktor hakk\u0131nda disiplin y\u00f6n\u00fcnden s\u00fcre\u00e7 ba\u015flat\u0131ld\u0131\u011f\u0131n\u0131 bildirmi\u015fti.<\/p>\n<p>G\u00fcner, toplumsal medya hesab\u0131ndan yapt\u0131\u011f\u0131 a\u00e7\u0131klamada, 14 \u015eubat Cuma g\u00fcn\u00fc \u00dcsk\u00fcdar Devlet Hastanesi&#8217;nde ya\u015fanan olayla ilgili olarak, \u0130stanbul \u0130l Sa\u011fl\u0131k M\u00fcd\u00fcrl\u00fc\u011f\u00fc olarak gerekli inceleme ve k\u0131ymetlendirme s\u00fcrecini titizlikle y\u00fcr\u00fctt\u00fcklerini belirtmi\u015fti.<\/p>\n<p><img decoding=\"async\" src=\"https:\/\/ikimisli.tr\/wp-content\/uploads\/2025\/05\/hastalar-kime-emanet-hastanede-dehset-sacan-doktor-tutuklandi-0-kpsscA9E.png\"\/><\/p>\n<p>\u0130l S\u0131hhat M\u00fcd\u00fcr\u00fc G\u00fcner, \u015funlar\u0131 kaydetmi\u015fti:<\/p>\n<p>&#8220;Bu kapsamda, ilgili doktor O.K.K. hakk\u0131nda disiplin istikametinden s\u00fcre\u00e7 ba\u015flat\u0131lm\u0131\u015f, olay isimli makamlara bildirilmi\u015f olup, husus t\u00fcm taraflar\u0131yla ayr\u0131nt\u0131l\u0131 bi\u00e7imde incelenmektedir. S\u0131hhat hizmetlerinde hasta haklar\u0131, etik kurallar ve mesleksel sorumluluk \u00e7er\u00e7evesinde hareket edilmesi en temel \u00f6nceli\u011fimizdir. S\u00fcrecin adil ve \u015feffaf bir halde y\u00fcr\u00fct\u00fclece\u011fini, kamuoyunun yanl\u0131\u015fs\u0131z bilgilendirilmesi ismine gerekli a\u00e7\u0131klamalar\u0131n yap\u0131laca\u011f\u0131n\u0131 bilhassa vurgulamak isterim.&#8221;<\/p>\n","protected":false},"excerpt":{"rendered":"<p>\u00dcsk\u00fcdar&#8217;da bir hastanede hastalara biber gaz\u0131 s\u0131k\u0131p \u015fok ayg\u0131t\u0131yla korkutan ve i\u015f\u00e7iye silah g\u00f6steren doktor, &#8220;silahla tehdit&#8221; ve &#8220;Cumhurba\u015fkan\u0131na hakaret&#8221; c\u00fcr\u00fcmlerinden tutukland\u0131. Hekimin konut ve arac\u0131nda yap\u0131lan aramalarda \u00e7ok say\u0131da tabanca, \u015fok ayg\u0131t\u0131 ve biber gaz\u0131 ele ge\u00e7irildi.<\/p>\n","protected":false},"author":1,"featured_media":38274,"comment_status":"open","ping_status":"open","sticky":false,"template":"","format":"standard","meta":{"footnotes":""},"categories":[25],"tags":[1915,519,380,150],"class_list":["post-38273","post","type-post","status-publish","format-standard","has-post-thumbnail","hentry","category-gundem","tag-doktor","tag-hasta","tag-istanbul","tag-saglik"],"_links":{"self":[{"href":"https:\/\/ikimisli.tr\/index.php\/wp-json\/wp\/v2\/posts\/38273","targetHints":{"allow":["GET"]}}],"collection":[{"href":"https:\/\/ikimisli.tr\/index.php\/wp-json\/wp\/v2\/posts"}],"about":[{"href":"https:\/\/ikimisli.tr\/index.php\/wp-json\/wp\/v2\/types\/post"}],"author":[{"embeddable":true,"href":"https:\/\/ikimisli.tr\/index.php\/wp-json\/wp\/v2\/users\/1"}],"replies":[{"embeddable":true,"href":"https:\/\/ikimisli.tr\/index.php\/wp-json\/wp\/v2\/comments?post=38273"}],"version-history":[{"count":1,"href":"https:\/\/ikimisli.tr\/index.php\/wp-json\/wp\/v2\/posts\/38273\/revisions"}],"predecessor-version":[{"id":38276,"href":"https:\/\/ikimisli.tr\/index.php\/wp-json\/wp\/v2\/posts\/38273\/revisions\/38276"}],"wp:featuredmedia":[{"embeddable":true,"href":"https:\/\/ikimisli.tr\/index.php\/wp-json\/wp\/v2\/media\/38274"}],"wp:attachment":[{"href":"https:\/\/ikimisli.tr\/index.php\/wp-json\/wp\/v2\/media?parent=38273"}],"wp:term":[{"taxonomy":"category","embeddable":true,"href":"https:\/\/ikimisli.tr\/index.php\/wp-json\/wp\/v2\/categories?post=38273"},{"taxonomy":"post_tag","embeddable":true,"href":"https:\/\/ikimisli.tr\/index.php\/wp-json\/wp\/v2\/tags?post=38273"}],"curies":[{"name":"wp","href":"https:\/\/api.w.org\/{rel}","templated":true}]}}