{"id":38307,"date":"2025-05-14T11:00:21","date_gmt":"2025-05-14T11:00:21","guid":{"rendered":"https:\/\/ikimisli.tr\/?p=38307"},"modified":"2025-05-14T11:00:21","modified_gmt":"2025-05-14T11:00:21","slug":"hekim-birliginden-akpli-saricam-hakkinda-suc-duyurusu","status":"publish","type":"post","link":"https:\/\/ikimisli.tr\/index.php\/2025\/05\/14\/hekim-birliginden-akpli-saricam-hakkinda-suc-duyurusu\/","title":{"rendered":"Hekim Birli\u011fi&#8217;nden AKP&#8217;li Sar\u0131\u00e7am hakk\u0131nda su\u00e7 duyurusu"},"content":{"rendered":"<p>Hekim Birli\u011fi toplumsal medya hesab\u0131ndan a\u00e7\u0131klamada bulundu. AKP K\u0131rklareli Milletvekili Ahmet G\u00f6khan Sar\u0131\u00e7am hakk\u0131nda c\u00fcr\u00fcm duyurusunda bulunuldu\u011fu vurgulanan a\u00e7\u0131klamada \u015fu s\u00f6zler kullan\u0131ld\u0131;<\/p>\n<p>*Hekimlere y\u00f6nelik \u015fiddeti te\u015fvik eden milletvekili hakk\u0131nda kabahat duyurusunda bulunduk. Bir milletvekilinin halk\u0131 tabiplere ve s\u0131hhat \u00e7al\u0131\u015fanlar\u0131na y\u00f6nelik \u015fiddete a\u00e7\u0131k\u00e7a te\u015fvik eden kelamlar s\u00f6ylemesi kabul edilemez.<\/p>\n<p>*K\u0131rklareli P\u0131narhisar 5 Tabipli Aile S\u0131hhati Merkezi ve Vilayet S\u0131hhat Hizmetleri \u0130stasyonu binas\u0131 a\u00e7\u0131l\u0131\u015f merasiminde bir konu\u015fma yapan milletvekili, doktorlar\u0131n ve s\u0131hhat \u00e7al\u0131\u015fanlar\u0131n\u0131n sundu\u011fu hizmeti ama\u00e7 alarak vatanda\u015flara &#8216;Memnuniyetsizlik olursa tabiplerin g\u0131rtla\u011f\u0131n\u0131 s\u0131k\u0131n, yap\u0131\u015f\u0131n, s\u0131k\u0131n&#8217; halinde s\u00f6zler kullanm\u0131\u015ft\u0131r. Bu kelamlar, halk\u0131 s\u0131hhat \u00e7al\u0131\u015fanlar\u0131na kar\u015f\u0131 k\u0131\u015fk\u0131rtmaya y\u00f6nelik a\u00e7\u0131k bir tehdit ve \u015fiddet daveti i\u00e7ermektedir.<\/p>\n<p><b>&#8220;HALKI K\u0130N VE D\u00dc\u015eMANLI\u011eA SEVK EDEN&#8230;&#8221;<\/b><\/p>\n<p>*Halk\u0131 kin ve d\u00fc\u015fmanl\u0131\u011fa tahrik eden, s\u0131hhat \u00e7al\u0131\u015fanlar\u0131na y\u00f6nelik \u015fiddeti te\u015fvik eden ve tehdit i\u00e7eren bu kelamlar kar\u015f\u0131s\u0131nda t\u00fczel s\u00fcre\u00e7 ba\u015flat\u0131lm\u0131\u015ft\u0131r. \u00dclkemizde s\u0131hhat \u00e7al\u0131\u015fanlar\u0131na y\u00f6nelik \u015fiddet son 20 y\u0131ld\u0131r azami boyuta ula\u015fm\u0131\u015ft\u0131r.<\/p>\n<p>*Dr. G\u00f6ksel Kalayc\u0131 (2005), Dr. Ali Menek\u015fe (2008), Dr. Ersin Arslan (2010), Dr. Kamil Furtun (2015) ve Dr. Fikret Hac\u0131osman (2018), hasta ve hasta yak\u0131nlar\u0131 taraf\u0131ndan katledildi. Biz kay\u0131plar\u0131m\u0131z\u0131n ac\u0131s\u0131n\u0131 d\u00fcn \u00fczere kalbimizde ta\u015f\u0131rken, s\u0131hhatte \u015fiddeti engellemek i\u00e7in \u00e7al\u0131\u015fmas\u0131 gereken T\u00fcrkiye B\u00fcy\u00fck Millet Meclisi\u2019ndeki 600 vekilden bir adedinin s\u0131hhatte \u015fiddeti k\u0131\u015fk\u0131rt\u0131c\u0131 kelamlar\u0131n\u0131 kabul etmiyoruz.<\/p>\n<p><b>TTB&#8217;DEN DE REAKS\u0130YON GELD\u0130<\/b><\/p>\n<p>TTB, AKP K\u0131rklareli Milletvekili Ahmet G\u00f6khan Sar\u0131\u00e7am\u2019\u0131n s\u0131hhat \u00e7al\u0131\u015fanlar\u0131n\u0131 maksat g\u00f6sterdi\u011fini belirterek, &#8220;T\u00fcrk Tabipleri Birli\u011fi olarak kendisiyle ilgili yasal s\u00fcre\u00e7leri ba\u015flataca\u011f\u0131m\u0131z\u0131 belirtiyor, S\u0131hhat Bakanl\u0131\u011f\u0131n\u0131, b\u00fcy\u00fck \u00f6zveri ile kald\u0131r\u0131lmas\u0131 imkans\u0131z bir i\u015f y\u00fck\u00fc alt\u0131nda \u00e7al\u0131\u015fan doktorlar ve s\u0131hhat i\u015f\u00e7ilerinin haklar\u0131n\u0131 m\u00fcdafaaya, bu sorumsuz a\u00e7\u0131klamay\u0131 yapan milletvekili ile ilgili yapt\u0131r\u0131mlar i\u00e7in te\u015febb\u00fcste bulunmaya, s\u0131hhatte \u015fiddet ile tesirli bir bi\u00e7imde \u00e7aba etmeye \u00e7a\u011f\u0131r\u0131yoruz&#8221; a\u00e7\u0131klamas\u0131n\u0131 yapt\u0131. <\/p>\n","protected":false},"excerpt":{"rendered":"<p>Hekim Birli\u011fi, S\u0131hhat ve Toplumsal Hizmet \u00c7al\u0131\u015fanlar\u0131 Sendikas\u0131, AKP K\u0131rklareli Milletvekili Ahmet G\u00f6khan Sar\u0131\u00e7am hakk\u0131nda kabahat duyurusunda bulundu.<\/p>\n","protected":false},"author":1,"featured_media":38308,"comment_status":"open","ping_status":"open","sticky":false,"template":"","format":"standard","meta":{"footnotes":""},"categories":[25],"tags":[594,595,1240,150,2172],"class_list":["post-38307","post","type-post","status-publish","format-standard","has-post-thumbnail","hentry","category-gundem","tag-calisan","tag-hekim","tag-milletvekili","tag-saglik","tag-siddet"],"_links":{"self":[{"href":"https:\/\/ikimisli.tr\/index.php\/wp-json\/wp\/v2\/posts\/38307","targetHints":{"allow":["GET"]}}],"collection":[{"href":"https:\/\/ikimisli.tr\/index.php\/wp-json\/wp\/v2\/posts"}],"about":[{"href":"https:\/\/ikimisli.tr\/index.php\/wp-json\/wp\/v2\/types\/post"}],"author":[{"embeddable":true,"href":"https:\/\/ikimisli.tr\/index.php\/wp-json\/wp\/v2\/users\/1"}],"replies":[{"embeddable":true,"href":"https:\/\/ikimisli.tr\/index.php\/wp-json\/wp\/v2\/comments?post=38307"}],"version-history":[{"count":1,"href":"https:\/\/ikimisli.tr\/index.php\/wp-json\/wp\/v2\/posts\/38307\/revisions"}],"predecessor-version":[{"id":38309,"href":"https:\/\/ikimisli.tr\/index.php\/wp-json\/wp\/v2\/posts\/38307\/revisions\/38309"}],"wp:featuredmedia":[{"embeddable":true,"href":"https:\/\/ikimisli.tr\/index.php\/wp-json\/wp\/v2\/media\/38308"}],"wp:attachment":[{"href":"https:\/\/ikimisli.tr\/index.php\/wp-json\/wp\/v2\/media?parent=38307"}],"wp:term":[{"taxonomy":"category","embeddable":true,"href":"https:\/\/ikimisli.tr\/index.php\/wp-json\/wp\/v2\/categories?post=38307"},{"taxonomy":"post_tag","embeddable":true,"href":"https:\/\/ikimisli.tr\/index.php\/wp-json\/wp\/v2\/tags?post=38307"}],"curies":[{"name":"wp","href":"https:\/\/api.w.org\/{rel}","templated":true}]}}