{"id":38350,"date":"2025-05-14T14:48:21","date_gmt":"2025-05-14T14:48:21","guid":{"rendered":"https:\/\/ikimisli.tr\/?p=38350"},"modified":"2025-05-14T14:48:21","modified_gmt":"2025-05-14T14:48:21","slug":"torende-kilic-catma-geleneksel-bir-kutlama","status":"publish","type":"post","link":"https:\/\/ikimisli.tr\/index.php\/2025\/05\/14\/torende-kilic-catma-geleneksel-bir-kutlama\/","title":{"rendered":"T\u00f6rende \u2018k\u0131l\u0131\u00e7 \u00e7atma\u2019  geleneksel bir kutlama"},"content":{"rendered":"<p>Kara Harp Okulu resmi mezuniyet merasimi sonras\u0131nda, y\u00fcr\u00fcrl\u00fckten kald\u0131r\u0131lan \u00f6\u011frenci and\u0131n\u0131 okuduklar\u0131, k\u0131l\u0131\u00e7 \u00e7atarak, \u2018\u2019Mustafa Kemal\u2019in askerleriyiz\u2019\u2019 slogan\u0131 att\u0131klar\u0131 i\u00e7in ihra\u00e7 edilen be\u015f te\u011fmenden Serhat G\u00fcndar, Y\u00f6netim Mahkemesinde dava a\u00e7t\u0131. G\u00fcndar\u2019\u0131n avukatlar\u0131, Y\u00fcksek Disiplin Kurulu\u2019nun, \u2018\u2019T\u00fcrk Silahl\u0131 Kuvvetleri\u2019nden ay\u0131rma\u2019\u2019 karar\u0131n\u0131n iptali ve y\u00fcr\u00fctmesinin durdurulmas\u0131 istemli dilek\u00e7eyi, Y\u00f6netim Mahkemesine sundu.<\/p>\n<p><b>Her merasimde olur<\/b><\/p>\n<p>Dilek\u00e7ede, \u201cte\u011fmenlerin faaliyetinin her y\u0131l benzerleri yap\u0131lan kutlama seremonisinden ibaret oldu\u011fu, resmi merasim sonras\u0131 yap\u0131ld\u0131\u011f\u0131, mevzuattan kald\u0131r\u0131lan and\u0131n resmi merasim sonras\u0131nda okunmayaca\u011f\u0131na dair bir buyruk bulunmad\u0131\u011f\u0131\u201d vurguland\u0131.<\/p>\n<p>Dilek\u00e7ede ayr\u0131yeten, \u201cHer mezuniyet merasiminden sonra te\u011fmenler alanda toplan\u0131r, k\u0131l\u0131\u00e7 \u00e7atar, bazen mar\u015f s\u00f6yler, aileleriyle kucakla\u015f\u0131r, sevin\u00e7lerini payla\u015f\u0131rlar. Bunun i\u00e7in m\u00fcsaade istenmez ve bunu yapabilirsiniz diye m\u00fcsaade verilmez. Bu klasiktir. \u00c7\u00fcnk\u00fc merasimden sonra k\u0131l\u0131\u00e7 \u00e7atma, on y\u0131llard\u0131r devam edegelen bir gelenektir. Bu esnada nat\u00fcreldir ki tekrar klasikle\u015fmi\u015f olarak \u00f6zl\u00fc kelamlar s\u00f6ylenmekte, mar\u015flar okunmaktad\u0131r\u201d denildi. <\/p>\n<p><b>Davalar a\u00e7\u0131l\u0131yor<\/b><\/p>\n<p>\u00d6te yandan 2023 mezuniyet merasiminde k\u0131l\u0131\u00e7 \u00e7at\u0131l\u0131rken \u201cAtat\u00fcrk\u2019\u00fcn Gen\u00e7leriyiz Mar\u015f\u0131\u201dn\u0131n okundu\u011funa ait imajlar de dilek\u00e7eye eklendi. Merasimden bir g\u00fcn evvel whatsapp k\u00fcmesine bildiri at\u0131lm\u0131\u015f olmas\u0131n\u0131n, disipline muhalif hareketi planlama \u00f6gesi \u00fczere g\u00f6sterilmeye \u00e7al\u0131\u015f\u0131ld\u0131\u011f\u0131 belirtilen dilek\u00e7ede, \u015fu tespitler yap\u0131ld\u0131: \u201cT\u00f6renden sonra alanda toplan\u0131p k\u0131l\u0131\u00e7 \u00e7at\u0131laca\u011f\u0131, \u00e7e\u015fitli kelam ve mar\u015flar s\u00f6ylenece\u011fi hem Harbiyeliler hem de kumandanlar taraf\u0131ndan bilinen bir gelenektir.\u201d<\/p>\n<p>Meslekten ay\u0131rma cezas\u0131 verilen ba\u015fka d\u00f6rt te\u011fmenin de karar\u0131n iptali ve y\u00fcr\u00fctmesinin durdurulmas\u0131 i\u00e7in y\u00f6netim mahkemesine ba\u015fvurmalar\u0131 bekleniyor.<\/p>\n<p><b><span>Te\u011fmenlerin aksiyonu TSK\u2019n\u0131n prestijini zedelemedi<\/span><\/b><\/p>\n<p>Toplumun b\u00fcy\u00fck bir k\u0131sm\u0131na nazaran te\u011fmenlerin bu aksiyonu T\u00fcrk Silahl\u0131 Kuvvetleri\u2019nin prestijini zedelemedi\u011fi belirtilen dilek\u00e7ede ayr\u0131yeten \u015fu tabirler yer ald\u0131: \u201cSonu\u00e7 olarak, toplumun \u00e7ok b\u00fcy\u00fck k\u0131sm\u0131na nazaran, (kamuoyu yoklamalar\u0131na nazaran y\u00fczde 90 civar\u0131nda) te\u011fmenlerin hareketi nedeniyle Devletin ve TSK\u2019n\u0131n prestijinin zedelenmedi\u011fi apa\u00e7\u0131k ortadad\u0131r. Dava konusu s\u00fcre\u00e7le te\u011fmenlerin T\u00fcrk Silahl\u0131 Kuvvetleri\u2019nden ay\u0131rma cezas\u0131n\u0131n a\u00e7\u0131klanmas\u0131 sonras\u0131nda kamuoyunda olu\u015fan yans\u0131lar, Devletin ve TSK\u2019n\u0131n prestijine ziyan veren olgunun, merasim sonras\u0131nda ya\u015fananlar de\u011fil, bizatihi bunun bir cezaland\u0131rma sebebi say\u0131lmas\u0131 oldu\u011funun g\u00f6stergesidir.\u201d<\/p>\n","protected":false},"excerpt":{"rendered":"<p>Serhat G\u00fcndar\u2019\u0131n avukatlar\u0131, \u201cTSK\u2019dan ay\u0131rma\u2019\u2019 karar\u0131n\u0131n iptali ve y\u00fcr\u00fctmesinin durdurulmas\u0131 istemiyle Y\u00f6netim Mahkemesinde dava a\u00e7t\u0131.<\/p>\n","protected":false},"author":1,"featured_media":38351,"comment_status":"open","ping_status":"open","sticky":false,"template":"","format":"standard","meta":{"footnotes":""},"categories":[25],"tags":[2255,1367,1155],"class_list":["post-38350","post","type-post","status-publish","format-standard","has-post-thumbnail","hentry","category-gundem","tag-kilic","tag-tegmenler","tag-toren"],"_links":{"self":[{"href":"https:\/\/ikimisli.tr\/index.php\/wp-json\/wp\/v2\/posts\/38350","targetHints":{"allow":["GET"]}}],"collection":[{"href":"https:\/\/ikimisli.tr\/index.php\/wp-json\/wp\/v2\/posts"}],"about":[{"href":"https:\/\/ikimisli.tr\/index.php\/wp-json\/wp\/v2\/types\/post"}],"author":[{"embeddable":true,"href":"https:\/\/ikimisli.tr\/index.php\/wp-json\/wp\/v2\/users\/1"}],"replies":[{"embeddable":true,"href":"https:\/\/ikimisli.tr\/index.php\/wp-json\/wp\/v2\/comments?post=38350"}],"version-history":[{"count":1,"href":"https:\/\/ikimisli.tr\/index.php\/wp-json\/wp\/v2\/posts\/38350\/revisions"}],"predecessor-version":[{"id":38352,"href":"https:\/\/ikimisli.tr\/index.php\/wp-json\/wp\/v2\/posts\/38350\/revisions\/38352"}],"wp:featuredmedia":[{"embeddable":true,"href":"https:\/\/ikimisli.tr\/index.php\/wp-json\/wp\/v2\/media\/38351"}],"wp:attachment":[{"href":"https:\/\/ikimisli.tr\/index.php\/wp-json\/wp\/v2\/media?parent=38350"}],"wp:term":[{"taxonomy":"category","embeddable":true,"href":"https:\/\/ikimisli.tr\/index.php\/wp-json\/wp\/v2\/categories?post=38350"},{"taxonomy":"post_tag","embeddable":true,"href":"https:\/\/ikimisli.tr\/index.php\/wp-json\/wp\/v2\/tags?post=38350"}],"curies":[{"name":"wp","href":"https:\/\/api.w.org\/{rel}","templated":true}]}}