{"id":38364,"date":"2025-05-14T15:36:23","date_gmt":"2025-05-14T15:36:23","guid":{"rendered":"https:\/\/ikimisli.tr\/?p=38364"},"modified":"2025-05-14T15:36:23","modified_gmt":"2025-05-14T15:36:23","slug":"diyanetin-ayip-audisi-artik-kayip-audi-oldu","status":"publish","type":"post","link":"https:\/\/ikimisli.tr\/index.php\/2025\/05\/14\/diyanetin-ayip-audisi-artik-kayip-audi-oldu\/","title":{"rendered":"Diyanet\u2019in \u2018ay\u0131p\u2019 Audi\u2019si  art\u0131k \u2018kay\u0131p\u2019 Audi oldu"},"content":{"rendered":"<p>Dar gelirli \u00f6m\u00fcr sava\u015f\u0131 verirken y\u00fcksek b\u00fct\u00e7esi, fahi\u015f harcamalar\u0131, \u015fatafatl\u0131 toplant\u0131lar ve l\u00fcks ara\u00e7lar\u0131yla g\u00fcndemden d\u00fc\u015fmeyen Diyanet \u0130\u015fleri Ba\u015fkan\u0131 Ali Erba\u015f\u2019\u0131n, \u201cBana bir Audi\u2019yi bana \u00e7ok g\u00f6rd\u00fcler\u201d dedi\u011fi Audi A8 arac\u0131 s\u0131r oldu&#8230; CHP Ordu Milletvekili Mustafa Ad\u0131g\u00fczel 9 ay evvel Cumhurba\u015fkan\u0131 Yard\u0131mc\u0131s\u0131 Cevdet Y\u0131lmaz\u2019a, Audi arac\u0131n model ve y\u0131l\u0131n\u0131, g\u00fcnl\u00fck ve ayl\u0131k kira bedelini sordu. Soru cevaps\u0131z kald\u0131. <\/p>\n<p><img decoding=\"async\" src=\"https:\/\/ikimisli.tr\/wp-content\/uploads\/2025\/05\/diyanetin-ayip-audisi-artik-kayip-audi-oldu-0-rEqJ46uV.jpg\"\/><\/p>\n<div>\n<p>Diyanet garaj\u0131nda Erba\u015f\u2019\u0131n kulland\u0131\u011f\u0131 arabalar \u015f\u00f6yle: Bir Mercedes, bir z\u0131rhl\u0131 Mercedes, bir k\u0131rm\u0131z\u0131 TOGG, bir Mercedes Vito.<\/p>\n<\/p><\/div>\n<p><strong>D\u0130N ADAMINA YAKI\u015eAN&#8230;<\/strong><\/p>\n<p>Ad\u0131g\u00fczel, \u201cArac\u0131n ak\u0131beti muhakkak de\u011fil. Bu olay \u2018Ay\u0131p Audi\u2019 hadisesinden \u2018Kay\u0131p Audi\u2019 hadisesine d\u00f6n\u00fc\u015ft\u00fc\u201d dedi. Ad\u0131g\u00fczel, \u201cBu arac\u0131n marka, model ve model y\u0131l\u0131n\u0131n ne oldu\u011fu, bedelinin ne kadar oldu\u011fu ve Diyanet \u0130\u015fleri Ba\u015fkanl\u0131\u011f\u0131\u2019n\u0131n envanterinde kay\u0131tl\u0131 ya da kiral\u0131k ka\u00e7 ara\u00e7 oldu\u011funu sordum. Ortadan 9 ay ge\u00e7mesine kar\u015f\u0131n yan\u0131t alamad\u0131k. Din adam\u0131na ve Diyanet kurumuna halka kuru\u015fu kuru\u015funa hesap vermek d\u00fc\u015fer\u201d diye konu\u015ftu. <\/p>\n","protected":false},"excerpt":{"rendered":"<p>CHP\u2019li Mustafa Ad\u0131g\u00fczel, Audi A8\u2019in modelini, y\u0131l\u0131n\u0131 g\u00fcnl\u00fck ve ayl\u0131k kiras\u0131n\u0131 sordu, Y\u0131lmaz kar\u015f\u0131l\u0131k vermedi.<\/p>\n","protected":false},"author":1,"featured_media":38365,"comment_status":"open","ping_status":"open","sticky":false,"template":"","format":"standard","meta":{"footnotes":""},"categories":[25],"tags":[4810],"class_list":["post-38364","post","type-post","status-publish","format-standard","has-post-thumbnail","hentry","category-gundem","tag-audi"],"_links":{"self":[{"href":"https:\/\/ikimisli.tr\/index.php\/wp-json\/wp\/v2\/posts\/38364","targetHints":{"allow":["GET"]}}],"collection":[{"href":"https:\/\/ikimisli.tr\/index.php\/wp-json\/wp\/v2\/posts"}],"about":[{"href":"https:\/\/ikimisli.tr\/index.php\/wp-json\/wp\/v2\/types\/post"}],"author":[{"embeddable":true,"href":"https:\/\/ikimisli.tr\/index.php\/wp-json\/wp\/v2\/users\/1"}],"replies":[{"embeddable":true,"href":"https:\/\/ikimisli.tr\/index.php\/wp-json\/wp\/v2\/comments?post=38364"}],"version-history":[{"count":1,"href":"https:\/\/ikimisli.tr\/index.php\/wp-json\/wp\/v2\/posts\/38364\/revisions"}],"predecessor-version":[{"id":38367,"href":"https:\/\/ikimisli.tr\/index.php\/wp-json\/wp\/v2\/posts\/38364\/revisions\/38367"}],"wp:featuredmedia":[{"embeddable":true,"href":"https:\/\/ikimisli.tr\/index.php\/wp-json\/wp\/v2\/media\/38365"}],"wp:attachment":[{"href":"https:\/\/ikimisli.tr\/index.php\/wp-json\/wp\/v2\/media?parent=38364"}],"wp:term":[{"taxonomy":"category","embeddable":true,"href":"https:\/\/ikimisli.tr\/index.php\/wp-json\/wp\/v2\/categories?post=38364"},{"taxonomy":"post_tag","embeddable":true,"href":"https:\/\/ikimisli.tr\/index.php\/wp-json\/wp\/v2\/tags?post=38364"}],"curies":[{"name":"wp","href":"https:\/\/api.w.org\/{rel}","templated":true}]}}