{"id":38368,"date":"2025-05-14T15:48:25","date_gmt":"2025-05-14T15:48:25","guid":{"rendered":"https:\/\/ikimisli.tr\/?p=38368"},"modified":"2025-05-14T15:48:25","modified_gmt":"2025-05-14T15:48:25","slug":"soyulan-vakifta-hala-lale-devri-yasaniyor","status":"publish","type":"post","link":"https:\/\/ikimisli.tr\/index.php\/2025\/05\/14\/soyulan-vakifta-hala-lale-devri-yasaniyor\/","title":{"rendered":"Soyulan vak\u0131fta h\u00e2l\u00e2 Lale Devri ya\u015fan\u0131yor"},"content":{"rendered":"<p>Sahte faturalarla milyarlarca liral\u0131k vurgun yap\u0131ld\u0131\u011f\u0131 tespit edilen, eski Ba\u015fkan\u0131 \u015eeref Ate\u015f\u2019in aylard\u0131r firarda oldu\u011fu Yunus Emre Enstit\u00fc\u2019s\u00fc, Meksika\u2019da Lale \u015eenli\u011fi d\u00fczenledi.  Ba\u015f\u015fehir Meksiko\u2019daki Yunus Emre Enstit\u00fcs\u00fc K\u00fclt\u00fcr Merkezi\u2019nde ger\u00e7ekle\u015ftirilen \u015fenli\u011fe kat\u0131lan Meksikal\u0131 konuklara tarihte, edebiyatta ve sanatta lalenin yeri, \u0130stanbul\u2019da her y\u0131l d\u00fczenlenen Lale \u015eenli\u011fi ve Osmanl\u0131\u2019daki Lale Zaman\u0131 \u00fczere bahislerde bilgi verildi.<\/p>\n<p><strong>TALEP YO\u011eUNDU<\/strong><\/p>\n<p>Lalenin Anadolu\u2019ya, oradan Hollanda\u2019ya T\u00fcrkler arac\u0131l\u0131\u011f\u0131yla ula\u015ft\u0131r\u0131ld\u0131\u011f\u0131n\u0131 \u00f6\u011frenen i\u015ftirak\u00e7iler, bu bilgi kar\u015f\u0131s\u0131nda \u015fa\u015fk\u0131nl\u0131klar\u0131n\u0131 lisana getirdi. \u0130\u015ftirak\u00e7iler, \u00e7e\u015fitli at\u00f6lye \u00e7al\u0131\u015fmalar\u0131na kat\u0131lman\u0131n yan\u0131 s\u0131ra \u201corigami\u201d sanat\u0131yla renkli laleler yapt\u0131. Lale dikme etkinli\u011finde ise i\u015ftirak\u00e7iler, ikram edilen laleleri saks\u0131lar\u0131na dikti ve bak\u0131m\u0131 hakk\u0131nda bilgi ald\u0131. A\u011f\u0131r program\u0131n akabinde konuklara T\u00fcrk \u00e7ay\u0131 ve lokum ikram edildi. Yunus Emre Enstit\u00fcs\u00fc Meksika M\u00fcd\u00fcr\u00fc Salih G\u00fcltekin, t\u00fcm konuklara te\u015fekk\u00fcr ederek \u015funlar\u0131 s\u00f6yledi:<\/p>\n<p>\u201cBu a\u011f\u0131r talebi kar\u015f\u0131lamakta zorland\u0131\u011f\u0131m\u0131z\u0131 tabir etmek isterim. Lakin bu aktifli\u011fi kl\u00e2sik hale getirmeyi arzu ediyoruz.\u201d<\/p>\n<p><img decoding=\"async\" src=\"https:\/\/ikimisli.tr\/wp-content\/uploads\/2025\/05\/soyulan-vakifta-h-l-lale-devri-yasaniyor-0-rWdwFXVO.jpg\"\/><\/p>\n<p><b><span>Anadolu Ajans\u0131 32 foto\u011frafla duyurdu<\/span><\/b><\/p>\n<p>Programdan, kucaklar\u0131nda bir \u00e7ift lale ve b\u00fcy\u00fck bir memnuniyetle ayr\u0131lan konuklar, sonraki faaliyetleri de sab\u0131rs\u0131zl\u0131kla beklediklerini belirtti. Anadolu Ajans\u0131 Meksika\u2019daki bu aktifli\u011fi tam 32 farkl\u0131 foto\u011fraf yay\u0131nlay\u0131p d\u00fcnyaya duyurdu.<\/p>\n<p><img decoding=\"async\" src=\"https:\/\/ikimisli.tr\/wp-content\/uploads\/2025\/05\/soyulan-vakifta-h-l-lale-devri-yasaniyor-1-1r6KSXE8.jpg\"\/><\/p>\n<p><b><span>Enstit\u00fc soyuldu ba\u015fkan\u0131 ise ka\u00e7t\u0131<\/span><\/b><\/p>\n<p>Yunus Emre Enstit\u00fcs\u00fc, yakla\u015f\u0131k iki ay \u00f6nce, Aile Bakan\u0131 Mahinur G\u00f6kta\u015f\u2019\u0131n e\u015fi Rahmi G\u00f6kta\u015f ile MHP\u2019li Semih Yal\u00e7\u0131n\u2019\u0131n o\u011flu Abdullah Kutalm\u0131\u015f Yal\u00e7\u0131n\u2019\u0131n \u00fcst seviye vazifelerinden ans\u0131z\u0131n istifa etmeleri ile g\u00fcndeme geldi. Birebir g\u00fcnlerde yolsuzluk skandal\u0131 patlad\u0131. \u0130stifalar\u0131n \u201cyolsuzluk savlar\u0131 ile ilgilerinin olmad\u0131\u011f\u0131n\u0131\u201d \u00f6ne s\u00fcr\u00fcld\u00fc. Bu arada Enstit\u00fc\u2019n\u00fcn eski Ba\u015fkan\u0131 \u015eeref Ate\u015f\u2019in hastal\u0131\u011f\u0131n\u0131 mazeret ederek Almanya\u2019ya ka\u00e7t\u0131\u011f\u0131 ortaya \u00e7\u0131kt\u0131. Ate\u015f bir daha d\u00f6nmedi. Yolsuzlu\u011fun boyutunun 1 milyar liraya ula\u015ft\u0131\u011f\u0131 saptand\u0131. Enstit\u00fcn\u00fcn 66 \u00fclkede 92 ofisi ve y\u00fczlerce \u00e7al\u0131\u015fan\u0131 var. <\/p>\n<p><img decoding=\"async\" src=\"https:\/\/ikimisli.tr\/wp-content\/uploads\/2025\/05\/soyulan-vakifta-h-l-lale-devri-yasaniyor-2-sxkLbfSx.jpg\"\/><\/p>\n<p><b><span>Bir vakitler da \u2018Papatyalar\u2019 vard\u0131<\/span><\/b><\/p>\n<p>Yunus Emre Enstit\u00fcs\u00fc\u2019n\u00fcn \u201cLale Devri\u201d ak\u0131llara 1980\u2019li y\u0131llardaki \u2018Papatyalar\u2019 devran\u0131n\u0131 getirdi. 1986 y\u0131l\u0131nda devrin Ba\u015fbakan\u0131 Turgut \u00d6zal\u2019\u0131n e\u015fi Semra \u00d6zal, etraf\u0131ndaki end\u00fcstrici ve i\u015f adamlar\u0131n\u0131n e\u015flerini de yan\u0131na alarak \u201cT\u00fcrk Kad\u0131n\u0131n\u0131 G\u00fc\u00e7lendirme ve Tan\u0131tma Vakf\u0131\u201dn\u0131 kurdu. Vakf\u0131n logosunda papatya fig\u00fcr\u00fc vard\u0131 ve k\u00fcme bir anda \u201cPapatyalar\u201d olarak an\u0131lmaya ba\u015fland\u0131. <br \/>yay\u0131n yasa\u011f\u0131 gelmi\u015fti.<\/p>\n<p>1986\u2019da kurulan vakfa Ba\u015fbakan \u00d6zal imzas\u0131yla \u201cVergi muafiyeti\u201d tan\u0131nd\u0131. Papatyalar daha sonra Y\u0131ld\u0131z Saray\u0131 Hasbah\u00e7esi\u2019nde \u015fa\u015fal\u0131 bir gece d\u00fczenledi, t\u00fcm bayan delegeler Osmanl\u0131\u2019ya ili\u015fkin k\u0131yafetler giymi\u015f, Semra \u00d6zal\u2019\u0131n etraf\u0131nda pervane olmu\u015ftu. Bu imaj \u00d6zal Ailesi i\u00e7in \u201cHanedan\u201d benzetmelerine sebep oldu. S\u00f6zc\u00fc\u2019n\u00fcn efsane m\u00fcellifi Bekir Co\u015fkun, bu davetten yola \u00e7\u0131karak \u201cHasbah\u00e7e\u2019de Sonbahar\u201d isimli bir yaz\u0131 dizisi yazd\u0131. Diziye \u00e7abucak yay\u0131n yasa\u011f\u0131 geldi. Ba\u015fbakan ve e\u015fine hakaret su\u00e7lamas\u0131yla Bekir Co\u015fkun aleyhine dava a\u00e7\u0131ld\u0131. Co\u015fkun, yans\u0131s\u0131n\u0131, \u201cAbd\u00fclhamit, Turgut oldu\u201d diyerek lisana getirdi.<\/p>\n<p><b>8 ki\u015fi tutukland\u0131 binlerce hesap \u00e7\u0131kt\u0131<\/b><\/p>\n<p>Ankara Cumhuriyet Ba\u015fsavc\u0131l\u0131\u011f\u0131, MASAK raporlar\u0131na da dayanarak Yunus Emre Enstit\u00fcs\u00fc\u2019nde d\u00fczmece faturalarla 300 milyon lira ile 1 milyar lira ortas\u0131nda yolsuzluk yap\u0131ld\u0131\u011f\u0131n\u0131 saptad\u0131, 11 ki\u015fi g\u00f6zalt\u0131na al\u0131nd\u0131, bunlardan ismi b\u00e2t\u0131n tutulan 8\u2019i tutukland\u0131. Yap\u0131lan incelemede Erdem Ate\u015f ve yak\u0131nlar\u0131 ile enstit\u00fc y\u00f6neticilerinin bini a\u015fk\u0131n ba\u015fka banka hesab\u0131 kullanarak enstit\u00fcy\u00fc soydu\u011fu anla\u015f\u0131ld\u0131. T\u00fcrk\u00e7e \u00f6\u011frenmek isteyenlere krslar d\u00fczenledi\u011fini belirten Enstit\u00fc, T\u00fcrkiye\u2019nin tarihini, lisan\u0131n\u0131, k\u00fclt\u00fcr\u00fcn\u00fc de bu \u00fclkelerde tan\u0131tt\u0131\u011f\u0131n\u0131 s\u00f6yl\u00fcyor. T\u00fcrkiye ve T\u00fcrk\u00e7e lisan\u0131 \u00fczerine yap\u0131lan \u00e7al\u0131\u015fmalar\u0131 da destekledi\u011fini \u00f6ne s\u00fcren enstit\u00fc, \u00e7ok say\u0131da konser, aktiflik, \u00fcretim ve yard\u0131m\u0131 \u00f6rg\u00fctlediklerini belirtiyor.<\/p>\n<p><b>Osmanl\u0131lar laleyi Hollanda\u2019ya kapt\u0131rd\u0131<\/b><\/p>\n<p>Lalenin anavatan\u0131 Orta Asya bozk\u0131rlar\u0131. Yabani bir \u00e7i\u00e7ek olarak yeti\u015fen lale kervanlar arac\u0131l\u0131\u011f\u0131yla Anadolu\u2019ya geliyor. 1520\u2019de Osmanl\u0131 \u0130mparatorlu\u011fu laleyi melezleme yoluyla \u00e7e\u015fitlendiriyor. 16\u2019nc\u0131 y\u00fczy\u0131lda lale Osmanl\u0131 k\u00fclt\u00fcr\u00fcn\u00fcn ayr\u0131lmaz bir kesimi oluyor. 1718-1730 Sultan III. Ahmed periyoduna denk gelen Lale D\u00f6nemi zevk ve sefa devri olarak biliniyor. Lalenin T\u00fcrkiye\u2019den Avrupa\u2019ya seyahati Yasal Sultan S\u00fcleyman\u2019\u0131n, Avrupa \u00fclkelerinin \u0130stanbul\u2019daki b\u00fcy\u00fckel\u00e7ilerine lale arma\u011fan etmesiyle ba\u015fl\u0131yor. Roma Cermen \u0130mparatoru I. Ferdinand\u2019\u0131n \u0130stanbul\u2019a g\u00f6nderdi\u011fi Hollanda k\u00f6kenli b\u00fcy\u00fckel\u00e7i, sultan\u0131n ikram\u0131 lalenin so\u011fan\u0131n\u0131 Viyana\u2019ya saraya getiriyor. O tarihten itibaren Hollanda lale monopol\u00fcn\u00fc Osmanl\u0131\u2019dan al\u0131yor.<\/p>\n","protected":false},"excerpt":{"rendered":"<p>\u2018T\u00fcrk k\u00fclt\u00fcr\u00fcn\u00fc tan\u0131tmak i\u00e7in\u2019 66 \u00fclkede \u00e7al\u0131\u015fan, naylon faturalarla soyulan Yunus Emre Enstit\u00fcs\u00fc, Meksika\u2019da lale tan\u0131tt\u0131, kat\u0131lanlar\u0131n a\u011fz\u0131 a\u00e7\u0131k kald\u0131.<\/p>\n","protected":false},"author":1,"featured_media":38369,"comment_status":"open","ping_status":"open","sticky":false,"template":"","format":"standard","meta":{"footnotes":""},"categories":[25],"tags":[1452,5980,4936,5981,163],"class_list":["post-38368","post","type-post","status-publish","format-standard","has-post-thumbnail","hentry","category-gundem","tag-enstitu","tag-lale","tag-osmanli","tag-ozal","tag-turk"],"_links":{"self":[{"href":"https:\/\/ikimisli.tr\/index.php\/wp-json\/wp\/v2\/posts\/38368","targetHints":{"allow":["GET"]}}],"collection":[{"href":"https:\/\/ikimisli.tr\/index.php\/wp-json\/wp\/v2\/posts"}],"about":[{"href":"https:\/\/ikimisli.tr\/index.php\/wp-json\/wp\/v2\/types\/post"}],"author":[{"embeddable":true,"href":"https:\/\/ikimisli.tr\/index.php\/wp-json\/wp\/v2\/users\/1"}],"replies":[{"embeddable":true,"href":"https:\/\/ikimisli.tr\/index.php\/wp-json\/wp\/v2\/comments?post=38368"}],"version-history":[{"count":1,"href":"https:\/\/ikimisli.tr\/index.php\/wp-json\/wp\/v2\/posts\/38368\/revisions"}],"predecessor-version":[{"id":38373,"href":"https:\/\/ikimisli.tr\/index.php\/wp-json\/wp\/v2\/posts\/38368\/revisions\/38373"}],"wp:featuredmedia":[{"embeddable":true,"href":"https:\/\/ikimisli.tr\/index.php\/wp-json\/wp\/v2\/media\/38369"}],"wp:attachment":[{"href":"https:\/\/ikimisli.tr\/index.php\/wp-json\/wp\/v2\/media?parent=38368"}],"wp:term":[{"taxonomy":"category","embeddable":true,"href":"https:\/\/ikimisli.tr\/index.php\/wp-json\/wp\/v2\/categories?post=38368"},{"taxonomy":"post_tag","embeddable":true,"href":"https:\/\/ikimisli.tr\/index.php\/wp-json\/wp\/v2\/tags?post=38368"}],"curies":[{"name":"wp","href":"https:\/\/api.w.org\/{rel}","templated":true}]}}