{"id":38397,"date":"2025-05-14T17:00:25","date_gmt":"2025-05-14T17:00:25","guid":{"rendered":"https:\/\/ikimisli.tr\/?p=38397"},"modified":"2025-05-14T17:00:25","modified_gmt":"2025-05-14T17:00:25","slug":"huda-par-calistay-yapti-basdanisman-ucum-ve-akpli-metiner-birbirine-girdi","status":"publish","type":"post","link":"https:\/\/ikimisli.tr\/index.php\/2025\/05\/14\/huda-par-calistay-yapti-basdanisman-ucum-ve-akpli-metiner-birbirine-girdi\/","title":{"rendered":"H\u00dcDA PAR \u00e7al\u0131\u015ftay yapt\u0131, Ba\u015fdan\u0131\u015fman U\u00e7um ve AKP\u2019li Metiner birbirine girdi"},"content":{"rendered":"<p>\u00c7al\u0131\u015ftaya, AK Parti MKYK \u00dcyesi Orhan Miro\u011flu, AK Parti Diyarbak\u0131r Milletvekili Galip Ensario\u011flu, eski AK Parti milletvekilleri Mehmet Metiner ve Abdurrahman Kurt ile Yeni Akit yaz\u0131lar\u0131ndan Mustafa Arma\u011fan \u00fczere isimler kat\u0131ld\u0131.<\/p>\n<p><b>Bildirgede Dikkat \u00c7eken Talepler<\/b><\/p>\n<p>\u00c7al\u0131\u015ftay\u0131n akabinde yay\u0131nlanan bildirgede, anadilde e\u011fitimin \u00f6n\u00fcn\u00fcn a\u00e7\u0131lmas\u0131, K\u00fcrt\u00e7enin anayasal garanti alt\u0131na al\u0131nmas\u0131, anayasan\u0131n de\u011fi\u015ftirilmesi ve &#8220;herkesin T\u00fcrk oldu\u011fu&#8221; tarifinden vazge\u00e7ilmesi \u00fczere talepler yer ald\u0131. Ayr\u0131yeten, &#8220;K\u00fcrt probleminin kayna\u011f\u0131n\u0131 olu\u015fturan Kemalist zihniyetin eseri olan darbe anayasas\u0131n\u0131n de\u011fi\u015ftirilmesi&#8221; gerekti\u011fi vurguland\u0131.<\/p>\n<p><b>Cumhurba\u015fkan\u0131 Ba\u015fdan\u0131\u015fman\u0131 U\u00e7um&#8217;dan Sert Reaksiyon: &#8220;Ars\u0131zca \u0130hanetler&#8221;<\/b><\/p>\n<p>Cumhurba\u015fkan\u0131 Ba\u015fdan\u0131\u015fman\u0131 Mehmet U\u00e7um, bildirgeye sert reaksiyon g\u00f6stererek \u00e7al\u0131\u015ftay\u0131 &#8220;ihanet&#8221; olarak niteledi. Toplumsal medya hesab\u0131ndan a\u00e7\u0131klama yapan U\u00e7um, &#8220;Ter\u00f6rs\u00fcz T\u00fcrkiye amac\u0131na ihanetler ars\u0131zca art\u0131yor&#8221; tabirlerini kulland\u0131.<\/p>\n<p><b>U\u00e7um payla\u015f\u0131m\u0131nda \u015fu tabirlere yer verdi:<\/b><\/p>\n<p>&#8220;1 Ekim ve devam\u0131nda Say\u0131n Bah\u00e7eli\u2019nin hamleleri ve Cumhurba\u015fkan\u0131 Erdo\u011fan\u2019\u0131n yakla\u015f\u0131mlar\u0131yla devreye giren Devlet \u0130nisiyatifinin bir tesiri de b\u00fct\u00fcn emperyalist b\u00f6l\u00fcnme projesi yanl\u0131lar\u0131n\u0131n bir bir de\u015fire olmas\u0131d\u0131r.<\/p>\n<p>Ter\u00f6r probleminin k\u00f6kten ortadan kald\u0131r\u0131lmas\u0131 i\u00e7in ba\u015flat\u0131lan yeni devri istismar edenler hadsizlikte tepe yapt\u0131lar.<\/p>\n<p>T\u00fcrkiye\u2019yi b\u00f6lme ama\u00e7l\u0131 Emperyalist d\u0131\u015f K\u00fcrt sorunu projesini referans al\u0131p g\u00fcya insani tahlil \u00e7al\u0131\u015ftay\u0131 yapanlar sonu\u00e7 bildirgesiyle a\u00e7\u0131k\u00e7a ve ars\u0131zca T\u00fcrkiye\u2019nin b\u00f6l\u00fcnmesinden yana olduklar\u0131n\u0131 ilan ettiler.&#8221;<\/p>\n<p><b>Mehmet Metiner&#8217;den U\u00e7um&#8217;a Kar\u015f\u0131l\u0131k: &#8220;O Birilerine Cevab\u0131md\u0131r&#8221;<\/b><\/p>\n<p>\u00c7al\u0131\u015ftayda sunum yapan AK Parti eski milletvekili Mehmet Metiner, U\u00e7um&#8217;a isim vermeden kar\u015f\u0131l\u0131k verdi. Metiner, toplumsal medya hesab\u0131ndan yapt\u0131\u011f\u0131 payla\u015f\u0131mda \u015fu s\u00f6zleri kulland\u0131:<\/p>\n<p>&#8220;Ben AK Partiliyim, AK Partili g\u00f6r\u00fcn\u00fcnlerden de\u011filim. Kat\u0131ld\u0131\u011f\u0131m her platformda Reis&#8217;imizin ve AK Parti&#8217;mizin kurucu ruhunu savunan biriyim. Diyarbak\u0131r&#8217;da H\u00dcDA PAR&#8217;\u0131n d\u00fczenledi\u011fi \u00e7al\u0131\u015ftayda sundu\u011fum bildirimde de bug\u00fcn\u00fc kadar k\u00f6\u015fe yaz\u0131lar\u0131mda ve ekranlarda savundu\u011fum niyetlerimi lisana getirdim.&#8221;<\/p>\n<p>Metiner, &#8220;K\u00fcrt meselesi&#8221; tarifini yanl\u0131\u015f buldu\u011funu belirterek, &#8220;Tek devlet, tek millet, tek bayrak, tek vatan anlay\u0131\u015f\u0131n\u0131n akidemize ve tarihi deneyimimize uygun oldu\u011funa inan\u0131yorum. Bu y\u00fczden etnik temelli federasyon ve \u00f6zerklik talepleri b\u00f6l\u00fcnmeye g\u00f6t\u00fcr\u00fcr&#8221; dedi.<\/p>\n<p>Metiner, resmi lisan\u0131n ve e\u011fitim lisan\u0131n\u0131n yaln\u0131zca T\u00fcrk\u00e7e olmas\u0131 gerekti\u011fini belirterek, ba\u015fka lisanlar\u0131n kamusal alanda \u00f6\u011frenilip \u00f6\u011fretilebilece\u011fini vurgulad\u0131.<\/p>\n<p>Ayr\u0131ca, &#8220;\u015eehirlerimizi T\u00fcrk yahut K\u00fcrt olarak ay\u0131rmak yanl\u0131\u015ft\u0131r. Biz hem T\u00fcrk\u00fcz hem K\u00fcrt\u00fcz hem Arap&#8217;\u0131z, biz birlikte T\u00fcrkiye&#8217;yiz&#8221; s\u00f6zlerini kulland\u0131.<\/p>\n<p>Metiner, Bah\u00e7eli&#8217;nin ter\u00f6r \u00f6rg\u00fct\u00fcn\u00fcn silahlar\u0131n\u0131 \u015farts\u0131z b\u0131rakmas\u0131 taraf\u0131ndaki davetine da dayanak verdi.<\/p>\n","protected":false},"excerpt":{"rendered":"<p>H\u00dcDA PAR&#8217;\u0131n Diyarbak\u0131r&#8217;da d\u00fczenledi\u011fi &#8220;K\u00fcrt Problemine \u0130nsani Tahlil \u00c7al\u0131\u015ftay\u0131&#8221;, siyasetin de\u011ferli isimlerini bir ortaya getirdi. Fakat aktifli\u011fin akabinde yay\u0131nlanan bildirge, tart\u0131\u015fmalara neden oldu.<\/p>\n","protected":false},"author":1,"featured_media":38398,"comment_status":"open","ping_status":"open","sticky":false,"template":"","format":"standard","meta":{"footnotes":""},"categories":[25],"tags":[1114,1914,5990,163,5991],"class_list":["post-38397","post","type-post","status-publish","format-standard","has-post-thumbnail","hentry","category-gundem","tag-ak-parti","tag-kurt","tag-metiner","tag-turk","tag-ucum"],"_links":{"self":[{"href":"https:\/\/ikimisli.tr\/index.php\/wp-json\/wp\/v2\/posts\/38397","targetHints":{"allow":["GET"]}}],"collection":[{"href":"https:\/\/ikimisli.tr\/index.php\/wp-json\/wp\/v2\/posts"}],"about":[{"href":"https:\/\/ikimisli.tr\/index.php\/wp-json\/wp\/v2\/types\/post"}],"author":[{"embeddable":true,"href":"https:\/\/ikimisli.tr\/index.php\/wp-json\/wp\/v2\/users\/1"}],"replies":[{"embeddable":true,"href":"https:\/\/ikimisli.tr\/index.php\/wp-json\/wp\/v2\/comments?post=38397"}],"version-history":[{"count":1,"href":"https:\/\/ikimisli.tr\/index.php\/wp-json\/wp\/v2\/posts\/38397\/revisions"}],"predecessor-version":[{"id":38399,"href":"https:\/\/ikimisli.tr\/index.php\/wp-json\/wp\/v2\/posts\/38397\/revisions\/38399"}],"wp:featuredmedia":[{"embeddable":true,"href":"https:\/\/ikimisli.tr\/index.php\/wp-json\/wp\/v2\/media\/38398"}],"wp:attachment":[{"href":"https:\/\/ikimisli.tr\/index.php\/wp-json\/wp\/v2\/media?parent=38397"}],"wp:term":[{"taxonomy":"category","embeddable":true,"href":"https:\/\/ikimisli.tr\/index.php\/wp-json\/wp\/v2\/categories?post=38397"},{"taxonomy":"post_tag","embeddable":true,"href":"https:\/\/ikimisli.tr\/index.php\/wp-json\/wp\/v2\/tags?post=38397"}],"curies":[{"name":"wp","href":"https:\/\/api.w.org\/{rel}","templated":true}]}}