{"id":38456,"date":"2025-05-14T20:36:20","date_gmt":"2025-05-14T20:36:20","guid":{"rendered":"https:\/\/ikimisli.tr\/?p=38456"},"modified":"2025-05-14T20:36:20","modified_gmt":"2025-05-14T20:36:20","slug":"ttbden-akpli-saricam-tepkisi-yasal-sureci-baslatacagiz","status":"publish","type":"post","link":"https:\/\/ikimisli.tr\/index.php\/2025\/05\/14\/ttbden-akpli-saricam-tepkisi-yasal-sureci-baslatacagiz\/","title":{"rendered":"TTB&#8217;den AKP&#8217;li Sar\u0131\u00e7am tepkisi: Yasal s\u00fcreci ba\u015flataca\u011f\u0131z"},"content":{"rendered":"<p>Hekimlere y\u00f6nelik \u015fiddeti te\u015fvik eden AKP K\u0131rklareli Milletvekili Ahmet G\u00f6khan Sar\u0131\u00e7am hakk\u0131nda T\u00fcrk Tabipleri Birli\u011fi&#8217;nden a\u00e7\u0131klama geldi.<\/p>\n<p>A\u00e7\u0131klamada, &#8220;Konu\u015fmas\u0131nda, halk\u0131n vergileri ile yap\u0131lacak ve sonra aile doktorlar\u0131na para kar\u015f\u0131l\u0131\u011f\u0131 kiralanacak olan tesisi kendisinin yahut partisinin cebinden yap\u0131lan b\u00fcy\u00fck bir l\u00fctuf \u00fczere g\u00f6stermesi, kendini milletin vekili de\u011fil sahibi \u00fczere g\u00f6ren kibirli anlay\u0131\u015f\u0131n yans\u0131mas\u0131d\u0131r. Asla kabul edemeyece\u011fimiz bu anlay\u0131\u015ftan daha \u00fcz\u00fcc\u00fc ve deh\u015fet verici olan ise Sar\u0131\u00e7am\u2019\u0131n konu\u015fmas\u0131nda s\u0131hhat i\u015f\u00e7ilerini ama\u00e7 g\u00f6stermi\u015f olmas\u0131d\u0131r.&#8221; denildi.<\/p>\n<p><b>&#8220;BU Z\u0130HN\u0130YET\u0130 ESEFLE KINIYORUZ&#8221;<\/b><\/p>\n<p>A\u00e7\u0131klamada \u015fu s\u00f6zlere yer verildi:<\/p>\n<p>-Sa\u011fl\u0131k alan\u0131nda ya\u015fanan b\u00fct\u00fcn meselelerin sebebi 20 y\u0131ld\u0131r uygulanan \u00f6zelle\u015ftirmeci politikalarken bunu g\u00f6zlerden ka\u00e7\u0131rmak i\u00e7in c\u00fcrm\u00fc s\u0131hhat \u00e7al\u0131\u015fanlar\u0131na y\u00fckleyen ve halka ama\u00e7 olarak g\u00f6steren bu zihniyeti esefle k\u0131n\u0131yoruz.<\/p>\n<p>-Sa\u011fl\u0131kta \u015fiddetin sebebi tam da bu zihniyettir. Bu zihniyet y\u00fcz\u00fcnden her g\u00fcn onlarca doktor ve s\u0131hhat i\u015f\u00e7isi \u015fiddete u\u011framakta, yaralanmakta, hayat\u0131n\u0131 kaybedenler olmaktad\u0131r. Bu k\u0131\u015fk\u0131rtmalar sonucu \u00f6ld\u00fcr\u00fclen arkada\u015flar\u0131m\u0131z\u0131n an\u0131lar\u0131 haf\u0131zam\u0131zda canl\u0131l\u0131\u011f\u0131n\u0131 korurken, pek \u00e7ok tabip ve s\u0131hhat \u00e7al\u0131\u015fan\u0131 s\u0131hhatte \u015fiddet y\u00fcz\u00fcnden mesle\u011finden uzakla\u015fmakta, \u015fiddet g\u00f6rmeyece\u011fi bran\u015flara, \u00e7al\u0131\u015fma ortamlar\u0131na, \u00fclkelere y\u00f6nelmektedir.<\/p>\n<p><b>&#8220;SU\u00c7A TE\u015eV\u0130K ETMEKTE&#8221;<\/b><\/p>\n<p>-Sa\u011fl\u0131\u011f\u0131 y\u00f6netenlerin bir halk s\u0131hhati sorunu haline getirdikleri s\u0131hhatte \u015fiddetle gayret etmemeleri bir ger\u00e7ek olarak ortada iken bu \u00e7e\u015fitten k\u0131\u015fk\u0131rtmalarla i\u015flenecek c\u00fcr\u00fcmlere ortak olduklar\u0131 da a\u00e7\u0131kt\u0131r.<\/p>\n<p>-Ahmet G\u00f6khan Sar\u0131\u00e7am a\u00e7\u0131k\u00e7a s\u00f6z etti\u011fi \u00fczere halk\u0131 s\u0131hhat \u00e7al\u0131\u015fanlar\u0131na kar\u015f\u0131 k\u0131\u015fk\u0131rtarak kabahat i\u015flemekte, hatas\u0131 te\u015fvik etmektedir.<\/p>\n<p><b>&#8220;YASAL S\u00dcREC\u0130 BA\u015eLATACA\u011eIZ&#8221;<\/b><\/p>\n<p>-T\u00fcrk Tabipleri Birli\u011fi olarak kendisiyle ilgili yasal s\u00fcre\u00e7leri ba\u015flataca\u011f\u0131m\u0131z\u0131 belirtiyor, S\u0131hhat Bakanl\u0131\u011f\u0131n\u0131, b\u00fcy\u00fck \u00f6zveri ile kald\u0131r\u0131lmas\u0131 imkans\u0131z bir i\u015f y\u00fck\u00fc alt\u0131nda \u00e7al\u0131\u015fan doktorlar ve s\u0131hhat i\u015f\u00e7ilerinin haklar\u0131n\u0131 m\u00fcdafaaya, bu sorumsuz a\u00e7\u0131klamay\u0131 yapan milletvekili ile ilgili yapt\u0131r\u0131mlar i\u00e7in te\u015febb\u00fcste bulunmaya, s\u0131hhatte \u015fiddet ile tesirli bir formda u\u011fra\u015f etmeye \u00e7a\u011f\u0131r\u0131yoruz.&#8221;<\/p>\n","protected":false},"excerpt":{"rendered":"<p>T\u00fcrk Tabipleri Birli\u011fi (TTB), s\u0131hhat \u00e7al\u0131\u015fanlar\u0131n\u0131 ama\u00e7 alan AKP K\u0131rklareli Milletvekili Ahmet G\u00f6khan Sar\u0131\u00e7am hakk\u0131nda yasal s\u00fcre\u00e7 ba\u015flatacaklar\u0131n\u0131 duyurdu.<\/p>\n","protected":false},"author":1,"featured_media":38457,"comment_status":"open","ping_status":"open","sticky":false,"template":"","format":"standard","meta":{"footnotes":""},"categories":[25],"tags":[595,150,2172,97],"class_list":["post-38456","post","type-post","status-publish","format-standard","has-post-thumbnail","hentry","category-gundem","tag-hekim","tag-saglik","tag-siddet","tag-suc"],"_links":{"self":[{"href":"https:\/\/ikimisli.tr\/index.php\/wp-json\/wp\/v2\/posts\/38456","targetHints":{"allow":["GET"]}}],"collection":[{"href":"https:\/\/ikimisli.tr\/index.php\/wp-json\/wp\/v2\/posts"}],"about":[{"href":"https:\/\/ikimisli.tr\/index.php\/wp-json\/wp\/v2\/types\/post"}],"author":[{"embeddable":true,"href":"https:\/\/ikimisli.tr\/index.php\/wp-json\/wp\/v2\/users\/1"}],"replies":[{"embeddable":true,"href":"https:\/\/ikimisli.tr\/index.php\/wp-json\/wp\/v2\/comments?post=38456"}],"version-history":[{"count":1,"href":"https:\/\/ikimisli.tr\/index.php\/wp-json\/wp\/v2\/posts\/38456\/revisions"}],"predecessor-version":[{"id":38458,"href":"https:\/\/ikimisli.tr\/index.php\/wp-json\/wp\/v2\/posts\/38456\/revisions\/38458"}],"wp:featuredmedia":[{"embeddable":true,"href":"https:\/\/ikimisli.tr\/index.php\/wp-json\/wp\/v2\/media\/38457"}],"wp:attachment":[{"href":"https:\/\/ikimisli.tr\/index.php\/wp-json\/wp\/v2\/media?parent=38456"}],"wp:term":[{"taxonomy":"category","embeddable":true,"href":"https:\/\/ikimisli.tr\/index.php\/wp-json\/wp\/v2\/categories?post=38456"},{"taxonomy":"post_tag","embeddable":true,"href":"https:\/\/ikimisli.tr\/index.php\/wp-json\/wp\/v2\/tags?post=38456"}],"curies":[{"name":"wp","href":"https:\/\/api.w.org\/{rel}","templated":true}]}}