{"id":38622,"date":"2025-05-15T05:48:13","date_gmt":"2025-05-15T05:48:13","guid":{"rendered":"https:\/\/ikimisli.tr\/?p=38622"},"modified":"2025-05-15T05:48:13","modified_gmt":"2025-05-15T05:48:13","slug":"sergen-yalcin-agir-sozlerle-elestirmisti-hollandaya-damga-vurdu","status":"publish","type":"post","link":"https:\/\/ikimisli.tr\/index.php\/2025\/05\/15\/sergen-yalcin-agir-sozlerle-elestirmisti-hollandaya-damga-vurdu\/","title":{"rendered":"Sergen Yal\u00e7\u0131n a\u011f\u0131r s\u00f6zlerle ele\u015ftirmi\u015fti! Hollanda&#8217;ya damga vurdu"},"content":{"rendered":"<p>Eski futbolcu ve teknik y\u00f6netici Sergen Yal\u00e7\u0131n, Francesco Farioli&#8217;nin Ajax&#8217;\u0131n ba\u015f\u0131na ge\u00e7mesiyle ilgili tenkitlerde bulunmu\u015ftu.<\/p>\n<p>Ajax, Johan Cruyff Arena&#8217;da Heracles&#8217;i 4-0 yenerek bir ma\u00e7\u0131 eksik olmas\u0131na kar\u015f\u0131n doru\u011fa yerle\u015fti. 7&#8217;de 7 yaparak fevkalade bir seri yakalayan Farioli&#8217;nin tak\u0131m\u0131,  puan\u0131n\u0131 54&#8217;e y\u00fckselterek bir ma\u00e7\u0131 eksik olmas\u0131na kar\u015f\u0131n PSV&#8217;nin \u00f6n\u00fcnde liderlik koltu\u011funa oturdu. <\/p>\n<p>Son yedi ma\u00e7\u0131n\u0131 da kazanan Ajax, bu sezon ligde oynad\u0131\u011f\u0131 22 ma\u00e7ta 17 galibiyet, 3 beraberlik ve 2 ma\u011flubiyet ald\u0131 ve 2021-2022 d\u00f6neminden bu yana birinci sefer 54 puana ula\u015ft\u0131. Farioli&#8217;nin gen\u00e7 yeteneklere duydu\u011fu inan\u00e7 ve oyun sistemi kelam konusu ba\u015far\u0131da k\u0131ymetli rol oynad\u0131. <\/p>\n<p><b>A\u011eIR TENK\u0130TLER YAPTI<\/b><\/p>\n<p>Hollanda Eredivisie&#8217;nin 23. haftal\u0131k k\u0131sm\u0131na damga vuran Francesco Farioli idaresindeki Ajax, Sergen Yal\u00e7\u0131n&#8217;\u0131n kelamlar\u0131n\u0131 ak\u0131llara getirdi.<\/p>\n<p>Sergen Yal\u00e7\u0131n daha evvel Farioli i\u00e7in, &#8220;Farioli paket oluyordu, Be\u015fikta\u015f ma\u00e7\u0131yla kurtard\u0131. Ajax teknik y\u00f6neticisi olmas\u0131na ben inanam\u0131yorum. Sadece \u0130talyan oldu\u011fu i\u00e7in adam teknik y\u00f6netici oldu. Arttan \u00fc\u00e7 tane pas yap\u0131nca &#8216;vay, b\u00fcy\u00fck hoca, \u015f\u00f6yle hoca&#8217; s\u00f6zleri ba\u015flad\u0131. Nice&#8217;e gitti, oradan Ajax&#8217;a gitti. \u0130nanam\u0131yorum, d\u00fcnya komedisi&#8221; s\u00f6zlerini kullanarak \u0130talyan \u00e7al\u0131\u015ft\u0131r\u0131c\u0131y\u0131 a\u011f\u0131r s\u00f6zlerle ele\u015ftirmi\u015fti..<\/p>\n","protected":false},"excerpt":{"rendered":"<p>Eski futbolcu ve teknik y\u00f6netici Sergen Yal\u00e7\u0131n&#8217;\u0131n adeta yerden yere vurdu\u011fu Francesco Farioli, Ajax&#8217;ta yakalad\u0131\u011f\u0131 ba\u015far\u0131larla kendisini ele\u015ftirenleri pi\u015fman ediyor&#8230;<\/p>\n","protected":false},"author":1,"featured_media":38623,"comment_status":"open","ping_status":"open","sticky":false,"template":"","format":"standard","meta":{"footnotes":""},"categories":[30],"tags":[4188,6014],"class_list":["post-38622","post","type-post","status-publish","format-standard","has-post-thumbnail","hentry","category-spor","tag-ajax","tag-farioli"],"_links":{"self":[{"href":"https:\/\/ikimisli.tr\/index.php\/wp-json\/wp\/v2\/posts\/38622","targetHints":{"allow":["GET"]}}],"collection":[{"href":"https:\/\/ikimisli.tr\/index.php\/wp-json\/wp\/v2\/posts"}],"about":[{"href":"https:\/\/ikimisli.tr\/index.php\/wp-json\/wp\/v2\/types\/post"}],"author":[{"embeddable":true,"href":"https:\/\/ikimisli.tr\/index.php\/wp-json\/wp\/v2\/users\/1"}],"replies":[{"embeddable":true,"href":"https:\/\/ikimisli.tr\/index.php\/wp-json\/wp\/v2\/comments?post=38622"}],"version-history":[{"count":1,"href":"https:\/\/ikimisli.tr\/index.php\/wp-json\/wp\/v2\/posts\/38622\/revisions"}],"predecessor-version":[{"id":38624,"href":"https:\/\/ikimisli.tr\/index.php\/wp-json\/wp\/v2\/posts\/38622\/revisions\/38624"}],"wp:featuredmedia":[{"embeddable":true,"href":"https:\/\/ikimisli.tr\/index.php\/wp-json\/wp\/v2\/media\/38623"}],"wp:attachment":[{"href":"https:\/\/ikimisli.tr\/index.php\/wp-json\/wp\/v2\/media?parent=38622"}],"wp:term":[{"taxonomy":"category","embeddable":true,"href":"https:\/\/ikimisli.tr\/index.php\/wp-json\/wp\/v2\/categories?post=38622"},{"taxonomy":"post_tag","embeddable":true,"href":"https:\/\/ikimisli.tr\/index.php\/wp-json\/wp\/v2\/tags?post=38622"}],"curies":[{"name":"wp","href":"https:\/\/api.w.org\/{rel}","templated":true}]}}