{"id":38693,"date":"2025-05-15T10:12:17","date_gmt":"2025-05-15T10:12:17","guid":{"rendered":"https:\/\/ikimisli.tr\/?p=38693"},"modified":"2025-05-15T10:12:17","modified_gmt":"2025-05-15T10:12:17","slug":"ayiya-yem-olan-ciftten-korku-dolu-son-mesaj","status":"publish","type":"post","link":"https:\/\/ikimisli.tr\/index.php\/2025\/05\/15\/ayiya-yem-olan-ciftten-korku-dolu-son-mesaj\/","title":{"rendered":"Ay\u0131ya yem olan \u00e7iftten korku dolu son mesaj"},"content":{"rendered":"<p>Tecr\u00fcbeli tabiat y\u00fcr\u00fcy\u00fc\u015f\u00e7\u00fcs\u00fc olan bir \u00e7ift, yedi g\u00fcnl\u00fck bir kamp seyahatine \u00e7\u0131km\u0131\u015ft\u0131. 62 ya\u015flar\u0131nda olan Doug ve Jenny, bu seyahat s\u0131ras\u0131nda \u00f6l\u00fcmc\u00fcl bir kusur yapt\u0131&#8230; Kanada&#8217;n\u0131n Banff Ulusal Park\u0131&#8217;nda k\u00f6pekleriyle birlikte kamp yapan \u00e7ift, ay\u0131 sald\u0131r\u0131s\u0131na u\u011frad\u0131\u011f\u0131 s\u0131rada telsizle bir bildiri g\u00f6ndermeyi ba\u015fard\u0131.<\/p>\n<p>Hayatlar\u0131n\u0131 kaybettikleri g\u00fcnde planlar\u0131n\u0131n gerisinde olduklar\u0131n\u0131 telsiz arac\u0131l\u0131\u011f\u0131yla bildiren \u00e7ift, tekrar de inan\u00e7ta olduklar\u0131n\u0131 ve Panther Vadisi&#8217;ndeki Red Deer Irma\u011f\u0131 k\u0131y\u0131s\u0131nda kamp kurduklar\u0131n\u0131 iletti. Lakin birka\u00e7 saat sonra, o ac\u0131 ses yank\u0131land\u0131: <em><strong>&#8220;Ay\u0131 sald\u0131r\u0131s\u0131, \u00e7ok berbat.&#8221;<\/strong><\/em><\/p>\n<p>\u0130\u015fareti alanlar, &#8220;Bu d\u00fczg\u00fcn de\u011fil, burada \u00f6nemli bir olay ya\u015fan\u0131yor&#8221; diyerek \u00e7abucak alarm durumuna ge\u00e7ti. \u00c7iftin acil durum sinyali, ulusal park yetkilileri taraf\u0131ndan da otomatik olarak alg\u0131land\u0131 ve \u00e7abucak bir helikopter g\u00f6nderildi. Fakat tak\u0131m, ikili ula\u015fabilmek i\u00e7in \u00fc\u00e7 saatlik bir seyahat yapt\u0131 ve akabinde arazi ara\u00e7lar\u0131na binerek aramaya devam ettiler.<\/p>\n<p>Saatler sonra, gece 02.00&#8217;de kampa ula\u015ft\u0131klar\u0131nda art\u0131k her \u015fey i\u00e7in \u00e7ok ge\u00e7ti.<\/p>\n<p><b>AYI SPREY\u0130 H\u0130\u00c7B\u0130R \u0130\u015eE YARAMADI<\/b><\/p>\n<p>Kurtarma grubu, \u00e7iftin ve border collie cinsi k\u00f6peklerinin par\u00e7alanm\u0131\u015f v\u00fccutlar\u0131n\u0131 buldu. Park yetkililerine nazaran \u00e7ift, \u00e7ad\u0131rlar\u0131n\u0131n i\u00e7inde kitap okuduklar\u0131 s\u0131rada ak\u0131na u\u011frad\u0131. Tabiat seyahatleri konusunda deneyimli olan \u00e7ift, ay\u0131larla daha evvel de kar\u015f\u0131la\u015fm\u0131\u015flard\u0131 ve bu \u00e7e\u015fit durumlarla kar\u015f\u0131 son derece bilin\u00e7liydiler. \u00c7ift, ay\u0131 spreyiyle kendilerini savunmaya \u00e7al\u0131\u015fsa da bu da yarar etmedi. Bir kutu b\u00fcsb\u00fct\u00fcn bo\u015falsa da sald\u0131rgan ay\u0131 geri ad\u0131m atmad\u0131.<\/p>\n<p><b>SALDIRGAN AYI KURTARMA TAKIMINA DE SALDIRDI<\/b><\/p>\n<p>Ulusal park yetkilileri olay yerine vard\u0131klar\u0131nda ay\u0131n\u0131n hala kamp alan\u0131 etraf\u0131nda oldu\u011funu ve \u00fczerlerine yanl\u0131\u015fs\u0131z h\u00fccuma ge\u00e7ti\u011fi i\u00e7in onu vurmak zorunda kald\u0131klar\u0131n\u0131 belirtti. Yetkililere nazaran ay\u0131n\u0131n tek emeli yok etmekti&#8230; Olay\u0131n ayr\u0131nt\u0131lar\u0131 bir m\u00fcddet sonra YouTube&#8217;da payla\u015f\u0131ld\u0131 ve binlerce yorum ald\u0131. Bir\u00e7ok ki\u015fi, \u00e7iftin &#8220;ay\u0131 b\u00f6lgesinde kamp kurarak b\u00fcy\u00fck bir yan\u0131lg\u0131 yapt\u0131\u011f\u0131n\u0131&#8221; \u00f6ne s\u00fcrd\u00fc&#8230;<\/p>\n","protected":false},"excerpt":{"rendered":"<p>Bir \u00e7ift, yanlar\u0131nda k\u00f6pekleriyle birlikte kamp yapt\u0131klar\u0131 s\u0131rada ay\u0131 sald\u0131r\u0131s\u0131na u\u011frayarak hayatlar\u0131n\u0131 kaybetti. \u00c7ift, son anlar\u0131nda ailelerine kayg\u0131 dolu bir &#8216;acil durum&#8217; bildirisi g\u00f6ndermeyi ba\u015fard\u0131&#8230;<\/p>\n","protected":false},"author":1,"featured_media":38694,"comment_status":"open","ping_status":"open","sticky":false,"template":"","format":"standard","meta":{"footnotes":""},"categories":[43],"tags":[547,6021],"class_list":["post-38693","post","type-post","status-publish","format-standard","has-post-thumbnail","hentry","category-dunya","tag-cift","tag-kamp"],"_links":{"self":[{"href":"https:\/\/ikimisli.tr\/index.php\/wp-json\/wp\/v2\/posts\/38693","targetHints":{"allow":["GET"]}}],"collection":[{"href":"https:\/\/ikimisli.tr\/index.php\/wp-json\/wp\/v2\/posts"}],"about":[{"href":"https:\/\/ikimisli.tr\/index.php\/wp-json\/wp\/v2\/types\/post"}],"author":[{"embeddable":true,"href":"https:\/\/ikimisli.tr\/index.php\/wp-json\/wp\/v2\/users\/1"}],"replies":[{"embeddable":true,"href":"https:\/\/ikimisli.tr\/index.php\/wp-json\/wp\/v2\/comments?post=38693"}],"version-history":[{"count":1,"href":"https:\/\/ikimisli.tr\/index.php\/wp-json\/wp\/v2\/posts\/38693\/revisions"}],"predecessor-version":[{"id":38695,"href":"https:\/\/ikimisli.tr\/index.php\/wp-json\/wp\/v2\/posts\/38693\/revisions\/38695"}],"wp:featuredmedia":[{"embeddable":true,"href":"https:\/\/ikimisli.tr\/index.php\/wp-json\/wp\/v2\/media\/38694"}],"wp:attachment":[{"href":"https:\/\/ikimisli.tr\/index.php\/wp-json\/wp\/v2\/media?parent=38693"}],"wp:term":[{"taxonomy":"category","embeddable":true,"href":"https:\/\/ikimisli.tr\/index.php\/wp-json\/wp\/v2\/categories?post=38693"},{"taxonomy":"post_tag","embeddable":true,"href":"https:\/\/ikimisli.tr\/index.php\/wp-json\/wp\/v2\/tags?post=38693"}],"curies":[{"name":"wp","href":"https:\/\/api.w.org\/{rel}","templated":true}]}}