{"id":38696,"date":"2025-05-15T10:24:18","date_gmt":"2025-05-15T10:24:18","guid":{"rendered":"https:\/\/ikimisli.tr\/?p=38696"},"modified":"2025-05-15T10:24:18","modified_gmt":"2025-05-15T10:24:18","slug":"emekli-kadin-dev-servetini-uyesi-oldugu-siyasi-partiye-birakti","status":"publish","type":"post","link":"https:\/\/ikimisli.tr\/index.php\/2025\/05\/15\/emekli-kadin-dev-servetini-uyesi-oldugu-siyasi-partiye-birakti\/","title":{"rendered":"Emekli kad\u0131n dev servetini \u00fcyesi oldu\u011fu siyasi partiye b\u0131rakt\u0131"},"content":{"rendered":"<p>Almanya\u2019daki \u00e7ok sa\u011fc\u0131 Almanya i\u00e7in Alternatif (AfD) partisi, Berlinli bir bayandan yakla\u015f\u0131k 6 milyon euro ba\u011f\u0131\u015f ald\u0131. Parti, ba\u011f\u0131\u015f\u0131 ald\u0131\u011f\u0131n\u0131 do\u011frularken, ayr\u0131nt\u0131larla ilgili rastgele bir a\u00e7\u0131klama yapmad\u0131. Art\u013149&#8217;un haberine nazaran, AfD&#8217;nin hesap raporuna nazaran, bayan\u0131n miras\u0131ndan 5.957.969,66 euro partiye aktar\u0131ld\u0131.<\/p>\n<p>Kad\u0131n, Berlin-Dahlem\u2019deki villa ve Sch\u00f6neberg\u2019deki alt\u0131 katl\u0131 bir apartman dairesini AfD\u2019ye b\u0131rakm\u0131\u015ft\u0131. Yakla\u015f\u0131k 2 y\u0131l evvel vefat eden bayan, m\u00fcnzevi bir hayat s\u00fcr\u00fcyordu, evli de\u011fildi ve \u00e7ocu\u011fu yoktu. Kom\u015fular\u0131, AfD&#8217;nin miras\u0131 ald\u0131\u011f\u0131n\u0131 \u00f6\u011frendiklerinde \u015fa\u015fk\u0131nl\u0131klar\u0131n\u0131 lisana getirdi.<\/p>\n<p>Ba\u011f\u0131\u015f\u00e7\u0131, 1942 do\u011fumlu Helga Elisabeth Schwab\u2019d\u0131. Schwab, Berlin-Dahlem&#8217;deki villay\u0131, ba\u015far\u0131l\u0131 bir radyo ve televizyon ticareti yapan babas\u0131ndan miras alm\u0131\u015ft\u0131. Ayr\u0131ca, Sch\u00f6neberg&#8217;deki apartman\u0131 da ona aitti. Siyasi g\u00f6r\u00fc\u015fleri \u00e7ok bilinen birisi de\u011fildi lakin Covid-19 pandemisi s\u0131ras\u0131nda AfD ile ilgili a\u00e7\u0131klamalarda bulunmu\u015ftu. 2021\u2019de AfD\u2019yi tek miras\u00e7\u0131s\u0131 olarak belirlemi\u015f ve partiye 21 bin euro ba\u011f\u0131\u015f yapm\u0131\u015ft\u0131. Schwab\u2019\u0131n 27 Mart 2023\u2019te vefat\u0131n\u0131n akabinde, AfD Sch\u00f6neberg\u2019deki apartman\u0131 2,15 milyon euroya bir emlak yat\u0131r\u0131mc\u0131s\u0131na satt\u0131. Apartman, k\u00fc\u00e7\u00fck dairelerden olu\u015fuyor ve y\u00fcksek kira geliri sa\u011fl\u0131yordu.<\/p>\n<p><b><strong>\u0130LK B\u00dcY\u00dcK M\u0130RAS DE\u011e\u0130L<\/strong><\/b><\/p>\n<p>AfD\u2019nin ald\u0131\u011f\u0131 bu miras, birinci b\u00fcy\u00fck ba\u011f\u0131\u015f de\u011fil. 2018\u2019de, tuvalet sifonlar\u0131 \u00fczerine icatlar yaparak servet kazanan bir mucit, partiye 10 milyon euro bedelinde alt\u0131n ve nakit b\u0131rakm\u0131\u015ft\u0131. Lakin mucidin ruh s\u0131hhatiyle ilgili s\u0131k\u0131nt\u0131lar\u0131 oldu\u011fu arg\u00fcman edilerek, ailesi mahkemeye ba\u015fvurmu\u015ftu.<\/p>\n","protected":false},"excerpt":{"rendered":"<p>Berlinli emekli Helga Elisabeth Schwab, alt\u0131 milyon euroluk miras\u0131n\u0131 Almanya&#8217;n\u0131n \u00e7ok sa\u011fc\u0131 AfD partisine ba\u011f\u0131\u015flad\u0131. Partiden ayr\u0131nt\u0131larla ilgili rastgele bir a\u00e7\u0131klama yap\u0131lmad\u0131.<\/p>\n","protected":false},"author":1,"featured_media":38697,"comment_status":"open","ping_status":"open","sticky":false,"template":"","format":"standard","meta":{"footnotes":""},"categories":[43],"tags":[5324,1871,862,1036],"class_list":["post-38696","post","type-post","status-publish","format-standard","has-post-thumbnail","hentry","category-dunya","tag-afd","tag-bagis","tag-euro","tag-miras"],"_links":{"self":[{"href":"https:\/\/ikimisli.tr\/index.php\/wp-json\/wp\/v2\/posts\/38696","targetHints":{"allow":["GET"]}}],"collection":[{"href":"https:\/\/ikimisli.tr\/index.php\/wp-json\/wp\/v2\/posts"}],"about":[{"href":"https:\/\/ikimisli.tr\/index.php\/wp-json\/wp\/v2\/types\/post"}],"author":[{"embeddable":true,"href":"https:\/\/ikimisli.tr\/index.php\/wp-json\/wp\/v2\/users\/1"}],"replies":[{"embeddable":true,"href":"https:\/\/ikimisli.tr\/index.php\/wp-json\/wp\/v2\/comments?post=38696"}],"version-history":[{"count":1,"href":"https:\/\/ikimisli.tr\/index.php\/wp-json\/wp\/v2\/posts\/38696\/revisions"}],"predecessor-version":[{"id":38698,"href":"https:\/\/ikimisli.tr\/index.php\/wp-json\/wp\/v2\/posts\/38696\/revisions\/38698"}],"wp:featuredmedia":[{"embeddable":true,"href":"https:\/\/ikimisli.tr\/index.php\/wp-json\/wp\/v2\/media\/38697"}],"wp:attachment":[{"href":"https:\/\/ikimisli.tr\/index.php\/wp-json\/wp\/v2\/media?parent=38696"}],"wp:term":[{"taxonomy":"category","embeddable":true,"href":"https:\/\/ikimisli.tr\/index.php\/wp-json\/wp\/v2\/categories?post=38696"},{"taxonomy":"post_tag","embeddable":true,"href":"https:\/\/ikimisli.tr\/index.php\/wp-json\/wp\/v2\/tags?post=38696"}],"curies":[{"name":"wp","href":"https:\/\/api.w.org\/{rel}","templated":true}]}}