{"id":39155,"date":"2025-05-16T14:12:19","date_gmt":"2025-05-16T14:12:19","guid":{"rendered":"https:\/\/ikimisli.tr\/?p=39155"},"modified":"2025-05-16T14:12:19","modified_gmt":"2025-05-16T14:12:19","slug":"151-kisi-olmustu-muteahhidi-tahliye-eden-hakim-icin-reddi-hakim-talebi","status":"publish","type":"post","link":"https:\/\/ikimisli.tr\/index.php\/2025\/05\/16\/151-kisi-olmustu-muteahhidi-tahliye-eden-hakim-icin-reddi-hakim-talebi\/","title":{"rendered":"151 ki\u015fi \u00f6lm\u00fc\u015ft\u00fc! M\u00fcteahhidi tahliye eden hakim i\u00e7in reddi hakim talebi"},"content":{"rendered":"<p>Kahramanmara\u015f merkezli 6 \u015eubat sars\u0131nt\u0131lar\u0131nda Kahramanmara\u015f&#8217;\u0131n Oniki\u015fubat il\u00e7esi \u015eehit Abdullah \u00c7avu\u015f Mahallesi&#8217;ndeki Palmiye Sitesi&#8217;nin \u00fc\u00e7 blokunun y\u0131k\u0131lmas\u0131 sonucu 151 ki\u015finin \u00f6mr\u00fcn\u00fc yitirdi\u011fi 16 ki\u015finin yaraland\u0131\u011f\u0131 bildirilmi\u015fti. Kahramanmara\u015f Cumhuriyet Ba\u015fsavc\u0131l\u0131\u011f\u0131, m\u00fcteahhitler Ali Babao\u011flu, Hac\u0131 Mehmet Ersoy ve jeoloji m\u00fchendisi \u00d6mer Tarak\u00e7\u0131o\u011flu hakk\u0131nda &#8220;Bilin\u00e7li taksirle birden fazla ki\u015finin vefat\u0131na ve yaralanmas\u0131na neden olma&#8221; c\u00fcrm\u00fcnden dava a\u00e7t\u0131.<\/p>\n<p><b>AKP L\u0130DER YARDIMCISININ BABASI<\/b><\/p>\n<p>AKP Kahramanmara\u015f Vilayet Lider Yard\u0131mc\u0131s\u0131 Eray Ersoy&#8217;un da babas\u0131 olan m\u00fcteahhit Hac\u0131 Mehmet Ersoy, Kahramanmara\u015f 3. A\u011f\u0131r Ceza Mahkemesi&#8217;nde 26 Aral\u0131k 2024&#8217;te g\u00f6r\u00fclen ikinci duru\u015fmada, m\u00fcteahhit Ersoy tutukland\u0131 lakin 17 Ocak&#8217;ta &#8220;Kocama hali&#8221; nedeniyle tahliye edildi. Kahramanmara\u015f 4. A\u011f\u0131r Ceza Mahkemesi, 29 Ocak&#8217;ta ailelerin itiraz\u0131 \u00fczerine m\u00fcteahhit Ersoy&#8217;u tutuklamak \u00fczere yakalama karar\u0131 \u00e7\u0131kard\u0131. Yakalama karar\u0131na kar\u015f\u0131n Ersoy, kay\u0131plara kar\u0131\u015ft\u0131. <\/p>\n<p><b>DURU\u015eMAYA KATILMADI<\/b><\/p>\n<p>Palmiye Sitesi&#8217;nin \u00fc\u00e7\u00fcnc\u00fc duru\u015fmas\u0131 bug\u00fcn Kahramanmara\u015f 3. A\u011f\u0131r Ceza Mahkemesi&#8217;ne g\u00f6r\u00fcld\u00fc. Duru\u015fmaya tutuklu m\u00fcteahhit Ali Babao\u011flu, bulundu\u011fu cezaevinden Ses ve Manzara Bili\u015fim Sistemi (SEGB\u0130S) arac\u0131l\u0131\u011f\u0131yla kat\u0131ld\u0131. Tutuksuz olarak yarg\u0131lanan san\u0131k \u00d6mer Tarak\u00e7\u0131o\u011flu, zelzelede yak\u0131nlar\u0131n\u0131 kaybedenlerin aileleri ile taraf avukatlar\u0131 duru\u015fma salonunda haz\u0131r bulundu. Hakk\u0131nda yakalama karar\u0131 \u00e7\u0131kar\u0131lan san\u0131k m\u00fcteahhit Hac\u0131 Mehmet Ersoy ise duru\u015fmaya kat\u0131lmad\u0131.<\/p>\n<p><b>REDD\u0130 HAK\u0130M TALEB\u0130<\/b><\/p>\n<p>Tutuklu san\u0131k m\u00fcteahhit Ali Babao\u011flu ve tutuksuz san\u0131k \u00d6mer Tarak\u00e7\u0131o\u011flu, \u00fczerlerini at\u0131l\u0131 su\u00e7lamalar\u0131 kabul etmedi. M\u00fc\u015ftekiler ve m\u00fc\u015fteki avukatlar\u0131, Ersoy hakk\u0131nda tahliye karar\u0131 veren hakimin tarafs\u0131zl\u0131k unsurunu ihlal etti\u011fi gerek\u00e7esiyle reddi hakim talebinde bulundu. Mahkeme heyeti, bu talebi de\u011ferlendirece\u011fini bildirdi. \u015eayet talep kabul edilmezse, bir \u00fcst mahkemenin bu hususta karar verme yetkisi bulunuyor. Palmiye Sitesi&#8217;nin d\u00f6rd\u00fcnc\u00fc duru\u015fmas\u0131 12 Haziran&#8217;da g\u00f6r\u00fclecek.<\/p>\n","protected":false},"excerpt":{"rendered":"<p>6 \u015eubat sars\u0131nt\u0131lar\u0131nda 151 \u015fahsa mezar olan Palmiye Sitesi davas\u0131n\u0131n \u00fc\u00e7\u00fcnc\u00fc duru\u015fmas\u0131 yap\u0131ld\u0131. 23 g\u00fcnl\u00fck tutuklulu\u011funun akabinde tahliye edilen ve akabinde tutuklanmak \u00fczere hakk\u0131nda yakalama karar\u0131 \u00e7\u0131kar\u0131lan m\u00fcteahhit Hac\u0131 Mehmet Ersoy duru\u015fmaya kat\u0131lmad\u0131. M\u00fc\u015ftekiler ve m\u00fc\u015fteki avukatlar\u0131, Ersoy hakk\u0131nda reddi hakim talebinde bulundu.<\/p>\n","protected":false},"author":1,"featured_media":39156,"comment_status":"open","ping_status":"open","sticky":false,"template":"","format":"standard","meta":{"footnotes":""},"categories":[25],"tags":[1209,1830,991,149,3702],"class_list":["post-39155","post","type-post","status-publish","format-standard","has-post-thumbnail","hentry","category-gundem","tag-durusma","tag-ersoy","tag-kahramanmaras","tag-karar","tag-muteahhit"],"_links":{"self":[{"href":"https:\/\/ikimisli.tr\/index.php\/wp-json\/wp\/v2\/posts\/39155","targetHints":{"allow":["GET"]}}],"collection":[{"href":"https:\/\/ikimisli.tr\/index.php\/wp-json\/wp\/v2\/posts"}],"about":[{"href":"https:\/\/ikimisli.tr\/index.php\/wp-json\/wp\/v2\/types\/post"}],"author":[{"embeddable":true,"href":"https:\/\/ikimisli.tr\/index.php\/wp-json\/wp\/v2\/users\/1"}],"replies":[{"embeddable":true,"href":"https:\/\/ikimisli.tr\/index.php\/wp-json\/wp\/v2\/comments?post=39155"}],"version-history":[{"count":1,"href":"https:\/\/ikimisli.tr\/index.php\/wp-json\/wp\/v2\/posts\/39155\/revisions"}],"predecessor-version":[{"id":39157,"href":"https:\/\/ikimisli.tr\/index.php\/wp-json\/wp\/v2\/posts\/39155\/revisions\/39157"}],"wp:featuredmedia":[{"embeddable":true,"href":"https:\/\/ikimisli.tr\/index.php\/wp-json\/wp\/v2\/media\/39156"}],"wp:attachment":[{"href":"https:\/\/ikimisli.tr\/index.php\/wp-json\/wp\/v2\/media?parent=39155"}],"wp:term":[{"taxonomy":"category","embeddable":true,"href":"https:\/\/ikimisli.tr\/index.php\/wp-json\/wp\/v2\/categories?post=39155"},{"taxonomy":"post_tag","embeddable":true,"href":"https:\/\/ikimisli.tr\/index.php\/wp-json\/wp\/v2\/tags?post=39155"}],"curies":[{"name":"wp","href":"https:\/\/api.w.org\/{rel}","templated":true}]}}