{"id":39158,"date":"2025-05-16T14:24:17","date_gmt":"2025-05-16T14:24:17","guid":{"rendered":"https:\/\/ikimisli.tr\/?p=39158"},"modified":"2025-05-16T14:24:17","modified_gmt":"2025-05-16T14:24:17","slug":"uydularin-halk-sagligini-koruyabilecegi-5-yol","status":"publish","type":"post","link":"https:\/\/ikimisli.tr\/index.php\/2025\/05\/16\/uydularin-halk-sagligini-koruyabilecegi-5-yol\/","title":{"rendered":"Uydular\u0131n halk sa\u011fl\u0131\u011f\u0131n\u0131 koruyabilece\u011fi 5 yol"},"content":{"rendered":"<p>Avrupa Birli\u011fi&#8217;nin (AB) uzay program\u0131 Copernicus, \u00e7evresel bilgileri tahlil ederek D\u00fcnya&#8217;n\u0131n de\u011fi\u015fimlerini takip ediyor. Daha az bilinen lakin b\u00fcy\u00fck ehemmiyet ta\u015f\u0131yan Copernicus S\u0131hhat Merkezi, Avrupa Orta Menzilli Hava Varsay\u0131mlar\u0131 Merkezi (ECMWF) taraf\u0131ndan y\u00f6netiliyor ve etraf ile insan s\u0131hhati ortas\u0131ndaki ba\u011flant\u0131y\u0131 ara\u015ft\u0131r\u0131yor.<\/p>\n<p>Uzay teknolojisi, halk s\u0131hhatini g\u00fczelle\u015ftirme konusunda giderek daha fazla rol \u00fcstleniyor. \u0130\u015fte s\u0131cak hava dalgalar\u0131n\u0131 iddia etmekten polen d\u00fczeylerini izlemeye kadar, uydular\u0131n halk s\u0131hhatini destekleyebilece\u011fi be\u015f de\u011ferli alan:<\/p>\n<p><b>UV I\u015eINLARININ \u0130ZLENMES\u0130<\/b><\/p>\n<p>G\u00fcne\u015ften gelen ultraviyole (UV) \u0131\u015f\u0131nlar\u0131, insan s\u0131hhati i\u00e7in \u00f6nemli tehditler olu\u015fturabiliyor. Cilt kanseri, g\u00fcne\u015fe \u00e7ok maruz kalman\u0131n en k\u0131ymetli sonu\u00e7lar\u0131ndan biri olarak \u00f6ne \u00e7\u0131k\u0131yor. Birebir vakitte UV \u0131\u015f\u0131nlar\u0131, g\u00f6z s\u0131hhati \u00fczerinde de olumsuz tesirler yaratabiliyor.<\/p>\n<p>D\u00fcnya S\u0131hhat \u00d6rg\u00fct\u00fc (DS\u00d6), g\u00fcne\u015fin g\u00fcc\u00fcn\u00fc ve potansiyel risklerini hesaplayan UV endeksini geli\u015ftirdi. Uydular, atmosferdeki UV d\u00fczeylerini izleyerek, vatanda\u015flara inan\u00e7l\u0131 g\u00fcne\u015flenme m\u00fcddetleri konusunda de\u011ferli bilgiler sa\u011flayabiliyor.<\/p>\n<p><b>SICAK HAVA DALGALARININ VARSAYIM ED\u0130LMES\u0130<\/b><\/p>\n<p>\u0130klim de\u011fi\u015fikli\u011fiyle birlikte \u00e7ok s\u0131cak hava dalgalar\u0131 giderek daha s\u0131k ve a\u011f\u0131r hale geliyor. Uydular, s\u0131cakl\u0131k art\u0131\u015flar\u0131n\u0131 ve hava dalgalar\u0131n\u0131n geli\u015fimini takip ederek, yetkililerin gerekli tedbirleri almas\u0131na yard\u0131mc\u0131 oluyor.<\/p>\n<p><img decoding=\"async\" src=\"https:\/\/ikimisli.tr\/wp-content\/uploads\/2025\/05\/uydularin-halk-sagligini-koruyabilecegi-5-yol-0-48gjSS8m.webp\"\/><\/p>\n<p>\u00d6zellikle ya\u015fl\u0131lar, \u00e7ocuklar ve kronik hastal\u0131klar\u0131 olan bireyler i\u00e7in s\u0131cak hava dalgalar\u0131 hayati risk olu\u015fturabiliyor. Uydular sayesinde, tehlikeli s\u0131cakl\u0131k d\u00fczeylerine ula\u015fmadan evvel halka ihtarlar verilebiliyor.<\/p>\n<p><b>HAVA KAL\u0130TES\u0130N\u0130N TAK\u0130B\u0130<\/b><\/p>\n<p>Hava kirlili\u011fi, d\u00fcnya genelinde milyonlarca insan\u0131n s\u0131hhatini olumsuz etkileyen k\u0131ymetli bir fakt\u00f6r. Uydular, karbon monoksit, azot dioksit ve ince partik\u00fcl unsurlar \u00fczere ziyanl\u0131 gazlar\u0131n atmosferdeki yo\u011funlu\u011funu izleyerek hava kalitesini \u00f6l\u00e7ebiliyor.<\/p>\n<p><img decoding=\"async\" src=\"https:\/\/ikimisli.tr\/wp-content\/uploads\/2025\/05\/uydularin-halk-sagligini-koruyabilecegi-5-yol-1-lXs5pfwT.webp\"\/><\/p>\n<p>Bu bilgiler, teneff\u00fcs yolu hastal\u0131klar\u0131 olan bireyler i\u00e7in hayati ehemmiyet ta\u015f\u0131yor. Yetkililer, kirlili\u011fin y\u00fcksek oldu\u011fu b\u00f6lgelerde tedbirler alarak halk s\u0131hhatini m\u00fcdafaa konusunda daha tesirli ad\u0131mlar atabiliyor.<\/p>\n<p><b>POLEN D\u00dcZEYLER\u0130N\u0130N \u0130ZLENMES\u0130<\/b><\/p>\n<p>Bahar ve yaz aylar\u0131nda polen d\u00fczeyleri, bilhassa alerjisi olan bireyler i\u00e7in b\u00fcy\u00fck bir sorun olu\u015fturuyor. Uydular, atmosferdeki polen yo\u011funlu\u011funu \u00f6l\u00e7erek alerji d\u00f6nemlerinde riskli b\u00f6lgeleri belirleyebiliyor.<\/p>\n<p>Bu bilgiler, alerjisi olan bireylerin g\u00fcnl\u00fck aktivitelerini planlamas\u0131na yard\u0131mc\u0131 olurken, s\u0131hhat otoritelerinin de alerji kaynakl\u0131 s\u0131hhat problemlerine kar\u015f\u0131 tedbir almas\u0131n\u0131 sa\u011fl\u0131yor.<\/p>\n<p><b>SU KAYNAKLARININ VE ENFEKS\u0130YON R\u0130SKLER\u0130N\u0130N TAK\u0130B\u0130<\/b><\/p>\n<p>\u0130\u00e7me suyu kaynaklar\u0131n\u0131n pakl\u0131\u011f\u0131 ve suyla bula\u015fan hastal\u0131klar\u0131n \u00f6nlenmesi, halk s\u0131hhati i\u00e7in kritik bir husustur. Uydular, g\u00f6ller, \u0131rmaklar ve su rezervuarlar\u0131ndaki su d\u00fczeylerini ve kirlilik oranlar\u0131n\u0131 takip ederek su kaynaklar\u0131n\u0131n g\u00fcvenli\u011fini de\u011ferlendirebiliyor.<\/p>\n<p>\u00d6zellikle sel ve kurakl\u0131k \u00fczere do\u011fal afetler sonras\u0131, su kaynaklar\u0131nda mikrobiyal kirlilik riski artabiliyor. Uydular\u0131n sa\u011flad\u0131\u011f\u0131 bilgilerle, yetkililer suyla bula\u015fan hastal\u0131klara kar\u015f\u0131 daha s\u00fcratli tedbirler alabiliyor.<\/p>\n","protected":false},"excerpt":{"rendered":"<p>Uydular, D\u00fcnya m\u00fc\u015fahede misyonlar\u0131n\u0131n bir mod\u00fcl\u00fc olarak, halk s\u0131hhatini tehdit eden bir\u00e7ok \u00f6gesi izleyebilir ve muhakkak b\u00f6lgelerde ya\u015fayan be\u015ferler i\u00e7in risk de\u011ferlendirmeleri yapabilir.<\/p>\n","protected":false},"author":1,"featured_media":39159,"comment_status":"open","ping_status":"open","sticky":false,"template":"","format":"standard","meta":{"footnotes":""},"categories":[29],"tags":[2112,353,2070,278,2205],"class_list":["post-39158","post","type-post","status-publish","format-standard","has-post-thumbnail","hentry","category-saglik","tag-onem","tag-risk","tag-sagligi","tag-sicak","tag-uydular"],"_links":{"self":[{"href":"https:\/\/ikimisli.tr\/index.php\/wp-json\/wp\/v2\/posts\/39158","targetHints":{"allow":["GET"]}}],"collection":[{"href":"https:\/\/ikimisli.tr\/index.php\/wp-json\/wp\/v2\/posts"}],"about":[{"href":"https:\/\/ikimisli.tr\/index.php\/wp-json\/wp\/v2\/types\/post"}],"author":[{"embeddable":true,"href":"https:\/\/ikimisli.tr\/index.php\/wp-json\/wp\/v2\/users\/1"}],"replies":[{"embeddable":true,"href":"https:\/\/ikimisli.tr\/index.php\/wp-json\/wp\/v2\/comments?post=39158"}],"version-history":[{"count":1,"href":"https:\/\/ikimisli.tr\/index.php\/wp-json\/wp\/v2\/posts\/39158\/revisions"}],"predecessor-version":[{"id":39162,"href":"https:\/\/ikimisli.tr\/index.php\/wp-json\/wp\/v2\/posts\/39158\/revisions\/39162"}],"wp:featuredmedia":[{"embeddable":true,"href":"https:\/\/ikimisli.tr\/index.php\/wp-json\/wp\/v2\/media\/39159"}],"wp:attachment":[{"href":"https:\/\/ikimisli.tr\/index.php\/wp-json\/wp\/v2\/media?parent=39158"}],"wp:term":[{"taxonomy":"category","embeddable":true,"href":"https:\/\/ikimisli.tr\/index.php\/wp-json\/wp\/v2\/categories?post=39158"},{"taxonomy":"post_tag","embeddable":true,"href":"https:\/\/ikimisli.tr\/index.php\/wp-json\/wp\/v2\/tags?post=39158"}],"curies":[{"name":"wp","href":"https:\/\/api.w.org\/{rel}","templated":true}]}}