{"id":39183,"date":"2025-05-16T15:48:19","date_gmt":"2025-05-16T15:48:19","guid":{"rendered":"https:\/\/ikimisli.tr\/?p=39183"},"modified":"2025-05-16T15:48:19","modified_gmt":"2025-05-16T15:48:19","slug":"arac-muayenesine-giden-vatandas-isyan-etti-bizi-kurtarin","status":"publish","type":"post","link":"https:\/\/ikimisli.tr\/index.php\/2025\/05\/16\/arac-muayenesine-giden-vatandas-isyan-etti-bizi-kurtarin\/","title":{"rendered":"Ara\u00e7 muayenesine giden vatanda\u015f isyan etti: &#8216;Bizi kurtar\u0131n&#8217;"},"content":{"rendered":"<p>T\u00dcVT\u00dcRK\u2019\u00fcn ara\u00e7 muayene fiyatlar\u0131, y\u0131llard\u0131r vatanda\u015flar ortas\u0131nda tart\u0131\u015fma konusu olurken, son periyotta artan fiyatlar reaksiyon \u00e7ekiyor. Son \u00f6rnek, toplumsal medyada yay\u0131nlanan bir g\u00f6r\u00fcnt\u00fc ile g\u00fcndeme geldi. G\u00f6r\u00fcnt\u00fcde, arac\u0131n\u0131 muayeneye getiren bir vatanda\u015f, 2600 lira olan muayene fiyat\u0131na sert bir halde kar\u015f\u0131 \u00e7\u0131kt\u0131.<\/p>\n<p><b>&#8216;YETER ARTIK&#8217; \u0130SYANI<\/b><\/p>\n<p>Vatanda\u015f, 2600 liral\u0131k fiyat\u0131n, bir ayl\u0131k mutfak masraflar\u0131na denk oldu\u011funu belirterek, yetkililerden tahlil bekledi\u011fini lisana getirdi. &#8220;2600 lira ne ya Allah a\u015fk\u0131na! Bir ayl\u0131k mutfak masraf\u0131m\u0131z. K\u00e2fi ya&#8221; diyerek, artan fiyatlar\u0131n hayat pahal\u0131l\u0131\u011f\u0131yla gayret eden vatanda\u015flar i\u00e7in b\u00fcy\u00fck bir y\u00fck olu\u015fturdu\u011funu vurgulad\u0131.<\/p>\n<p>Ayr\u0131ca, muayene istasyonlar\u0131n\u0131n devletin kontrol\u00fcnde olmas\u0131na kar\u015f\u0131n, 115 lira komite ald\u0131\u011f\u0131n\u0131 belirten vatanda\u015f, bu durumun da ek bir \u0131st\u0131rap yaratt\u0131\u011f\u0131n\u0131 tabir etti. Toplumsal medyada s\u00fcratle yay\u0131lan imgelerde, bir\u00e7ok vatanda\u015f\u0131n benzeri \u0131st\u0131raplar ya\u015fad\u0131\u011f\u0131n\u0131 ve fiyatlar\u0131n y\u00fcksekli\u011finden \u015fikayet\u00e7i olduklar\u0131n\u0131 g\u00f6zler \u00f6n\u00fcne serdi.<\/p>\n<p>Vatanda\u015flar, ara\u00e7 muayene fiyatlar\u0131n\u0131n d\u00fc\u015f\u00fcr\u00fclmesi ve daha makul d\u00fczeylere getirilmesi i\u00e7in yetkililerden tahlil bekliyor.<\/p>\n","protected":false},"excerpt":{"rendered":"<p>Arac\u0131n\u0131 muayeneye getiren bir vatanda\u015f, 2600 lira fiyat al\u0131nmas\u0131na isyan etti. Devlet yetkililerine seslenen vatanda\u015f, &#8220;2600 lira ne ya Allah a\u015fk\u0131na. Bir ayl\u0131k mutfak masraf\u0131m\u0131z.&#8221; dedi.<\/p>\n","protected":false},"author":1,"featured_media":39184,"comment_status":"open","ping_status":"open","sticky":false,"template":"","format":"standard","meta":{"footnotes":""},"categories":[25],"tags":[2456,3786],"class_list":["post-39183","post","type-post","status-publish","format-standard","has-post-thumbnail","hentry","category-gundem","tag-muayene","tag-ucretler"],"_links":{"self":[{"href":"https:\/\/ikimisli.tr\/index.php\/wp-json\/wp\/v2\/posts\/39183","targetHints":{"allow":["GET"]}}],"collection":[{"href":"https:\/\/ikimisli.tr\/index.php\/wp-json\/wp\/v2\/posts"}],"about":[{"href":"https:\/\/ikimisli.tr\/index.php\/wp-json\/wp\/v2\/types\/post"}],"author":[{"embeddable":true,"href":"https:\/\/ikimisli.tr\/index.php\/wp-json\/wp\/v2\/users\/1"}],"replies":[{"embeddable":true,"href":"https:\/\/ikimisli.tr\/index.php\/wp-json\/wp\/v2\/comments?post=39183"}],"version-history":[{"count":1,"href":"https:\/\/ikimisli.tr\/index.php\/wp-json\/wp\/v2\/posts\/39183\/revisions"}],"predecessor-version":[{"id":39185,"href":"https:\/\/ikimisli.tr\/index.php\/wp-json\/wp\/v2\/posts\/39183\/revisions\/39185"}],"wp:featuredmedia":[{"embeddable":true,"href":"https:\/\/ikimisli.tr\/index.php\/wp-json\/wp\/v2\/media\/39184"}],"wp:attachment":[{"href":"https:\/\/ikimisli.tr\/index.php\/wp-json\/wp\/v2\/media?parent=39183"}],"wp:term":[{"taxonomy":"category","embeddable":true,"href":"https:\/\/ikimisli.tr\/index.php\/wp-json\/wp\/v2\/categories?post=39183"},{"taxonomy":"post_tag","embeddable":true,"href":"https:\/\/ikimisli.tr\/index.php\/wp-json\/wp\/v2\/tags?post=39183"}],"curies":[{"name":"wp","href":"https:\/\/api.w.org\/{rel}","templated":true}]}}