{"id":39332,"date":"2025-05-16T23:48:19","date_gmt":"2025-05-16T23:48:19","guid":{"rendered":"https:\/\/ikimisli.tr\/?p=39332"},"modified":"2025-05-16T23:48:19","modified_gmt":"2025-05-16T23:48:19","slug":"akp-hem-ovuyor-hem-satiyor","status":"publish","type":"post","link":"https:\/\/ikimisli.tr\/index.php\/2025\/05\/16\/akp-hem-ovuyor-hem-satiyor\/","title":{"rendered":"AKP hem \u00f6v\u00fcyor hem sat\u0131yor"},"content":{"rendered":"<p><em><strong>Cem YILDIRIM<\/strong><\/em><\/p>\n<p>Hazine ve Maliye Bakanl\u0131\u011f\u0131, i\u015f\u00e7ilerin \u00f6nce kendilerini madene kapat\u0131p sonra da Ankara\u2019ya kadar y\u00fcr\u00fcyerek yapt\u0131klar\u0131 protestoya kar\u015f\u0131n alt\u0131n yumurtlayan \u00c7ay\u0131rhan Termik Santrali\u2019ni satmaktan vazge\u00e7miyor. \u00d6zelle\u015ftirme Y\u00f6netimi, yay\u0131nlad\u0131\u011f\u0131 duyuruda madeni adeta bir emlak\u00e7\u0131 edasy\u0131la \u00f6ve \u00f6ve bitiremezken 4 Mart\u2019a ertelenen ihalede s\u00fcreksiz teminat 100 milyon lira artt\u0131r\u0131larak 250 milyon liraya y\u00fckseltildi. Direni\u015ften vazge\u00e7meyen \u00e7al\u0131\u015fanlar ihale tarihine kadar yap\u0131lacak aksiyonlar\u0131 planl\u0131yor.\u00a0 \u00d6zelle\u015ftirme Y\u00f6netimi, \u00c7ay\u0131rhan\u2019\u0131n sat\u0131\u015f\u0131 ile ilgili olarak yay\u0131nlad\u0131\u011f\u0131 duyuruda santrali \u00f6ve \u00f6ve bitiremedi ve \u015f\u00f6yle dedi:<\/p>\n<p><img decoding=\"async\" src=\"https:\/\/ikimisli.tr\/wp-content\/uploads\/2025\/05\/akp-hem-ovuyor-hem-satiyor-0-6YFb7uFe.jpg\"\/><\/p>\n<p><strong>T\u00dcRK\u0130YE\u2019N\u0130N EN \u0130Y\u0130S\u0130<\/strong><\/p>\n<p>\u201c\u00c7ay\u0131rhan, g\u00fc\u00e7 arz g\u00fcvenli\u011fine katk\u0131 sa\u011flayan termik g\u00fc\u00e7 b\u00f6l\u00fcm\u00fcne yat\u0131r\u0131m yapmak isteyen yat\u0131r\u0131mc\u0131lar i\u00e7in gelecek vaat eden bir f\u0131rsat sunmaktad\u0131r. Elektrik \u00fcretiminde arz g\u00fcvenli\u011fi a\u00e7\u0131s\u0131ndan ehemmiyetini ve \u00fcretimdeki hissesini devam ettiren linyit santralidir. T\u00fcrkiye\u2019nin birinci tam mekanize k\u00f6m\u00fcr \u00fcretimi yap\u0131lan yer alt\u0131 madenidir. Maden Sahalar\u0131\u2019nda mevcut \u015fartlarda Termik Santrali 20 y\u0131l\u0131n \u00fczerinde besleyecek k\u00f6m\u00fcr rezervi vard\u0131r. Yap\u0131sal olarak T\u00fcrkiye\u2019deki en uygun k\u00f6m\u00fcr alan\u0131d\u0131r.\u201d<\/p>\n<p><img decoding=\"async\" src=\"https:\/\/ikimisli.tr\/wp-content\/uploads\/2025\/05\/akp-hem-ovuyor-hem-satiyor-1-FMaYnb6j.jpg\"\/><\/p>\n<p>Ankara\u2019ya y\u00fcr\u00fcyen emek\u00e7ilere Mansur Yava\u015f da takviye vermi\u015fti. \u00a0<\/p>\n<p><b>Sat\u0131\u015f i\u00e7in taksit imkan\u0131 da sunuldu<\/b><\/p>\n<p>Toplam 1.393 emek\u00e7inin \u00e7al\u0131\u015ft\u0131\u011f\u0131 Santral, \u201cBall\u0131 B\u00f6rek\u201d bir ihale ile yanda\u015flara verilmek isteniyor. Santralin yan\u0131 s\u0131ra en az 800 milyon lira k\u0131ymetindeki 800 lojman, 20 y\u0131l yetecek 100 milyon ton k\u00f6m\u00fcr rezervi olan maden alanlar\u0131 ve yerler da sat\u0131lacak. T\u00fcm bu varl\u0131klar\u0131n bedeli 25 milyar lira olarak hesaplan\u0131rken ihalenin 2.5 milyar lira civar\u0131nda bir bedelle adeta yok de\u011ferine devletin elinden \u00e7\u0131kaca\u011f\u0131 belirtiliyor. \u00dcstelik ihaleyi kazanan firma \u00f6demenin y\u00fczde 20\u2019sini pe\u015fin geri kalan\u0131n\u0131 da 6 y\u0131lda 6 taksitle \u00f6deyecek.<\/p>\n","protected":false},"excerpt":{"rendered":"<p>\u00d6zelle\u015ftirme Y\u00f6netimi, \u00c7ay\u0131rhan Termik Santrali\u2019nin sat\u0131\u015f\u0131yla ilgili 4 Mart\u2019ta yap\u0131lacak ihale \u00f6ncesi bilgileri g\u00fcncelledi. \u0130halenin \u2018pazarl\u0131k y\u00f6ntemiyle\u2019 yap\u0131laca\u011f\u0131n\u0131 ilan etti. Kat\u0131lacak firmalar\u0131n \u00f6deyece\u011fi s\u00fcreksiz teminat mebla\u011f\u0131n\u0131 da 150\u2019den 250 milyon liraya \u00e7\u0131kard\u0131.<\/p>\n","protected":false},"author":1,"featured_media":39333,"comment_status":"open","ping_status":"open","sticky":false,"template":"","format":"standard","meta":{"footnotes":""},"categories":[24],"tags":[206,174,1129,5794],"class_list":["post-39332","post","type-post","status-publish","format-standard","has-post-thumbnail","hentry","category-ekonomi","tag-ihale","tag-lira","tag-maden","tag-santrali"],"_links":{"self":[{"href":"https:\/\/ikimisli.tr\/index.php\/wp-json\/wp\/v2\/posts\/39332","targetHints":{"allow":["GET"]}}],"collection":[{"href":"https:\/\/ikimisli.tr\/index.php\/wp-json\/wp\/v2\/posts"}],"about":[{"href":"https:\/\/ikimisli.tr\/index.php\/wp-json\/wp\/v2\/types\/post"}],"author":[{"embeddable":true,"href":"https:\/\/ikimisli.tr\/index.php\/wp-json\/wp\/v2\/users\/1"}],"replies":[{"embeddable":true,"href":"https:\/\/ikimisli.tr\/index.php\/wp-json\/wp\/v2\/comments?post=39332"}],"version-history":[{"count":1,"href":"https:\/\/ikimisli.tr\/index.php\/wp-json\/wp\/v2\/posts\/39332\/revisions"}],"predecessor-version":[{"id":39336,"href":"https:\/\/ikimisli.tr\/index.php\/wp-json\/wp\/v2\/posts\/39332\/revisions\/39336"}],"wp:featuredmedia":[{"embeddable":true,"href":"https:\/\/ikimisli.tr\/index.php\/wp-json\/wp\/v2\/media\/39333"}],"wp:attachment":[{"href":"https:\/\/ikimisli.tr\/index.php\/wp-json\/wp\/v2\/media?parent=39332"}],"wp:term":[{"taxonomy":"category","embeddable":true,"href":"https:\/\/ikimisli.tr\/index.php\/wp-json\/wp\/v2\/categories?post=39332"},{"taxonomy":"post_tag","embeddable":true,"href":"https:\/\/ikimisli.tr\/index.php\/wp-json\/wp\/v2\/tags?post=39332"}],"curies":[{"name":"wp","href":"https:\/\/api.w.org\/{rel}","templated":true}]}}