{"id":39658,"date":"2025-05-17T18:00:29","date_gmt":"2025-05-17T18:00:29","guid":{"rendered":"https:\/\/ikimisli.tr\/?p=39658"},"modified":"2025-05-17T18:00:29","modified_gmt":"2025-05-17T18:00:29","slug":"dukkandaki-oyuncak-ayiyi-caldi-savunmasi-pes-dedirtti","status":"publish","type":"post","link":"https:\/\/ikimisli.tr\/index.php\/2025\/05\/17\/dukkandaki-oyuncak-ayiyi-caldi-savunmasi-pes-dedirtti\/","title":{"rendered":"D\u00fckkandaki oyuncak ay\u0131y\u0131 \u00e7ald\u0131, savunmas\u0131 pes dedirtti"},"content":{"rendered":"<p>D\u00fcn saat 00.30 s\u0131ralar\u0131nda \u015ei\u015fli 19 May\u0131s Mahallesi&#8217;nde yakla\u015f\u0131k 2 hafta evvel a\u00e7\u0131lan bir d\u00fckkan\u0131n \u00f6n\u00fcne gece saatlerinde gelen 2 ki\u015fi, duvarda as\u0131l\u0131 olan oyuncak ay\u0131y\u0131 fark etti.<\/p>\n<p>\u015e\u00fcphelilerden biri duvara t\u0131rman\u0131p oyuncak ay\u0131y\u0131 yerinden ald\u0131. Ay\u0131y\u0131 kuca\u011f\u0131na al\u0131p giden \u015f\u00fcphelileri bir vatanda\u015f fark edip cep telefonu kameras\u0131yla g\u00f6r\u00fcnt\u00fcledi.<\/p>\n<p><b>&#8220;BE\u011eEND\u0130M DE ALDIM&#8221;<\/b><\/p>\n<p>H\u0131rs\u0131zl\u0131\u011f\u0131 g\u00f6ren vatanda\u015f gerilerinden seslenerek &#8220;Beyler ay\u0131p olmuyor mu&#8221; dedi. Oyuncak ay\u0131y\u0131 alan \u015f\u00fcpheliler ise &#8220;Be\u011fendim de ald\u0131m&#8221; formunda kar\u015f\u0131l\u0131k verdi. \u015e\u00fcpheliler daha sonra y\u00fcr\u00fcyerek olay yerinden ayr\u0131ld\u0131. Sabah saatlerinde gelen i\u015f yeri sahibi U\u011fur Y\u00fcrts\u00fc (37) oyuncak ay\u0131n\u0131n yerinde olmad\u0131\u011f\u0131n\u0131 g\u00f6rd\u00fc. Oyuncak ay\u0131n\u0131n \u00e7al\u0131nd\u0131\u011f\u0131 anlar\u0131 \u00e7eken ki\u015fi ise toplumsal medyadan U\u011fur Y\u00fcrts\u00fc&#8217;ye ula\u015farak \u00e7ekti\u011fi imajlar\u0131 g\u00f6nderdi.<\/p>\n<p><img decoding=\"async\" src=\"https:\/\/ikimisli.tr\/wp-content\/uploads\/2025\/05\/dukkandaki-oyuncak-ayiyi-caldi-savunmasi-pes-dedirtti-0-fPgMiWlS.jpg\"\/><\/p>\n<p><b>&#8220;\u00c7OCUKLAR \u0130\u00c7\u0130N KOYMU\u015eTUK&#8221;<\/b><\/p>\n<p>Olayla ilgili konu\u015fan U\u011fur Y\u00fcrts\u00fc, &#8220;Ben \u00e7\u0131kt\u0131ktan sonra 2 tane ki\u015fi gelip ay\u0131ya bak\u0131yor. Manzaray\u0131 \u00e7eken ki\u015fi bana toplumsal medyadan ula\u015ft\u0131. Ay\u0131y\u0131 kopart\u0131p ka\u00e7t\u0131lar, ald\u0131lar ve gittiler. Ki\u015finin ikazlar\u0131na bakmadan &#8216;Be\u011fendim ald\u0131m&#8217; demi\u015fler. Ki\u015fi &#8216;Ay\u0131p de\u011fil mi&#8217; diyor.<\/p>\n<p>Onlar da &#8216;Be\u011fendim ald\u0131m&#8217; diyor. Biz bunu be\u015ferler g\u00fcl\u00fcmsesin diye koyduk. Hani tebess\u00fcm etsinler, insanlar\u0131n y\u00fcz\u00fc zati g\u00fclm\u00fcyor. \u00c7ocuklar i\u00e7in falan koymu\u015ftuk. Lakin bu t\u00fcrl\u00fc bir h\u0131rs\u0131zl\u0131k ger\u00e7ekle\u015fti&#8221; dedi.<\/p>\n<p><b>&#8220;AYIMIZI GER\u0130 GET\u0130RS\u0130NLER&#8221;<\/b><\/p>\n<p>Y\u00fcrts\u00fc, &#8220;\u0130\u015f yerini a\u00e7al\u0131 15 g\u00fcn kadar oldu, talihsizlik diyelim. Bir insan da nitekim ay\u0131 \u00e7almaz. O y\u00fczden ay\u0131m\u0131z\u0131 geri getirsinler. Getirirse \u015fikayet\u00e7i olmayaca\u011f\u0131m lakin getirmezse ars\u0131zl\u0131\u011f\u0131 devam edecektir diye d\u00fc\u015f\u00fcn\u00fcyorum. Bu bahis \u00f6b\u00fcr insanlar\u0131 da ilgilendiriyor. \u0130htarlara kar\u015f\u0131n bunu yapan ki\u015fi her \u015feyi yapar. Burada bu t\u00fcrl\u00fc bir \u015fey oldu\u011funu hi\u00e7 duymad\u0131m. Buras\u0131 i\u015flek bir cadde, bu kadar rahat davranmalar\u0131 neyi s\u00f6z ediyor, neden yapt\u0131lar onu da bilmiyorum. Geri getirirlerse \u015fad oluruz&#8221; diye konu\u015ftu.<\/p>\n","protected":false},"excerpt":{"rendered":"<p>\u015ei\u015fli&#8217;de ku\u015fkulu 2 ki\u015fi, bir d\u00fckkan\u0131n duvar\u0131na as\u0131 haldeki oyuncak ay\u0131y\u0131 t\u0131rman\u0131p \u00e7ald\u0131. Oyuncak ay\u0131n\u0131n \u00e7al\u0131nd\u0131\u011f\u0131 anlar\u0131 bir vatanda\u015f cep telefonuyla g\u00f6r\u00fcnt\u00fcledi ve \u015f\u00fcphelilere &#8220;Beyler ay\u0131p olmuyor mu&#8221; diye seslendi. \u015e\u00fcpheliler &#8220;Be\u011fendim ald\u0131m&#8221; kar\u015f\u0131l\u0131\u011f\u0131n\u0131 verdi.<\/p>\n","protected":false},"author":1,"featured_media":39659,"comment_status":"open","ping_status":"open","sticky":false,"template":"","format":"standard","meta":{"footnotes":""},"categories":[25],"tags":[6120,6121,183],"class_list":["post-39658","post","type-post","status-publish","format-standard","has-post-thumbnail","hentry","category-gundem","tag-ayiyi","tag-oyuncak","tag-yeri"],"_links":{"self":[{"href":"https:\/\/ikimisli.tr\/index.php\/wp-json\/wp\/v2\/posts\/39658","targetHints":{"allow":["GET"]}}],"collection":[{"href":"https:\/\/ikimisli.tr\/index.php\/wp-json\/wp\/v2\/posts"}],"about":[{"href":"https:\/\/ikimisli.tr\/index.php\/wp-json\/wp\/v2\/types\/post"}],"author":[{"embeddable":true,"href":"https:\/\/ikimisli.tr\/index.php\/wp-json\/wp\/v2\/users\/1"}],"replies":[{"embeddable":true,"href":"https:\/\/ikimisli.tr\/index.php\/wp-json\/wp\/v2\/comments?post=39658"}],"version-history":[{"count":1,"href":"https:\/\/ikimisli.tr\/index.php\/wp-json\/wp\/v2\/posts\/39658\/revisions"}],"predecessor-version":[{"id":39661,"href":"https:\/\/ikimisli.tr\/index.php\/wp-json\/wp\/v2\/posts\/39658\/revisions\/39661"}],"wp:featuredmedia":[{"embeddable":true,"href":"https:\/\/ikimisli.tr\/index.php\/wp-json\/wp\/v2\/media\/39659"}],"wp:attachment":[{"href":"https:\/\/ikimisli.tr\/index.php\/wp-json\/wp\/v2\/media?parent=39658"}],"wp:term":[{"taxonomy":"category","embeddable":true,"href":"https:\/\/ikimisli.tr\/index.php\/wp-json\/wp\/v2\/categories?post=39658"},{"taxonomy":"post_tag","embeddable":true,"href":"https:\/\/ikimisli.tr\/index.php\/wp-json\/wp\/v2\/tags?post=39658"}],"curies":[{"name":"wp","href":"https:\/\/api.w.org\/{rel}","templated":true}]}}