{"id":39678,"date":"2025-05-17T19:24:20","date_gmt":"2025-05-17T19:24:20","guid":{"rendered":"https:\/\/ikimisli.tr\/?p=39678"},"modified":"2025-05-17T19:24:20","modified_gmt":"2025-05-17T19:24:20","slug":"yanki-bagcioglundan-msu-rektoru-erhan-afyoncuya-tegmenler-yaniti","status":"publish","type":"post","link":"https:\/\/ikimisli.tr\/index.php\/2025\/05\/17\/yanki-bagcioglundan-msu-rektoru-erhan-afyoncuya-tegmenler-yaniti\/","title":{"rendered":"Yank\u0131 Ba\u011fc\u0131o\u011flu&#8217;ndan MS\u00dc Rekt\u00f6r\u00fc Erhan Afyoncu&#8217;ya &#8216;te\u011fmenler&#8217; yan\u0131t\u0131"},"content":{"rendered":"<p>Milli Savunma \u00dcniversitesi (MS\u00dc) Rekt\u00f6r\u00fc Erhan Afyoncu, kat\u0131ld\u0131\u011f\u0131 bir televizyon program\u0131nda, T\u00fcrk Silahl\u0131 Kuvvetleri\u2019nden (TSK) ihra\u00e7 edilen te\u011fmenlerin okudu\u011fu subay and\u0131 ve ihra\u00e7 s\u00fcrecine ait de\u011ferlendirmelerde bulundu.<\/p>\n<p>CHP Ulusal Savunma Bakanl\u0131\u011f\u0131ndan (MSB) Sorumlu Genel Lider Yard\u0131mc\u0131s\u0131 Yank\u0131 Ba\u011fc\u0131o\u011flu, Afyoncu\u2019nun a\u00e7\u0131klamalar\u0131na yapt\u0131\u011f\u0131 yaz\u0131l\u0131 a\u00e7\u0131klamayla reaksiyon g\u00f6sterdi. Ba\u011fc\u0131o\u011flu, \u015funlar\u0131 kaydetti:<\/p>\n<p><b>&#8220;B\u00dcY\u00dcK B\u0130R \u0130FT\u0130RAYA \u0130MZA ATTI&#8221;<\/b><\/p>\n<p>&#8221;MS\u00dc Rekt\u00f6r\u00fc Say\u0131n Erhan Afyoncu, d\u00fcn gece bir televizyon kanal\u0131nda yapt\u0131\u011f\u0131 a\u00e7\u0131klamalarla hukuksal s\u00fcrece m\u00fcdahale etme u\u011fra\u015f\u0131 i\u00e7inde oldu\u011funu bir sefer daha g\u00f6stermi\u015ftir. Te\u011fmenlerin idari yarg\u0131da devam eden s\u00fcre\u00e7lerini hi\u00e7e sayarak kamuoyu \u00f6n\u00fcnde bir yarg\u0131lama y\u00fcr\u00fctmeye kalkmas\u0131, adil yarg\u0131lanma hakk\u0131na a\u00e7\u0131k bir m\u00fcdahale olmu\u015ftur. Ayr\u0131yeten, muhalefet milletvekillerini gaye alarak olay\u0131 siyasalla\u015ft\u0131rmaya \u00e7al\u0131\u015fan taraf\u0131n kendisi oldu\u011fu ger\u00e7e\u011fini g\u00f6z gerisi etmi\u015ftir. Bunun yan\u0131 s\u0131ra, te\u011fmenleri muhalefet milletvekilleriyle irtibatl\u0131 g\u00f6stermeye \u00e7al\u0131\u015farak b\u00fcy\u00fck bir iftiraya imza atm\u0131\u015ft\u0131r. Me\u011fer muhalefet milletvekilleri \u00f6zelikle de CHP, s\u00fcrecin ba\u015f\u0131ndan itibaren te\u011fmenlerin ziyan g\u00f6rmemesi ve olay\u0131n siyasete dahil edilmemesi i\u00e7in b\u00fcy\u00fck bir hassasiyet g\u00f6stermi\u015ftir. Bu s\u00fcre\u00e7te dikkat \u00e7eken bir \u00f6b\u00fcr konu ise ba\u015fta kendisi olmak \u00fczere mevcut s\u0131ral\u0131 amirlerin, toplumsal medya ve bas\u0131n \u00fczerinden te\u011fmenlere y\u00f6neltilen mevt tehditlerine ve ahlaks\u0131z ak\u0131nlara sessiz kalmas\u0131d\u0131r. 30 A\u011fustos\u2019tan itibaren ya\u015fananlar ortadad\u0131r. Te\u011fmenleri maksat g\u00f6sterenler, s\u00fcreci provoke edenler ve olaylar\u0131 siyasalla\u015ft\u0131ranlar muhakkakt\u0131r. Rekt\u00f6r\u00fcn bu a\u00e7\u0131klamalar\u0131, milletin yans\u0131s\u0131n\u0131 art\u0131rma gayretinden \u00f6teye gitmemektedir.<\/p>\n<p><b>ASKER\u0130 HASTANE YANITI<\/b><\/p>\n<p>\u00d6te yandan, Say\u0131n Afyoncu\u2019nun d\u00fcnk\u00fc programda askeri s\u0131hhat sisteminin yine a\u00e7\u0131labilece\u011fine dair tabirleri de dikkate k\u0131ymettir. Bug\u00fcn gelinen noktada, MS\u00dc Rekt\u00f6r\u00fc Say\u0131n Erhan Afyoncu\u2019nun askeri hastanelerin tekrar a\u00e7\u0131lmas\u0131na dair olumlu g\u00f6r\u00fc\u015f bildirdi\u011fini \u00f6\u011frenmi\u015f bulunuyoruz. Say\u0131n rekt\u00f6r\u00fcn bu konuda rastgele bir askeri harek\u00e2t deneyimi, s\u0131hhat idaresi bilgisi yahut askeri t\u0131bbi sistem \u00fczerine uzmanl\u0131\u011f\u0131 olmamas\u0131na kar\u015f\u0131n bu ger\u00e7e\u011fi kabul etmesi ve televizyon ekranlar\u0131nda lisana getirmesi k\u0131ymetlidir. Zira bu, askeri s\u0131hhat sisteminin \u00e7\u00f6k\u00fc\u015f\u00fcn\u00fc g\u00f6rmezden gelmenin art\u0131k imk\u00e2ns\u0131z hale geldi\u011finin bir g\u00f6stergesidir. Fakat \u015funu da sormak gerekir: Dokuz y\u0131ld\u0131r neredeydiniz? Askeri s\u0131hhat sistemi \u00e7\u00f6kerken, Mehmet\u00e7ik s\u0131hhat hizmetlerine ula\u015famazken tekraren lisana getirdi\u011fimiz bu ger\u00e7eklere neden kulak t\u0131kand\u0131? \u015eayet bug\u00fcn askeri hastanelerin kapat\u0131lmas\u0131n\u0131n yanl\u0131\u015f oldu\u011fu g\u00f6r\u00fcl\u00fcyorsa o halde hi\u00e7 vakit kaybetmeden, tek bir g\u00fcn bile d\u00fc\u015f\u00fcnmeden gere\u011fi yap\u0131lmal\u0131d\u0131r.<\/p>\n<p><b>&#8221;S\u0130YASETE G\u0130RME \u0130STE\u011e\u0130 VARSA AKADEM\u0130K K\u0130ML\u0130\u011e\u0130N\u0130 B\u0130R KENARA BIRAKMALIDIR&#8221;<\/b><\/p>\n<p>Say\u0131n Afyoncu\u2019nun olumlu m\u00fctalaa verdi\u011fini tabir etmesi elbette sevindiricidir. Lakin askeri s\u0131hhat sistemi, \u00fcniversite rekt\u00f6rlerinin, akademisyenlerin, siyasallar\u0131n beyanlar\u0131yla de\u011fil; bu alandaki uzmanlar\u0131n, askeri tabiplerin, s\u0131hhat sistemini bilenlerin ve en de\u011ferlisi MSB ile ilgili kurumlar\u0131n kararlar\u0131yla tekrar yap\u0131land\u0131r\u0131lmal\u0131d\u0131r. MS\u00dc \u00fczere bir kurumun ba\u015f\u0131nda bulunan bir ismin, asli vazifesine odaklanmas\u0131 ve siyasi tart\u0131\u015fmalar\u0131n d\u0131\u015f\u0131nda kalmas\u0131 gerekir. Lakin g\u00f6r\u00fcyoruz ki Say\u0131n Afyoncu bu s\u0131n\u0131rlar\u0131 a\u015farak siyasete girme niyetinde oldu\u011funu her f\u0131rsatta belirli etmektedir. \u015eayet bu t\u00fcrl\u00fc bir iste\u011fi varsa bunu a\u00e7\u0131k\u00e7a ilan etmeli ve akademik kimli\u011fini bir kenara b\u0131rakmal\u0131d\u0131r.<\/p>\n<p><b>&#8220;TSK \u0130\u015e\u00c7\u0130S\u0130N\u0130N HAKLARINI SAVUNMAYA DEVAM EDECE\u011e\u0130Z&#8221;<\/b><\/p>\n<p>Bizler, CHP olarak hukukun \u00fcst\u00fcnl\u00fc\u011f\u00fcn\u00fc ve TSK \u00e7al\u0131\u015fan\u0131n\u0131n haklar\u0131n\u0131 anayasa ve kanunlara uygun formda savunmaya devam edece\u011fiz. Te\u011fmenlerimizin adil yarg\u0131lanma hakk\u0131, TSK\u2019n\u0131n kurumsal yap\u0131s\u0131 ve askeri s\u0131hhat sisteminin g\u00fc\u00e7lendirilmesi bahislerinde \u00e7abam\u0131z\u0131 kararl\u0131l\u0131kla s\u00fcrd\u00fcrece\u011fiz.&#8221;<\/p>\n<p><b>\u00a0<\/b><\/p>\n<p>\u00a0<\/p>\n","protected":false},"excerpt":{"rendered":"<p>CHP Genel Lider Yard\u0131mc\u0131s\u0131 Yank\u0131 Ba\u011fc\u0131o\u011flu, Ulusal Savunma \u00dcniversitesi (MS\u00dc) Rekt\u00f6r\u00fc Erhan Afyoncu\u2019nun TSK\u2019dan ihra\u00e7 edilen te\u011fmenlere ait a\u00e7\u0131klamalar\u0131na reaksiyon g\u00f6sterdi<\/p>\n","protected":false},"author":1,"featured_media":39679,"comment_status":"open","ping_status":"open","sticky":false,"template":"","format":"standard","meta":{"footnotes":""},"categories":[25],"tags":[6124,927,2226,5269],"class_list":["post-39678","post","type-post","status-publish","format-standard","has-post-thumbnail","hentry","category-gundem","tag-afyoncu","tag-askeri","tag-etme","tag-rektoru"],"_links":{"self":[{"href":"https:\/\/ikimisli.tr\/index.php\/wp-json\/wp\/v2\/posts\/39678","targetHints":{"allow":["GET"]}}],"collection":[{"href":"https:\/\/ikimisli.tr\/index.php\/wp-json\/wp\/v2\/posts"}],"about":[{"href":"https:\/\/ikimisli.tr\/index.php\/wp-json\/wp\/v2\/types\/post"}],"author":[{"embeddable":true,"href":"https:\/\/ikimisli.tr\/index.php\/wp-json\/wp\/v2\/users\/1"}],"replies":[{"embeddable":true,"href":"https:\/\/ikimisli.tr\/index.php\/wp-json\/wp\/v2\/comments?post=39678"}],"version-history":[{"count":1,"href":"https:\/\/ikimisli.tr\/index.php\/wp-json\/wp\/v2\/posts\/39678\/revisions"}],"predecessor-version":[{"id":39680,"href":"https:\/\/ikimisli.tr\/index.php\/wp-json\/wp\/v2\/posts\/39678\/revisions\/39680"}],"wp:featuredmedia":[{"embeddable":true,"href":"https:\/\/ikimisli.tr\/index.php\/wp-json\/wp\/v2\/media\/39679"}],"wp:attachment":[{"href":"https:\/\/ikimisli.tr\/index.php\/wp-json\/wp\/v2\/media?parent=39678"}],"wp:term":[{"taxonomy":"category","embeddable":true,"href":"https:\/\/ikimisli.tr\/index.php\/wp-json\/wp\/v2\/categories?post=39678"},{"taxonomy":"post_tag","embeddable":true,"href":"https:\/\/ikimisli.tr\/index.php\/wp-json\/wp\/v2\/tags?post=39678"}],"curies":[{"name":"wp","href":"https:\/\/api.w.org\/{rel}","templated":true}]}}