{"id":39693,"date":"2025-05-17T20:36:14","date_gmt":"2025-05-17T20:36:14","guid":{"rendered":"https:\/\/ikimisli.tr\/?p=39693"},"modified":"2025-05-17T20:36:14","modified_gmt":"2025-05-17T20:36:14","slug":"mevduattan-cikan-yatirimci-ona-yoneldi-tum-zamanlarin-rekoru-kirildi","status":"publish","type":"post","link":"https:\/\/ikimisli.tr\/index.php\/2025\/05\/17\/mevduattan-cikan-yatirimci-ona-yoneldi-tum-zamanlarin-rekoru-kirildi\/","title":{"rendered":"Mevduattan \u00e7\u0131kan yat\u0131r\u0131mc\u0131 ona y\u00f6neldi: T\u00fcm zamanlar\u0131n rekoru k\u0131r\u0131ld\u0131"},"content":{"rendered":"<p>Konut, arsa, tarla, i\u015f yeri ve ticari ta\u015f\u0131nmaz \u00fczere t\u00fcm gayrimenkul sat\u0131\u015flar\u0131 yeni y\u0131la s\u00fcratli ba\u015flad\u0131. Ge\u00e7en ay gayrimenkul sat\u0131\u015flar\u0131 2024&#8217;\u00fcn birebir devrine nazaran y\u00fczde 20,2 artarak 238 bin 938&#8217;e ula\u015ft\u0131. Bu sat\u0131\u015flar\u0131n 112 bin 173&#8217;\u00fcn\u00fc konutlar, 126 bin 765&#8217;ini ise arsa, tarla ve ticari ta\u015f\u0131nmaz \u00fczere konut d\u0131\u015f\u0131 gayrimenkuller olu\u015fturdu.<\/p>\n<p>Toplam sat\u0131\u015flar\u0131n y\u00fczde 47&#8217;si konutlardan, y\u00fczde 53&#8217;\u00fc ise b\u00fcy\u00fck \u00e7o\u011funlu\u011fu arsa ve tarla olmak \u00fczere konut d\u0131\u015f\u0131 gayrimenkullerde olu\u015ftu.<\/p>\n<p><b>OCAKTA HAR\u00c7 GEL\u0130R\u0130 9,5 M\u0130LYAR L\u0130RAYA YAKLA\u015eTI\u00a0<\/b><\/p>\n<p>Ocakta tapu dairelerinde 1 milyon 694 bin 520 s\u00fcre\u00e7 ger\u00e7ekle\u015ftirilirken, bunun 238 bin 938&#8217;ini sat\u0131\u015flar, 117 bin 56&#8217;s\u0131n\u0131 ipotek s\u00fcre\u00e7leri, 40 bin 249&#8217;unu intikaller, 9 bin 425&#8217;ini d\u00fczeltmeler, 5 bin 654&#8217;\u00fcn\u00fc kamula\u015ft\u0131rma, 4 bin 863&#8217;\u00fcn\u00fc ay\u0131rma s\u00fcre\u00e7leri, 1 milyon 260 binini ise \u00f6teki s\u00fcre\u00e7ler olu\u015fturdu.<\/p>\n<p>Ge\u00e7en ay tapudaki s\u00fcre\u00e7lerden elde edilen har\u00e7 geliri y\u00fczde 82 art\u0131\u015fla 9 milyar 466 milyon liraya y\u00fckseldi.<\/p>\n<p><strong>Sekt\u00f6r temsilcileri, ocak ay\u0131 gayrimenkul sat\u0131\u015f bilgilerini k\u0131ymetlendirdi.<\/strong><\/p>\n<p><b>GAYR\u0130MENKUL P\u0130YASASINDAK\u0130 CANLILI\u011eIN B\u0130R\u0130NC\u0130 \u00c7EYREKTE DEVAM ETMES\u0130N\u0130 BEKL\u0130YORUZ\u00a0<\/b><\/p>\n<p>T\u00fcm Te\u015febb\u00fcs\u00e7\u00fc Emlak M\u00fc\u015favirleri Derne\u011fi (T\u00dcGEM) Genel Ba\u015fkan\u0131 Serkan \u015eahin, ocak ay\u0131nda bilhassa konut taraf\u0131nda k\u0131ymetli bir canl\u0131l\u0131k g\u00f6rd\u00fcklerini belirterek, kredili sat\u0131\u015flardaki art\u0131\u015f\u0131n da dikkat \u00e7ekti\u011fini s\u00f6yledi.<\/p>\n<p>Ge\u00e7en y\u0131l\u0131n ikinci yar\u0131s\u0131nda ba\u015flayan art\u0131\u015f trendinin 2025&#8217;in birinci ay\u0131nda da devam etti\u011fini lisana getiren \u015eahin, \u015fu de\u011ferlendirmelerde bulundu:<\/p>\n<p>&#8220;\u00d6zellikle ikinci el gayrimenkul sat\u0131\u015flar\u0131nda canl\u0131l\u0131k ve art\u0131\u015f kelam konusu. Bunun nedeni, konutlarda artan in\u015faat maliyetinin yat\u0131r\u0131mc\u0131lar ve gelir hedefiyle gayrimenkul almak isteyenler i\u00e7in bir f\u0131rsat olarak g\u00f6r\u00fcl\u00fcyor. Son periyotta konut fiyatlar\u0131n\u0131n ger\u00e7ek olarak d\u00fc\u015fmesinin yan\u0131 s\u0131ra amortisman m\u00fcddetlerinin k\u0131ymetli derecede gerilemesi de konut sat\u0131\u015flar\u0131n\u0131 canland\u0131r\u0131yor. Ocakta ipotekli sat\u0131\u015flardaki art\u0131\u015f vatanda\u015f\u0131n bu f\u0131rsat\u0131 de\u011ferlendirdi\u011fini g\u00f6steriyor&#8221; dedi.\u00a0<\/p>\n<p>\u015eahin, arsa ve tarla sat\u0131\u015flar\u0131n\u0131n 2024&#8217;te y\u0131ll\u0131k bazda y\u00fczde 8 d\u00fc\u015fmesinin akabinde yeni y\u0131la art\u0131\u015fla ba\u015flad\u0131\u011f\u0131n\u0131 kaydederek, gayrimenkul piyasas\u0131ndaki canl\u0131l\u0131\u011f\u0131n birinci \u00e7eyrekte devam etmesini beklediklerini lisana getirdi.<\/p>\n<p><b>&#8216;\u00c7OK CANLI B\u0130R TALEP VAR, B\u0130LHASSA B\u0130R\u0130K\u0130M\u0130 OLANLAR \u00d6NEML\u0130 ARAYI\u015eTA&#8217;<\/b><\/p>\n<p>\u0130stanbul Ticaret Odas\u0131 (\u0130TO) Gayrimenkul Hizmetleri Meslek Komitesi Ba\u015fkan\u0131 Hakan Akdo\u011fan da sat\u0131\u015flardaki art\u0131\u015f trendinin devam etti\u011fini belirterek, \u015fu tabirleri kulland\u0131:<\/p>\n<p><strong>&#8220;Faiz indirimleri olaca\u011f\u0131n\u0131 d\u00fc\u015f\u00fcnen bir\u00e7ok ki\u015fi mevduattan \u00e7\u0131k\u0131\u015f yap\u0131p konuta y\u00f6neliyor. Alt\u0131nda \u00f6nemli \u00e7\u0131karl\u0131 \u00e7\u0131kan yat\u0131r\u0131mc\u0131lar\u0131n da istikametinin gayrimenkul oldu\u011funu d\u00fc\u015f\u00fcn\u00fcyorum. Bununla birlikte muhta\u00e7l\u0131\u011f\u0131 olup al\u0131m\u0131n\u0131 erteleyenlerin de hareketini h\u0131zland\u0131rd\u0131\u011f\u0131n\u0131 g\u00f6r\u00fcyoruz. Konutlarda fiyat art\u0131\u015f\u0131na y\u00f6nelik \u00f6nemli beklenti var. Sat\u0131\u015f adetlerindeki art\u0131\u015f trendinin ocakta yava\u015flayaca\u011f\u0131n\u0131 d\u00fc\u015f\u00fcnm\u00fc\u015ft\u00fck fakat y\u0131ll\u0131k bazda devam etti. \u00c7ok canl\u0131 bir talep var. Bilhassa birikimi olanlar \u00f6nemli aray\u0131\u015fta. Konut kredilerindeki k\u0131smi gev\u015femenin de az da olsa tesirli oldu\u011funu d\u00fc\u015f\u00fcn\u00fcyorum&#8221;<\/strong> dedi.\u00a0<\/p>\n<p>Akdo\u011fan, ge\u00e7en y\u0131l arsa ve tarla sat\u0131\u015flar\u0131nda gerileme ya\u015fand\u0131\u011f\u0131n\u0131 an\u0131msatarak, konut d\u0131\u015f\u0131 gayrimenkul\u00fcn de bu y\u0131l pop\u00fclerli\u011fini koruyaca\u011f\u0131n\u0131 bildirdi.<\/p>\n<p><b>&#8216;YIL SONU GAYR\u0130MENKUL SATI\u015eLARINDA 3,1 M\u0130LYON S\u00dcRPR\u0130Z OLMAZ&#8217;<\/b><\/p>\n<p>Gayrimenkul iktisat\u00e7\u0131s\u0131 Ahmet B\u00fcy\u00fckduman ise sat\u0131\u015flardaki art\u0131\u015f\u0131n piyasadaki canl\u0131l\u0131\u011f\u0131 net bir bi\u00e7imde ortaya koydu\u011funu vurgulayarak, &#8220;Vatanda\u015flar art\u0131k konut fiyatlar\u0131n\u0131n ger\u00e7ek olarak inebilece\u011fi yere kadar indi\u011fini d\u00fc\u015f\u00fcn\u00fcyor. Bir iki y\u0131ld\u0131r ertelenen talep de bu y\u00fczden harekete ge\u00e7ti&#8221; diye konu\u015ftu.<\/p>\n<p>Art\u0131\u015fta baz tesirinin de oldu\u011funu aktaran B\u00fcy\u00fckduman, &#8220;2023&#8217;\u00fcn ikinci yar\u0131s\u0131 ile 2024&#8217;\u00fcn birinci yar\u0131s\u0131nda sat\u0131\u015f adetleri d\u00fc\u015fm\u00fc\u015ft\u00fc. Bu nedenle hem konutta hem de arsa ve tarla sat\u0131\u015flar\u0131nda art\u0131\u015f oldu\u011funu d\u00fc\u015f\u00fcn\u00fcyorum. Birinci yar\u0131 boyunca art\u0131\u015f g\u00f6rmemiz s\u00fcrpriz olmaz.&#8221; tabirini kulland\u0131.<\/p>\n<p>B\u00fcy\u00fckduman, y\u0131l sonunda konut sat\u0131\u015flar\u0131n\u0131n 1,6 milyonu, toplam gayrimenkul sat\u0131\u015flar\u0131n\u0131n ise 3,1 milyonu ge\u00e7mesinin s\u00fcrpriz olmayaca\u011f\u0131n\u0131 kelamlar\u0131na ekledi.<\/p>\n<p>2020-2025 y\u0131llar\u0131 ocak ay\u0131 gayrimenkul sat\u0131\u015flar\u0131 \u015fu bi\u00e7imde:<\/p>\n<p>Y\u0131l \u00a0 \u00a0Gayrimenkul sat\u0131\u015f adedi<br \/>2025 \u00a0 \u00a0238.938<br \/>2024 \u00a0 \u00a0198.725<br \/>2023 \u00a0 \u00a0235.901<br \/>2022 \u00a0 \u00a0187.997<br \/>2021 \u00a0 \u00a0159.244<br \/>2020 \u00a0 \u00a0209.224<\/p>\n","protected":false},"excerpt":{"rendered":"<p>T\u00fcrkiye&#8217;de gayrimenkul sat\u0131\u015flar\u0131 ge\u00e7en ay y\u0131ll\u0131k bazda y\u00fczde 20,2 artarak 238 bin 938&#8217;e y\u00fckselirken, bu say\u0131 t\u00fcm vakitlerin en y\u00fcksek ocak verisi olarak kay\u0131tlara ge\u00e7ti.<\/p>\n","protected":false},"author":1,"featured_media":39694,"comment_status":"open","ping_status":"open","sticky":false,"template":"","format":"standard","meta":{"footnotes":""},"categories":[24],"tags":[483,5259,2640,769,290],"class_list":["post-39693","post","type-post","status-publish","format-standard","has-post-thumbnail","hentry","category-ekonomi","tag-artis","tag-canli","tag-gayrimenkul","tag-konut","tag-satis"],"_links":{"self":[{"href":"https:\/\/ikimisli.tr\/index.php\/wp-json\/wp\/v2\/posts\/39693","targetHints":{"allow":["GET"]}}],"collection":[{"href":"https:\/\/ikimisli.tr\/index.php\/wp-json\/wp\/v2\/posts"}],"about":[{"href":"https:\/\/ikimisli.tr\/index.php\/wp-json\/wp\/v2\/types\/post"}],"author":[{"embeddable":true,"href":"https:\/\/ikimisli.tr\/index.php\/wp-json\/wp\/v2\/users\/1"}],"replies":[{"embeddable":true,"href":"https:\/\/ikimisli.tr\/index.php\/wp-json\/wp\/v2\/comments?post=39693"}],"version-history":[{"count":1,"href":"https:\/\/ikimisli.tr\/index.php\/wp-json\/wp\/v2\/posts\/39693\/revisions"}],"predecessor-version":[{"id":39695,"href":"https:\/\/ikimisli.tr\/index.php\/wp-json\/wp\/v2\/posts\/39693\/revisions\/39695"}],"wp:featuredmedia":[{"embeddable":true,"href":"https:\/\/ikimisli.tr\/index.php\/wp-json\/wp\/v2\/media\/39694"}],"wp:attachment":[{"href":"https:\/\/ikimisli.tr\/index.php\/wp-json\/wp\/v2\/media?parent=39693"}],"wp:term":[{"taxonomy":"category","embeddable":true,"href":"https:\/\/ikimisli.tr\/index.php\/wp-json\/wp\/v2\/categories?post=39693"},{"taxonomy":"post_tag","embeddable":true,"href":"https:\/\/ikimisli.tr\/index.php\/wp-json\/wp\/v2\/tags?post=39693"}],"curies":[{"name":"wp","href":"https:\/\/api.w.org\/{rel}","templated":true}]}}