{"id":39699,"date":"2025-05-17T21:00:29","date_gmt":"2025-05-17T21:00:29","guid":{"rendered":"https:\/\/ikimisli.tr\/?p=39699"},"modified":"2025-05-17T21:00:29","modified_gmt":"2025-05-17T21:00:29","slug":"istanbulda-kar-alarmi-30-santim-kar-uyarisi-96-saat-boyunca-yagacak","status":"publish","type":"post","link":"https:\/\/ikimisli.tr\/index.php\/2025\/05\/17\/istanbulda-kar-alarmi-30-santim-kar-uyarisi-96-saat-boyunca-yagacak\/","title":{"rendered":"\u0130stanbul&#8217;da kar alarm\u0131: 30 santim kar uyar\u0131s\u0131! 96 saat boyunca ya\u011facak"},"content":{"rendered":"<p>\u00c7evre, \u015eehircilik ve \u0130klim De\u011fi\u015fikli\u011fi Bakanl\u0131\u011f\u0131 Meteoroloji Genel M\u00fcd\u00fcrl\u00fc\u011f\u00fc Hava Varsay\u0131m Uzman\u0131 Abdullah Macit, yapt\u0131\u011f\u0131 a\u00e7\u0131klamada, \u0130stanbul&#8217;da bug\u00fcn havan\u0131n ya\u011fmurlu olaca\u011f\u0131n\u0131, \u00e7ar\u015famba g\u00fcn\u00fc ise karla kar\u0131\u015f\u0131k ya\u011fmur g\u00f6r\u00fclece\u011fini s\u00f6yledi.<\/p>\n<p>Per\u015fembeden itibaren \u0130stanbul&#8217;da kar ya\u011f\u0131\u015f\u0131 beklediklerini belirten Macit, &#8220;Pazartesi g\u00fcn\u00fcne kadar kar ya\u011f\u0131\u015f\u0131n\u0131n aral\u0131kla devam etmesini bekliyoruz. Kar ya\u011f\u0131\u015f\u0131n\u0131n cuma ve cumartesi a\u011f\u0131r olaca\u011f\u0131n\u0131 kestirim ediyoruz.&#8221; dedi.<\/p>\n<p>Macit, ya\u011f\u0131\u015fl\u0131 sistemin Karadeniz \u00fczerinden gelece\u011fini vurgulayarak, &#8220;Yurt genelinde s\u0131cakl\u0131klar\u0131n 8 ila 12 derece d\u00fc\u015fmesini bekliyoruz. \u0130stanbul&#8217;da cumartesiye kadar s\u0131cakl\u0131klar s\u0131f\u0131r ila 2 derece ortas\u0131nda olacak. En d\u00fc\u015f\u00fck s\u0131cakl\u0131\u011f\u0131n ise eksi 1 ile eksi 2&#8217;ye d\u00fc\u015fmesini bekliyoruz. Kar ya\u011f\u0131\u015f\u0131n\u0131n \u0130stanbul&#8217;un Kuzey ve Do\u011fu b\u00f6lgelerinde daha tesirli olaca\u011f\u0131n\u0131 iddia ediyoruz.&#8221; diye konu\u015ftu.<\/p>\n<p><b>&#8220;KAR YA\u011eI\u015eI B\u0130R\u0130NC\u0130 EVVEL ANADOLU YAKASI&#8217;NDA TES\u0130RL\u0130 OLACAK&#8221;<\/b><\/p>\n<p>Kandilli Rasathanesi Meteoroloji Laboratuvar\u0131 Meteoroloji M\u00fchendisi Adil Tek ise ya\u011f\u0131\u015f sisteminin kuzeyden geldi\u011fini kaydetti.<\/p>\n<p>Yeni gelen hava k\u00fctlesinin 10 g\u00fcn evvelki hava k\u00fctlesinden daha so\u011fuk oldu\u011funu belirten Tek, so\u011fuk havan\u0131n daha \u00e7ok \u00e7ar\u015fambadan itibaren hissedilmeye ba\u015flanaca\u011f\u0131n\u0131 tabir etti.<\/p>\n<p>Tek, per\u015fembe g\u00fcn\u00fc kar ya\u011f\u0131\u015f\u0131n\u0131n \u0130stanbul&#8217;a giri\u015f yapaca\u011f\u0131n\u0131 anlatarak, &#8220;Per\u015fembe g\u00fcn\u00fc so\u011fuk k\u00fctlenin en a\u011f\u0131r oldu\u011fu g\u00fcn. Cuma, cumartesi g\u00fcn\u00fc kar ya\u011f\u0131\u015f\u0131 \u0130stanbul&#8217;da tesirli olacak. Pazar g\u00fcn\u00fc tesirini azaltacak ve pazartesi \u0130stanbul&#8217;u terk edecek.&#8221; dedi.<\/p>\n<p>Kar ya\u011f\u0131\u015f\u0131n\u0131n \u0130stanbul&#8217;un her yerinde tesirli olaca\u011f\u0131n\u0131n alt\u0131n\u0131 \u00e7izen Tek, &#8220;Kar ya\u011f\u0131\u015f\u0131 birinci evvel Anadolu Yakas\u0131&#8217;nda tesirli olacak. Cuma g\u00fcn\u00fc \u0130stanbul&#8217;un tamam\u0131 e\u015fit halde kar alacak. Cumay\u0131 cumartesiye ba\u011flayan gece de kar ya\u011f\u0131\u015f\u0131 tesirli olacak.&#8221; s\u00f6zlerini kulland\u0131.<\/p>\n<p>Tek, kar kal\u0131nl\u0131\u011f\u0131n\u0131n \u0130stanbul&#8217;da b\u00f6lgeye nazaran de\u011fi\u015febilece\u011fini vurgulayarak, \u015f\u00f6yle devam etti:<\/p>\n<p>-\u0130stanbul&#8217;da kar kal\u0131nl\u0131\u011f\u0131 5 ila 30 santimetre ortas\u0131nda olacak yerler olabilir. \u00c7aml\u0131ca, Karl\u0131tepe \u00fczere noktalarda kar kal\u0131nl\u0131\u011f\u0131 30 santimetreye \u00e7\u0131kabilir. \u0130stanbul&#8217;un her taraf\u0131nda kar topu oynanacak bir kar kal\u0131nl\u0131\u011f\u0131n\u0131n olmas\u0131n\u0131 bekliyoruz.\u00a0<\/p>\n<p>-Per\u015fembe ve cuma okullar\u0131n tatil olmas\u0131 ihtimali var. Gece s\u0131cakl\u0131klar denize uzak il\u00e7elerde eksi 4&#8217;e kadar d\u00fc\u015febilir. Uzun vakittir bu t\u00fcrl\u00fc bir so\u011fuk hava dalgas\u0131 gelmemi\u015fti. Deniz suyu s\u0131cakl\u0131klar\u0131 da d\u00fc\u015ft\u00fc. Bu durum kar ya\u011f\u0131\u015f\u0131n\u0131n durumunu daha art\u0131rd\u0131. \u0130stanbul&#8217;un her taraf\u0131n\u0131n beyaz olmas\u0131n\u0131 bekliyoruz.<\/p>\n<p><b>&#8220;CUMARTES\u0130 VE PAZAR G\u00dcN\u00dc SO\u011eUK HAVA VE KAR YA\u011eI\u015eI DEVAM EDECEK&#8221;<\/b><\/p>\n<p>\u0130stanbul Ayd\u0131n \u00dcniversitesi \u00d6\u011fretim \u00dcyesi ve Meteoroloji M\u00fchendisi Dr. G\u00fcven \u00d6zdemir de kentin t\u00fcm b\u00f6l\u00fcmlerinde kar ya\u011f\u0131\u015f\u0131 beklendi\u011fini belirtti.<\/p>\n<p>Arktik k\u00f6kenli kuvvetli so\u011fuk havan\u0131n Sibirya takviyeli olarak Orta Karadeniz&#8217;den yay\u0131larak \u00fclke i\u00e7inde tesirli olmas\u0131n\u0131n beklendi\u011fini bildiren \u00d6zdemir, hava s\u0131cakl\u0131\u011f\u0131n\u0131n hissedilir derece d\u00fc\u015fece\u011fini kaydetti.<\/p>\n<p>\u00d6zdemir, \u00e7ar\u015famba \u0130stanbul&#8217;da ya\u011fmurlu havan\u0131n devam edece\u011fini, daha sonra s\u0131cakl\u0131klar\u0131n kar ya\u011fma d\u00fczeylerine d\u00fc\u015febilece\u011fini anlatarak, \u00e7ar\u015famba ak\u015fam\u0131ndan itibaren karla kar\u0131\u015f\u0131k ya\u011f\u0131\u015f\u0131n \u0130stanbul&#8217;da ve Karadeniz&#8217;in k\u0131y\u0131 b\u00f6lgelerinde tesirli olaca\u011f\u0131n\u0131 belirtti.<\/p>\n<p>Per\u015fembe g\u00fcn\u00fc kuvvetli r\u00fczgarla birlikte \u0130stanbul&#8217;da kar ya\u011f\u0131\u015f\u0131 beklediklerini lisana getiren \u00d6zdemir, &#8220;\u0130stanbul&#8217;da cuma g\u00fcn\u00fc de kar ya\u011f\u0131\u015f\u0131 daha da tesirini artt\u0131racak. Cumartesi ve pazar g\u00fcn\u00fc so\u011fuk hava ve kar ya\u011f\u0131\u015f\u0131 devam edecek.&#8221; dedi.<\/p>\n<p>&#8220;Sahil kesitlerinde ortalama 5 ila 10 santimetre kar olabilir&#8221;<br \/>\u00d6zdemir, \u0130stanbul&#8217;da s\u0131cakl\u0131klar\u0131n gece s\u0131f\u0131r\u0131n alt\u0131nda 2, g\u00fcnd\u00fcz 2 derece civar\u0131nda olmas\u0131n\u0131n beklendi\u011fini, pazartesi ya\u011f\u0131\u015f\u0131n tesirini azaltarak Marmara&#8217;n\u0131n do\u011fusuna kayaca\u011f\u0131n\u0131, Karadeniz B\u00f6lgesi&#8217;nin k\u0131y\u0131 ve y\u00fcksek b\u00f6l\u00fcm\u00fcnde kar ya\u011f\u0131\u015f\u0131n\u0131n devam edebilece\u011fini s\u00f6yledi.<\/p>\n<p>S\u0131cakl\u0131klar\u0131n d\u00fc\u015fmesiyle buzlanma ve don olay\u0131n\u0131n ya\u015fanmas\u0131n\u0131 beklediklerini bildiren \u00d6zdemir, \u015funlar\u0131 kaydetti:<\/p>\n<p>-Sahil k\u0131s\u0131mlar\u0131nda ortalama 5 ila 10 santimetre kar olabilir. Y\u00fcksek kesitlerde daha y\u00fcksek olmas\u0131n\u0131 bekliyoruz. Bilhassa kentin kuzey kesitlerinde kar ya\u011f\u0131\u015f\u0131n\u0131n tesirli olaca\u011f\u0131n\u0131 varsay\u0131m ediyoruz.<\/p>\n<p>-Ba\u015fak\u015fehir, Arnavutk\u00f6y, Sar\u0131yer, Beykoz, \u015eile&#8217;nin yan\u0131 s\u0131ra \u00c7aml\u0131ca, Aydos ve Kay\u0131\u015fda\u011f\u0131&#8217;nda kar ya\u011f\u0131\u015f\u0131n\u0131n birikme olay\u0131n\u0131n daha fazla olmas\u0131n\u0131 bekliyoruz. \u0130stanbul&#8217;da kutup k\u00f6kenli kuvvetli so\u011fuk havayla a\u011f\u0131r kar ya\u011f\u0131\u015f\u0131 olacak.<\/p>\n<p>-Sistem bir b\u00fct\u00fcn olarak geliyor Karadeniz \u00fczerinden. Bu sistem arktik so\u011fuk hava k\u00fctlesiyle besleniyor.<\/p>\n<p>-Derin so\u011fuk hava \u0130stanbul&#8217;da tesirli olacak. Bu durumun, devaml\u0131 kar ya\u011f\u0131\u015flar\u0131na, vakit zaman kuvvetli r\u00fczgar tesiri tipiye neden olma ihtimali y\u00fcksek olmakla birlikte, okullar\u0131n tatil edilmesi ve \u00fclkemizin \u00e7e\u015fitli yerlerinde oynanacak ma\u00e7lar\u0131n berbat hava \u015fartlar\u0131 nedeniyle ertelenmesi kelam konusu olabilir.&#8221;<\/p>\n<p><b><span><strong>G\u00fcncel hava durumu iddialar\u0131 \u015fu bi\u00e7imdedir:<\/strong><\/span><\/b><\/p>\n<p><img decoding=\"async\" src=\"https:\/\/ikimisli.tr\/wp-content\/uploads\/2025\/05\/istanbulda-kar-alarmi-30-santim-kar-uyarisi-96-saat-boyunca-yagacak-0-9KU3wNjx.jpg\"\/><\/p>\n<p>\u0130stanbul&#8217;da beklenen a\u011f\u0131r kar ya\u011f\u0131\u015f\u0131 ve so\u011fuk hava nedeniyle vatanda\u015flar\u0131 buzlanma ve don olaylar\u0131na kar\u015f\u0131 dikkatli olmalar\u0131 konusunda uyard\u0131&#8230;<\/p>\n","protected":false},"excerpt":{"rendered":"<p>\u0130stanbul&#8217;da, 20 \u015eubat 2025 Per\u015fembe g\u00fcn\u00fcnden itibaren kutup k\u00f6kenli so\u011fuk hava dalgas\u0131n\u0131n tesiriyle a\u011f\u0131r kar ya\u011f\u0131\u015f\u0131 beklenmektedir. Meteoroloji Genel M\u00fcd\u00fcrl\u00fc\u011f\u00fc&#8217;n\u00fcn varsay\u0131mlar\u0131na nazaran, kar ya\u011f\u0131\u015f\u0131n\u0131n d\u00f6rt g\u00fcn boyunca tesirli olmas\u0131 ve hava s\u0131cakl\u0131klar\u0131n\u0131n s\u0131f\u0131r\u0131n alt\u0131na d\u00fc\u015fmesi \u00f6ng\u00f6r\u00fclmektedir.<\/p>\n","protected":false},"author":1,"featured_media":39700,"comment_status":"open","ping_status":"open","sticky":false,"template":"","format":"standard","meta":{"footnotes":""},"categories":[25],"tags":[5771,3555,3810,379,281],"class_list":["post-39699","post","type-post","status-publish","format-standard","has-post-thumbnail","hentry","category-gundem","tag-cuma","tag-etkili","tag-istanbulda","tag-kar","tag-kar-yagisi"],"_links":{"self":[{"href":"https:\/\/ikimisli.tr\/index.php\/wp-json\/wp\/v2\/posts\/39699","targetHints":{"allow":["GET"]}}],"collection":[{"href":"https:\/\/ikimisli.tr\/index.php\/wp-json\/wp\/v2\/posts"}],"about":[{"href":"https:\/\/ikimisli.tr\/index.php\/wp-json\/wp\/v2\/types\/post"}],"author":[{"embeddable":true,"href":"https:\/\/ikimisli.tr\/index.php\/wp-json\/wp\/v2\/users\/1"}],"replies":[{"embeddable":true,"href":"https:\/\/ikimisli.tr\/index.php\/wp-json\/wp\/v2\/comments?post=39699"}],"version-history":[{"count":1,"href":"https:\/\/ikimisli.tr\/index.php\/wp-json\/wp\/v2\/posts\/39699\/revisions"}],"predecessor-version":[{"id":39702,"href":"https:\/\/ikimisli.tr\/index.php\/wp-json\/wp\/v2\/posts\/39699\/revisions\/39702"}],"wp:featuredmedia":[{"embeddable":true,"href":"https:\/\/ikimisli.tr\/index.php\/wp-json\/wp\/v2\/media\/39700"}],"wp:attachment":[{"href":"https:\/\/ikimisli.tr\/index.php\/wp-json\/wp\/v2\/media?parent=39699"}],"wp:term":[{"taxonomy":"category","embeddable":true,"href":"https:\/\/ikimisli.tr\/index.php\/wp-json\/wp\/v2\/categories?post=39699"},{"taxonomy":"post_tag","embeddable":true,"href":"https:\/\/ikimisli.tr\/index.php\/wp-json\/wp\/v2\/tags?post=39699"}],"curies":[{"name":"wp","href":"https:\/\/api.w.org\/{rel}","templated":true}]}}