{"id":39776,"date":"2025-05-18T01:36:16","date_gmt":"2025-05-18T01:36:16","guid":{"rendered":"https:\/\/ikimisli.tr\/?p=39776"},"modified":"2025-05-18T01:36:16","modified_gmt":"2025-05-18T01:36:16","slug":"seyyar-tayyar-karakteri-ile-unlenen-emin-gumuskaya-vefat-etti","status":"publish","type":"post","link":"https:\/\/ikimisli.tr\/index.php\/2025\/05\/18\/seyyar-tayyar-karakteri-ile-unlenen-emin-gumuskaya-vefat-etti\/","title":{"rendered":"&#8216;Seyyar Tayyar&#8217; karakteri ile \u00fcnlenen Emin G\u00fcm\u00fc\u015fkaya vefat etti"},"content":{"rendered":"<p>Dizi ve tiyatrolarda canland\u0131rd\u0131\u011f\u0131 karakterler ile \u00fcnlenen usta oyuncu Muhammed Emin G\u00fcm\u00fc\u015fkaya, hayat\u0131n\u0131 kaybetti. <\/p>\n<p>G\u00fcm\u00fc\u015fkaya&#8217;n\u0131n vefat haberini, oyuncu Zafer Alg\u00f6z toplumsal medya hesab\u0131ndan duyururken, 77 ya\u015f\u0131ndaki oyuncunun vefat\u0131na neden olan duruma ait bir bilgi payla\u015f\u0131lmad\u0131. <\/p>\n<p>Alag\u00f6z, yapt\u0131\u011f\u0131 payla\u015f\u0131mda &#8220;Emin G\u00fcm\u00fc\u015fkaya a\u011fabeyimizi kaybettik maalesef\u2026Hayat\u0131m\u0131zda daima yeri olan meslek b\u00fcy\u00fc\u011f\u00fcm\u00fczd\u00fc\u2026Allah rahmet eylesin, ba\u015f\u0131m\u0131z sa\u011folsun&#8221; s\u00f6zlerine yer verdi. <\/p>\n<p><img decoding=\"async\" src=\"https:\/\/ikimisli.tr\/wp-content\/uploads\/2025\/05\/seyyar-tayyar-karakteri-ile-unlenen-emin-gumuskaya-vefat-etti-0-cYJPpZta.jpg\"\/><\/p>\n<p><strong>&#8216;SEYYAR TAYYAR&#8217; ROL\u00dcYLE TANINMI\u015eTI<\/strong><\/p>\n<p>\u00dcnl\u00fc oyuncu, onlarca y\u0131ld\u0131r bir\u00e7ok projede yer alarak tan\u0131nan bir sima haline gelse de, T\u00fcrkiye&#8217;de kendisini en fazla tan\u0131tan rol \u00c7ocuklar Duymas\u0131n dizisinde canland\u0131rd\u0131\u011f\u0131 Seyyar Tayyar karakteri olmu\u015ftu. <\/p>\n<p>\u00d6l\u00fcm nedenine ait a\u00e7\u0131klama yap\u0131lmayan G\u00fcm\u00fc\u015fkaya&#8217;n\u0131n 2018 y\u0131l\u0131nda KOAF ata\u011f\u0131 ku\u015fkusuyla hastaneye kald\u0131r\u0131ld\u0131\u011f\u0131 biliniyor. <\/p>\n<p><strong>MUHAMMED EM\u0130N G\u00dcM\u00dc\u015eKAYA K\u0130MD\u0130R?<\/strong><\/p>\n<p>10 Ocak 1948&#8217;de \u0130stanbul\u2019da do\u011fdu. Devlet Konservatuvar\u0131 Tiyatro k\u0131sm\u0131ndan mezun oldu. Tiyatroya 1964&#8217;te Bursa Halkevi\u2019nin Oda Tiyatrosu\u2019nda, Orhan Asena\u2018n\u0131n &#8216;Kap\u0131lar&#8217; isimli oyununda &#8216;Topal&#8217; rol\u00fcyle ba\u015flad\u0131. William Shakespeare taraf\u0131ndan yaz\u0131lan &#8216;H\u0131r\u00e7\u0131n K\u0131z&#8217; isimli tiyatro oyunuyla 1972&#8217;de Bursa Ahmet Vefik Pa\u015fa Devlet Tiyatrosu&#8217;na ge\u00e7ti. Daha sonra pek \u00e7ok oyunda rol ald\u0131 ve direkt\u00f6rl\u00fck de yapt\u0131.<\/p>\n<p><img decoding=\"async\" src=\"https:\/\/ikimisli.tr\/wp-content\/uploads\/2025\/05\/seyyar-tayyar-karakteri-ile-unlenen-emin-gumuskaya-vefat-etti-1-RyJlMMkG.webp\"\/><\/p>\n<p>1996 &#8211; 1998 ve 1999 &#8211; 2001 y\u0131llar\u0131nda Bursa Ahmet Vefik Pa\u015fa Devlet Tiyatrosu M\u00fcd\u00fcr\u00fc olarak g\u00f6rev yapt\u0131. 2002&#8217;de Devlet Tiyatrolar\u0131&#8217;ndan emekli oldu. <\/p>\n<div>\n<div class=\"page-break w-full it-item it-active\" data-it=\"{\" index\":3,\"id\":0,\"tracker\":[{\"type\":\"history\",\"parameter\":\"page\",\"url\":3},{\"type\":\"google\"},{\"type\":\"gemius\",\"variable\":\"gemiusid\",\"id\":\"\"}]}\">\n<p>Emin G\u00fcm\u00fc\u015fkaya, &#8216;\u00c7ocuk Duymas\u0131n&#8217;da canland\u0131rd\u0131\u011f\u0131 &#8216;Seyyar Tayyar&#8217; rol\u00fcyle geni\u015f \u00e7evrelerce tan\u0131nd\u0131. Oyuncu ayr\u0131yeten; &#8216;Arka S\u0131radakiler&#8217;, &#8216;En Son Babalar Duyar&#8217;, &#8216;Tatl\u0131 Hayat&#8217;, &#8216;Ko\u00e7um Benim&#8217;, &#8216;B\u00fcy\u00fck Bulu\u015fma&#8217;, &#8216;Yalanc\u0131 Romantik&#8217;, &#8216;Uygun Ad\u0131m A\u015fk&#8217;, &#8216;Seksenler, &#8216;H\u0131\u00e7k\u0131r\u0131k&#8217; ve &#8216;Ye\u015fil Deniz&#8217; \u00fczere dizilerde de rol alm\u0131\u015ft\u0131.<\/p>\n<\/p><\/div>\n","protected":false},"excerpt":{"rendered":"<p>\u00c7ocuklar Duymas\u0131n dizisinde canland\u0131rd\u0131\u011f\u0131 &#8216;Seyyar Tayyar&#8217; karakteri ile tan\u0131nan 77 ya\u015f\u0131ndaki oyuncu Muhammed Emin G\u00fcm\u00fc\u015fkaya, hayat\u0131n\u0131 kaybetti.<\/p>\n","protected":false},"author":1,"featured_media":39777,"comment_status":"open","ping_status":"open","sticky":false,"template":"","format":"standard","meta":{"footnotes":""},"categories":[25],"tags":[6133,319,6132,1279],"class_list":["post-39776","post","type-post","status-publish","format-standard","has-post-thumbnail","hentry","category-gundem","tag-gumuskaya","tag-oyuncu","tag-rol","tag-tiyatro"],"_links":{"self":[{"href":"https:\/\/ikimisli.tr\/index.php\/wp-json\/wp\/v2\/posts\/39776","targetHints":{"allow":["GET"]}}],"collection":[{"href":"https:\/\/ikimisli.tr\/index.php\/wp-json\/wp\/v2\/posts"}],"about":[{"href":"https:\/\/ikimisli.tr\/index.php\/wp-json\/wp\/v2\/types\/post"}],"author":[{"embeddable":true,"href":"https:\/\/ikimisli.tr\/index.php\/wp-json\/wp\/v2\/users\/1"}],"replies":[{"embeddable":true,"href":"https:\/\/ikimisli.tr\/index.php\/wp-json\/wp\/v2\/comments?post=39776"}],"version-history":[{"count":1,"href":"https:\/\/ikimisli.tr\/index.php\/wp-json\/wp\/v2\/posts\/39776\/revisions"}],"predecessor-version":[{"id":39780,"href":"https:\/\/ikimisli.tr\/index.php\/wp-json\/wp\/v2\/posts\/39776\/revisions\/39780"}],"wp:featuredmedia":[{"embeddable":true,"href":"https:\/\/ikimisli.tr\/index.php\/wp-json\/wp\/v2\/media\/39777"}],"wp:attachment":[{"href":"https:\/\/ikimisli.tr\/index.php\/wp-json\/wp\/v2\/media?parent=39776"}],"wp:term":[{"taxonomy":"category","embeddable":true,"href":"https:\/\/ikimisli.tr\/index.php\/wp-json\/wp\/v2\/categories?post=39776"},{"taxonomy":"post_tag","embeddable":true,"href":"https:\/\/ikimisli.tr\/index.php\/wp-json\/wp\/v2\/tags?post=39776"}],"curies":[{"name":"wp","href":"https:\/\/api.w.org\/{rel}","templated":true}]}}